{"id":20201,"date":"2018-09-20T10:49:59","date_gmt":"2018-09-20T16:49:59","guid":{"rendered":"http:\/\/www.inces.gob.ve\/?p=20201"},"modified":"2020-05-28T20:31:20","modified_gmt":"2020-05-29T00:31:20","slug":"angel-centro-de-formacion-socialista-agricola-atapaima-a-punto-de-una-tacita-de-plata","status":"publish","type":"post","link":"https:\/\/inces.gob.ve\/index.php\/2018\/09\/20\/angel-centro-de-formacion-socialista-agricola-atapaima-a-punto-de-una-tacita-de-plata\/","title":{"rendered":"Angel: Centro de Formaci\u00f3n Socialista Agr\u00edcola Atapaima a punto y como una tacita de plata"},"content":{"rendered":"<p class=\"western\" align=\"justify\"><em><strong>** El presidente del Inces visit\u00f3, entre otras, 20 hect\u00e1reas pertenecientes a un sembrad\u00edo de ma\u00edz amarillo y blanco<\/strong><\/em><br \/>\n<!--more--><\/p>\n<p class=\"western\" align=\"justify\"><b>CRUZ MARIO SILVA | Portuguesa<\/b><\/p>\n<p class=\"western\" align=\"justify\">En un recorrido que hizo el presidente del Inces Wuikelman Angel Paredes, por el Centro de Formaci\u00f3n Socialista Agr\u00edcola Atapaima, del Inces Portuguesa, ubicado en el municipio Agua Blanca, constat\u00f3 el trabajo de remoci\u00f3n y recuperaci\u00f3n de las instalaciones que ten\u00edan m\u00e1s de un a\u00f1o sin recibir atenci\u00f3n.<\/p>\n<p class=\"western\" align=\"justify\"><img loading=\"lazy\" decoding=\"async\" class=\"aligncenter wp-image-20203 size-large\" src=\"http:\/\/www.inces.gob.ve\/wp-content\/uploads\/2018\/09\/WhatsApp-Image-2018-09-20-at-12.39.24-1024x767.jpeg\" alt=\"\" width=\"640\" height=\"479\" srcset=\"https:\/\/inces.gob.ve\/wp-content\/uploads\/2018\/09\/WhatsApp-Image-2018-09-20-at-12.39.24-1024x767.jpeg 1024w, https:\/\/inces.gob.ve\/wp-content\/uploads\/2018\/09\/WhatsApp-Image-2018-09-20-at-12.39.24-300x225.jpeg 300w, https:\/\/inces.gob.ve\/wp-content\/uploads\/2018\/09\/WhatsApp-Image-2018-09-20-at-12.39.24-768x575.jpeg 768w, https:\/\/inces.gob.ve\/wp-content\/uploads\/2018\/09\/WhatsApp-Image-2018-09-20-at-12.39.24-136x102.jpeg 136w, https:\/\/inces.gob.ve\/wp-content\/uploads\/2018\/09\/WhatsApp-Image-2018-09-20-at-12.39.24.jpeg 1080w\" sizes=\"auto, (max-width: 640px) 100vw, 640px\" \/><\/p>\n<p class=\"western\" align=\"justify\">El recorrido comenz\u00f3 por Casa Grande, \u00e1rea con la cual cuentan autoridades y otros para descansar y\/ o trabajar en horas fuera de oficina y prosiguiendo por las 4 piscinas en la que se siembran y cosechan tilapias y cachamas, peces de muy preciada carne blanca.<\/p>\n<p align=\"justify\"><img loading=\"lazy\" decoding=\"async\" class=\"aligncenter wp-image-20205 size-large\" src=\"http:\/\/www.inces.gob.ve\/wp-content\/uploads\/2018\/09\/WhatsApp-Image-2018-09-20-at-12.38.55-1024x767.jpeg\" alt=\"\" width=\"640\" height=\"479\" srcset=\"https:\/\/inces.gob.ve\/wp-content\/uploads\/2018\/09\/WhatsApp-Image-2018-09-20-at-12.38.55-1024x767.jpeg 1024w, https:\/\/inces.gob.ve\/wp-content\/uploads\/2018\/09\/WhatsApp-Image-2018-09-20-at-12.38.55-300x225.jpeg 300w, https:\/\/inces.gob.ve\/wp-content\/uploads\/2018\/09\/WhatsApp-Image-2018-09-20-at-12.38.55-768x575.jpeg 768w, https:\/\/inces.gob.ve\/wp-content\/uploads\/2018\/09\/WhatsApp-Image-2018-09-20-at-12.38.55-136x102.jpeg 136w, https:\/\/inces.gob.ve\/wp-content\/uploads\/2018\/09\/WhatsApp-Image-2018-09-20-at-12.38.55.jpeg 1080w\" sizes=\"auto, (max-width: 640px) 100vw, 640px\" \/><\/p>\n<p class=\"western\" align=\"justify\">Igualmente, el Angel visit\u00f3 el sembrad\u00edo de ma\u00edz amarillo y ma\u00edz blanco, 20 hect\u00e1reas en total, que se lograron tras la firma de la alianza estrat\u00e9gica con la Asociaci\u00f3n de Campesinos Productores de Araure, Acapron.<\/p>\n<p align=\"justify\"><img loading=\"lazy\" decoding=\"async\" class=\"aligncenter wp-image-20204 size-large\" src=\"http:\/\/www.inces.gob.ve\/wp-content\/uploads\/2018\/09\/WhatsApp-Image-2018-09-20-at-12.39.11-1024x767.jpeg\" alt=\"\" width=\"640\" height=\"479\" srcset=\"https:\/\/inces.gob.ve\/wp-content\/uploads\/2018\/09\/WhatsApp-Image-2018-09-20-at-12.39.11-1024x767.jpeg 1024w, https:\/\/inces.gob.ve\/wp-content\/uploads\/2018\/09\/WhatsApp-Image-2018-09-20-at-12.39.11-300x225.jpeg 300w, https:\/\/inces.gob.ve\/wp-content\/uploads\/2018\/09\/WhatsApp-Image-2018-09-20-at-12.39.11-768x575.jpeg 768w, https:\/\/inces.gob.ve\/wp-content\/uploads\/2018\/09\/WhatsApp-Image-2018-09-20-at-12.39.11-136x102.jpeg 136w, https:\/\/inces.gob.ve\/wp-content\/uploads\/2018\/09\/WhatsApp-Image-2018-09-20-at-12.39.11.jpeg 1080w\" sizes=\"auto, (max-width: 640px) 100vw, 640px\" \/><\/p>\n<p class=\"western\" align=\"justify\">En la preparaci\u00f3n del terreno y todo lo concerniente al cultivo, participaron trabajadores Inces, as\u00ed como la gerencia regional a cargo de Aracelis Bello. \u201cMuy bien por el rescate de Casa Grande, ya que como se sabe, el CFS Atapima es un centro referencia nacional en la que los participantes venidos de otros estados de Venezuela se hospedaban y como los cursos agr\u00edcolas se extend\u00edan por m\u00e1s de seis meses, pues hay que tener activos dormitorios, ba\u00f1os y estacionamientos; es decir el centro est\u00e1 a punto de una tacita de plata\u201d.<\/p>\n<p align=\"justify\"><img loading=\"lazy\" decoding=\"async\" class=\"aligncenter wp-image-20202 size-large\" src=\"http:\/\/www.inces.gob.ve\/wp-content\/uploads\/2018\/09\/WhatsApp-Image-2018-09-20-at-12.39.53-1024x767.jpeg\" alt=\"\" width=\"640\" height=\"479\" srcset=\"https:\/\/inces.gob.ve\/wp-content\/uploads\/2018\/09\/WhatsApp-Image-2018-09-20-at-12.39.53-1024x767.jpeg 1024w, https:\/\/inces.gob.ve\/wp-content\/uploads\/2018\/09\/WhatsApp-Image-2018-09-20-at-12.39.53-300x225.jpeg 300w, https:\/\/inces.gob.ve\/wp-content\/uploads\/2018\/09\/WhatsApp-Image-2018-09-20-at-12.39.53-768x575.jpeg 768w, https:\/\/inces.gob.ve\/wp-content\/uploads\/2018\/09\/WhatsApp-Image-2018-09-20-at-12.39.53-136x102.jpeg 136w, https:\/\/inces.gob.ve\/wp-content\/uploads\/2018\/09\/WhatsApp-Image-2018-09-20-at-12.39.53.jpeg 1080w\" sizes=\"auto, (max-width: 640px) 100vw, 640px\" \/><\/p>\n","protected":false},"excerpt":{"rendered":"<p>** El presidente del Inces visit\u00f3, entre otras, 20 hect\u00e1reas pertenecientes a un sembrad\u00edo de ma\u00edz amarillo y blanco<\/p>\n","protected":false},"author":15,"featured_media":20206,"comment_status":"closed","ping_status":"open","sticky":false,"template":"","format":"standard","meta":{"footnotes":""},"categories":[2],"tags":[],"class_list":["post-20201","post","type-post","status-publish","format-standard","has-post-thumbnail","hentry","category-blog"],"_links":{"self":[{"href":"https:\/\/inces.gob.ve\/index.php\/wp-json\/wp\/v2\/posts\/20201","targetHints":{"allow":["GET"]}}],"collection":[{"href":"https:\/\/inces.gob.ve\/index.php\/wp-json\/wp\/v2\/posts"}],"about":[{"href":"https:\/\/inces.gob.ve\/index.php\/wp-json\/wp\/v2\/types\/post"}],"author":[{"embeddable":true,"href":"https:\/\/inces.gob.ve\/index.php\/wp-json\/wp\/v2\/users\/15"}],"replies":[{"embeddable":true,"href":"https:\/\/inces.gob.ve\/index.php\/wp-json\/wp\/v2\/comments?post=20201"}],"version-history":[{"count":2,"href":"https:\/\/inces.gob.ve\/index.php\/wp-json\/wp\/v2\/posts\/20201\/revisions"}],"predecessor-version":[{"id":20208,"href":"https:\/\/inces.gob.ve\/index.php\/wp-json\/wp\/v2\/posts\/20201\/revisions\/20208"}],"wp:featuredmedia":[{"embeddable":true,"href":"https:\/\/inces.gob.ve\/index.php\/wp-json\/wp\/v2\/media\/20206"}],"wp:attachment":[{"href":"https:\/\/inces.gob.ve\/index.php\/wp-json\/wp\/v2\/media?parent=20201"}],"wp:term":[{"taxonomy":"category","embeddable":true,"href":"https:\/\/inces.gob.ve\/index.php\/wp-json\/wp\/v2\/categories?post=20201"},{"taxonomy":"post_tag","embeddable":true,"href":"https:\/\/inces.gob.ve\/index.php\/wp-json\/wp\/v2\/tags?post=20201"}],"curies":[{"name":"wp","href":"https:\/\/api.w.org\/{rel}","templated":true}]}}