{"id":20209,"date":"2018-09-21T08:17:37","date_gmt":"2018-09-21T14:17:37","guid":{"rendered":"http:\/\/www.inces.gob.ve\/?p=20209"},"modified":"2020-05-28T20:31:20","modified_gmt":"2020-05-29T00:31:20","slug":"ponentes-presentaron-temas-de-trata-de-personas-y-derechos-humanos-en-el-auditorio","status":"publish","type":"post","link":"https:\/\/inces.gob.ve\/index.php\/2018\/09\/21\/ponentes-presentaron-temas-de-trata-de-personas-y-derechos-humanos-en-el-auditorio\/","title":{"rendered":"Ponentes presentaron temas de trata de personas y derechos humanos en el auditorio"},"content":{"rendered":"<p align=\"justify\"><i><b>** Las ponentes insistieron en el uso atento y responsable de las redes sociales para no caer en la trampa de la trata de personas, tercer delito en el mundo en acumulaci\u00f3n de dividendos econ\u00f3micos, seg\u00fan datos de organizaciones y especialistas <\/b><\/i><!--more--><\/p>\n<p align=\"justify\"><b>FREDDY MART\u00cdNEZ | Sede<\/b><\/p>\n<p align=\"justify\">\n<p align=\"justify\">Un atento grupo de participantes integrado por j\u00f3venes del centro de formaci\u00f3n socialista (CFS) Jorge Rodr\u00edguez, IGT de Catia, Instituto Johannes Kleper, y Cevac, escuch\u00f3 las ponencias presentadas en un foro denominado \u201cTrata de personas y derechos humanos\u201d expuestas por Carmen Gonz\u00e1lez, directora de Prevenci\u00f3n de la Oficina Nacional contra la Delincuencia Organizada y Financiamiento al Terrorismo y Doralbis De La Rosa, Oficial asistente de protecci\u00f3n alto comisionado de las Naciones Unidas para los Refugiados (Acnur).<\/p>\n<p align=\"justify\">\n<p align=\"justify\">El evento, presentado por Edwar Ferraza, de la Defensor\u00eda del Pueblo y Wiamney Gelvez, gerente de tributos del Inces, estuvo organizado por Mujer Productiva Inces, en el marco del D\u00eda Internacional contra la explotaci\u00f3n sexual y trata de ni\u00f1os adolescentes y mujeres; jornada mundial instaurada por Naciones Unidas para combatir y sensibilizar a la poblaci\u00f3n contra los delitos del tr\u00e1fico de personas adem\u00e1s de alertar a los j\u00f3venes para que no sean v\u00edctimas de estas redes delictivas.<\/p>\n<p align=\"justify\">\n<p align=\"justify\"><img loading=\"lazy\" decoding=\"async\" class=\"aligncenter wp-image-20211 size-large\" src=\"http:\/\/www.inces.gob.ve\/wp-content\/uploads\/2018\/09\/20092018-TALLER-TRATA-DE-PERSONAS-JR-23-1024x683.jpg\" alt=\"\" width=\"640\" height=\"427\" srcset=\"https:\/\/inces.gob.ve\/wp-content\/uploads\/2018\/09\/20092018-TALLER-TRATA-DE-PERSONAS-JR-23-1024x683.jpg 1024w, https:\/\/inces.gob.ve\/wp-content\/uploads\/2018\/09\/20092018-TALLER-TRATA-DE-PERSONAS-JR-23-300x200.jpg 300w, https:\/\/inces.gob.ve\/wp-content\/uploads\/2018\/09\/20092018-TALLER-TRATA-DE-PERSONAS-JR-23-768x512.jpg 768w\" sizes=\"auto, (max-width: 640px) 100vw, 640px\" \/><\/p>\n<p align=\"justify\">\n<p align=\"justify\">\n<p align=\"justify\">La doctora Carmen Gonz\u00e1lez, especialista en los temas de trata de personas y derechos humanos coment\u00f3 que cuando se habla de trata de personas muchos no saben qu\u00e9 es, ya que se trata de un delito que no se percibe a simple vista, sin embargo, la ponente alert\u00f3 sobre una actividad que es la tercera en el mundo en generaci\u00f3n de dividendos econ\u00f3micos, despu\u00e9s del tr\u00e1fico de armas y del tr\u00e1fico de drogas.<\/p>\n<p align=\"justify\">\n<p align=\"justify\">Argument\u00f3 Gonz\u00e1lez que la relaci\u00f3n entre derechos humanos y la trata de personas consiste en que, quien es v\u00edctima de este delito, tiene anulado sus derechos por quien controla su vida; en esta situaci\u00f3n el tratante de personas dirige la vida de su v\u00edctima.<\/p>\n<p align=\"justify\">\n<p align=\"justify\">La ponente ampli\u00f3 el tema se\u00f1alando que lo importante es saber qu\u00e9 son los derechos humanos \u201cporque nadie puede quitarnos estos derechos que son \u00fanicos y pertenecen al \u00e1mbito de cada persona\u201d; \u00bfy cu\u00e1les son estos derechos? -pregunt\u00f3- \u201cel derecho a la vida, el derecho de transitar y a desplazarnos libremente\u201d.<\/p>\n<p align=\"justify\">\n<img loading=\"lazy\" decoding=\"async\" class=\"aligncenter wp-image-20213 size-large\" src=\"http:\/\/www.inces.gob.ve\/wp-content\/uploads\/2018\/09\/20092018-TALLER-TRATA-DE-PERSONAS-JR-39-1024x683.jpg\" alt=\"\" width=\"640\" height=\"427\" srcset=\"https:\/\/inces.gob.ve\/wp-content\/uploads\/2018\/09\/20092018-TALLER-TRATA-DE-PERSONAS-JR-39-1024x683.jpg 1024w, https:\/\/inces.gob.ve\/wp-content\/uploads\/2018\/09\/20092018-TALLER-TRATA-DE-PERSONAS-JR-39-300x200.jpg 300w, https:\/\/inces.gob.ve\/wp-content\/uploads\/2018\/09\/20092018-TALLER-TRATA-DE-PERSONAS-JR-39-768x512.jpg 768w\" sizes=\"auto, (max-width: 640px) 100vw, 640px\" \/><\/p>\n<p align=\"justify\">\n<p align=\"justify\">\u201cLa trata de personas como delito es un fen\u00f3meno complejo, ya que est\u00e1 en constante mutaci\u00f3n, circunstancias propias del crimen organizado. La trata es una de las peores formas de violencia ya que considera a la persona como una mercanc\u00eda que anula los derechos humanos, una mercanc\u00eda para la explotaci\u00f3n sexual, para el tr\u00e1fico de personas, delito asociado al secuestro, a la explotaci\u00f3n de \u00f3rganos\u201d, consider\u00f3 la especialista.<\/p>\n<p align=\"justify\">\n<p align=\"justify\">Gonz\u00e1lez advirti\u00f3 sobre el manejo de las redes sociales, porque es mayormente desde ese espacio donde las redes del delito captan a sus v\u00edctimas. \u201cHay que tener cuidado con las redes sociales porque estos grupos delictivos siempre est\u00e1n cambiando sus modus operandi\u201d.<\/p>\n<p align=\"justify\">\n<p align=\"justify\"><b>Trata y protecci\u00f3n internacional de refugiados<\/b><\/p>\n<p align=\"justify\">\n<p align=\"justify\">Por su parte, la doctora Doralbis De La Rosa present\u00f3 la ponencia La trata y la protecci\u00f3n internacional de los refugiados, y de entrada aclar\u00f3 que en Venezuela todav\u00eda se asocia este tema a personas que est\u00e1n en refugios temporales, y no es as\u00ed, el refugiado es una persona que por causas de guerras, conflictos armados, persecuci\u00f3n por razones de etnia, religi\u00f3n, pol\u00edticas o nacionalidad, entre otras causas, huye de su pa\u00eds de origen en b\u00fasqueda de protecci\u00f3n en el pa\u00eds receptor.<\/p>\n<p align=\"justify\">\n<p align=\"justify\">De La Rosa precis\u00f3 que el asunto de los refugiados se relaciona con los derechos humanos, \u201cporque son personas que huyen de una situaci\u00f3n extrema para salvar su elemental derecho a la vida\u201d.<\/p>\n<p align=\"justify\">\n<p align=\"justify\"><img loading=\"lazy\" decoding=\"async\" class=\"aligncenter wp-image-20214 size-large\" src=\"http:\/\/www.inces.gob.ve\/wp-content\/uploads\/2018\/09\/20092018-TALLER-TRATA-DE-PERSONAS-JR-44-1024x683.jpg\" alt=\"\" width=\"640\" height=\"427\" srcset=\"https:\/\/inces.gob.ve\/wp-content\/uploads\/2018\/09\/20092018-TALLER-TRATA-DE-PERSONAS-JR-44-1024x683.jpg 1024w, https:\/\/inces.gob.ve\/wp-content\/uploads\/2018\/09\/20092018-TALLER-TRATA-DE-PERSONAS-JR-44-300x200.jpg 300w, https:\/\/inces.gob.ve\/wp-content\/uploads\/2018\/09\/20092018-TALLER-TRATA-DE-PERSONAS-JR-44-768x512.jpg 768w\" sizes=\"auto, (max-width: 640px) 100vw, 640px\" \/>\n<\/p>\n<p align=\"justify\">\n<p align=\"justify\">La funcionaria de NU inform\u00f3 que en ese sentido, la Acnur (Agencia de la ONU para los Refugiados) presta atenci\u00f3n a los Estados, atiende solicitudes de los pa\u00edses cuando los casos lo ameriten, por ejemplo, esta agencia fue llamada por el Estado venezolano en los a\u00f1os noventa para atender a ciudadanos colombianos que hu\u00edan del conflicto armado.<\/p>\n<p align=\"justify\">\n<p align=\"justify\">\u201cLa Acnur hace un trabajo de complemento con las instituciones que abordan este delito y se involucra para dar respuestas internacionales con la intenci\u00f3n de proteger a las v\u00edctimas de este delito\u201d, detall\u00f3 De La Rosa.<\/p>\n<p align=\"justify\">\n<p align=\"justify\"><img loading=\"lazy\" decoding=\"async\" class=\"aligncenter wp-image-20210 size-large\" src=\"http:\/\/www.inces.gob.ve\/wp-content\/uploads\/2018\/09\/20092018-TALLER-TRATA-DE-PERSONAS-JR-10-1024x683.jpg\" alt=\"\" width=\"640\" height=\"427\" srcset=\"https:\/\/inces.gob.ve\/wp-content\/uploads\/2018\/09\/20092018-TALLER-TRATA-DE-PERSONAS-JR-10-1024x683.jpg 1024w, https:\/\/inces.gob.ve\/wp-content\/uploads\/2018\/09\/20092018-TALLER-TRATA-DE-PERSONAS-JR-10-300x200.jpg 300w, https:\/\/inces.gob.ve\/wp-content\/uploads\/2018\/09\/20092018-TALLER-TRATA-DE-PERSONAS-JR-10-768x512.jpg 768w\" sizes=\"auto, (max-width: 640px) 100vw, 640px\" \/>\n<\/p>\n<p align=\"justify\">Entre tanto la ponente Yonay Alejandra Cartaya, profesional IV de la Defensor\u00eda del Pueblo, cerr\u00f3 el ciclo de ponencias con el tema: \u201cNi se compran ni se venden: prevenci\u00f3n de la explotaci\u00f3n sexual del ni\u00f1o, ni\u00f1a y adolescentes\u201d.<\/p>\n<p align=\"justify\">\n<p align=\"justify\">\n<p align=\"justify\">\n<p align=\"justify\">\n<p align=\"justify\">\n<p align=\"justify\">\n<p align=\"justify\">\n<p align=\"justify\">\n<p align=\"justify\">\n","protected":false},"excerpt":{"rendered":"<p>** Las ponentes insistieron en el uso atento y responsable de las redes sociales para no caer en la trampa de la trata de personas, tercer delito en el mundo en acumulaci\u00f3n de dividendos econ\u00f3micos, seg\u00fan datos de organizaciones y especialistas<\/p>\n","protected":false},"author":4,"featured_media":20212,"comment_status":"closed","ping_status":"open","sticky":false,"template":"","format":"standard","meta":{"footnotes":""},"categories":[2],"tags":[],"class_list":["post-20209","post","type-post","status-publish","format-standard","has-post-thumbnail","hentry","category-blog"],"_links":{"self":[{"href":"https:\/\/inces.gob.ve\/index.php\/wp-json\/wp\/v2\/posts\/20209","targetHints":{"allow":["GET"]}}],"collection":[{"href":"https:\/\/inces.gob.ve\/index.php\/wp-json\/wp\/v2\/posts"}],"about":[{"href":"https:\/\/inces.gob.ve\/index.php\/wp-json\/wp\/v2\/types\/post"}],"author":[{"embeddable":true,"href":"https:\/\/inces.gob.ve\/index.php\/wp-json\/wp\/v2\/users\/4"}],"replies":[{"embeddable":true,"href":"https:\/\/inces.gob.ve\/index.php\/wp-json\/wp\/v2\/comments?post=20209"}],"version-history":[{"count":1,"href":"https:\/\/inces.gob.ve\/index.php\/wp-json\/wp\/v2\/posts\/20209\/revisions"}],"predecessor-version":[{"id":20215,"href":"https:\/\/inces.gob.ve\/index.php\/wp-json\/wp\/v2\/posts\/20209\/revisions\/20215"}],"wp:featuredmedia":[{"embeddable":true,"href":"https:\/\/inces.gob.ve\/index.php\/wp-json\/wp\/v2\/media\/20212"}],"wp:attachment":[{"href":"https:\/\/inces.gob.ve\/index.php\/wp-json\/wp\/v2\/media?parent=20209"}],"wp:term":[{"taxonomy":"category","embeddable":true,"href":"https:\/\/inces.gob.ve\/index.php\/wp-json\/wp\/v2\/categories?post=20209"},{"taxonomy":"post_tag","embeddable":true,"href":"https:\/\/inces.gob.ve\/index.php\/wp-json\/wp\/v2\/tags?post=20209"}],"curies":[{"name":"wp","href":"https:\/\/api.w.org\/{rel}","templated":true}]}}