{"id":20216,"date":"2018-09-21T09:42:30","date_gmt":"2018-09-21T15:42:30","guid":{"rendered":"http:\/\/www.inces.gob.ve\/?p=20216"},"modified":"2020-05-28T20:33:27","modified_gmt":"2020-05-29T00:33:27","slug":"20-venezolanos-acreditaron-sus-saberes-como-guia-de-turismo","status":"publish","type":"post","link":"https:\/\/inces.gob.ve\/index.php\/2018\/09\/21\/20-venezolanos-acreditaron-sus-saberes-como-guia-de-turismo\/","title":{"rendered":"20 venezolanos acreditaron sus saberes como Gu\u00eda de Turismo"},"content":{"rendered":"<p align=\"justify\"><i><b>** Este grupo est\u00e1 conformado por trabajadores de agencias de viajes y emprendedores e innovadores en esta \u00e1rea<\/b><\/i><!--more--><\/p>\n<p align=\"justify\"><b>YUDITH CASTRO | Zulia<\/b><\/p>\n<p align=\"justify\">\n<p align=\"justify\">Un total de 20 venezolanos acreditaron sus saberes como Gu\u00edas de Turismo, gracias al convenio suscrito entre el Instituto Nacional de Capacitaci\u00f3n y Educaci\u00f3n Socialista (Inces) y el Instituto Nacional del Turismo (Inatur). Esta actividad se realiz\u00f3 en la sede administrativa del Inces ubicada en Maracaibo.<\/p>\n<p align=\"justify\">\n<p align=\"justify\">Para acreditar sus saberes, estos j\u00f3venes participaron en un conversatorio mediante el cual expresaron, de forma oral, los conocimientos que poseen en el \u00e1rea de turismo, posteriormente realizaron pr\u00e1cticas como senderismo, campismo y guiatura, en el casco central de Maracaibo, entre otras, en las cuales demostraron las habilidades y destrezas que poseen.<\/p>\n<p align=\"justify\">\n<img loading=\"lazy\" decoding=\"async\" class=\"aligncenter wp-image-20222 size-large\" src=\"http:\/\/www.inces.gob.ve\/wp-content\/uploads\/2018\/09\/20180912_114514-1024x576.jpg\" alt=\"\" width=\"640\" height=\"360\" srcset=\"https:\/\/inces.gob.ve\/wp-content\/uploads\/2018\/09\/20180912_114514-1024x576.jpg 1024w, https:\/\/inces.gob.ve\/wp-content\/uploads\/2018\/09\/20180912_114514-300x169.jpg 300w, https:\/\/inces.gob.ve\/wp-content\/uploads\/2018\/09\/20180912_114514-768x432.jpg 768w\" sizes=\"auto, (max-width: 640px) 100vw, 640px\" \/><\/p>\n<p align=\"justify\">\n<p align=\"justify\">Refiri\u00f3 Irama Salazar, coordinadora de capacitaci\u00f3n de Inatur. que \u201ca trav\u00e9s de este organismo fue posible reactivar la acreditaci\u00f3n de Gu\u00eda de Turismo en Venezuela. Participaron 20 j\u00f3venes con saberes emp\u00edricos y varios a\u00f1os de experiencias. Este grupo est\u00e1 conformado por trabajadores de agencias de viaje y emprendedores e innovadores en esta \u00e1rea.\u201d<\/p>\n<p align=\"justify\">\n<img loading=\"lazy\" decoding=\"async\" class=\"aligncenter wp-image-20219 size-large\" src=\"http:\/\/www.inces.gob.ve\/wp-content\/uploads\/2018\/09\/20180912_110755-1024x576.jpg\" alt=\"\" width=\"640\" height=\"360\" srcset=\"https:\/\/inces.gob.ve\/wp-content\/uploads\/2018\/09\/20180912_110755-1024x576.jpg 1024w, https:\/\/inces.gob.ve\/wp-content\/uploads\/2018\/09\/20180912_110755-300x169.jpg 300w, https:\/\/inces.gob.ve\/wp-content\/uploads\/2018\/09\/20180912_110755-768x432.jpg 768w\" sizes=\"auto, (max-width: 640px) 100vw, 640px\" \/><\/p>\n<p align=\"justify\">\n<p align=\"justify\">La certificaci\u00f3n Inces -subray\u00f3- les permitir\u00e1 inscribirse en el Registro Tur\u00edstico Nacional porque uno de los requisitos indispensable es poseer la acreditaci\u00f3n emitida por el Inces o por el Ministerio del Poder Popular para el Turismo, \u00fanicos organismos autorizados por el Gobierno Nacional para otorgarlos. Una vez registrado, ellos recibir\u00e1n una serie de beneficios como su credencial y tendr\u00e1n el permiso para trasladar personas por todo el territorio nacional e internacional, entre otros.<\/p>\n<p align=\"justify\">\n<p align=\"justify\"><b>Acreditados<\/b><\/p>\n<p align=\"justify\">Jos\u00e9 Fajardo, cofundador de Kayap Maracaibo, empresa de turismo que ofrece recorridos en botes por del lago de Maracaibo, indic\u00f3 que \u201cla acreditaci\u00f3n del Inces es una herramienta importante porque nos dota de prestigio, calidad y credibilidad. Adem\u00e1s, podremos ofrecer este servicio en otros estados del pa\u00eds y realizar nuestros aportes para contribuir en el crecimiento econ\u00f3mico de esta \u00e1rea.\u201d<\/p>\n<p align=\"justify\">\n<img loading=\"lazy\" decoding=\"async\" class=\"aligncenter wp-image-20218 size-large\" src=\"http:\/\/www.inces.gob.ve\/wp-content\/uploads\/2018\/09\/20180912_105654-1024x576.jpg\" alt=\"\" width=\"640\" height=\"360\" srcset=\"https:\/\/inces.gob.ve\/wp-content\/uploads\/2018\/09\/20180912_105654-1024x576.jpg 1024w, https:\/\/inces.gob.ve\/wp-content\/uploads\/2018\/09\/20180912_105654-300x169.jpg 300w, https:\/\/inces.gob.ve\/wp-content\/uploads\/2018\/09\/20180912_105654-768x432.jpg 768w\" sizes=\"auto, (max-width: 640px) 100vw, 640px\" \/><\/p>\n<p align=\"justify\">\n<p align=\"justify\">Andrea Badell, gu\u00eda de Monta\u00f1a y trabajadora en Ayapaina, afirm\u00f3 sentirse satisfecha con la acreditaci\u00f3n del Inces porque le ofrece legitimidad a sus conocimientos, y a su vez, les permite acceder a nuevas oportunidades. As\u00ed mismo, coment\u00f3 que ella se convirti\u00f3 en el 2017 en la primera mujer venezolana en subir, en un solo viaje, los 6 picos m\u00e1s altos del Parque Nacional Sierra Nevada del estado M\u00e9rida sin tener que descender a la capital de ese estado.<\/p>\n<p align=\"justify\">\n<p align=\"justify\">Durante el proceso de acreditaci\u00f3n recibieron talleres complementarios tales como: Orientaci\u00f3n al Turismo, Atenci\u00f3n al Usuario, Recorrido Tur\u00edstico, Excelencia en la Calidad del Servicio y Sensibilidad Tur\u00edstica.<\/p>\n<p align=\"justify\">\n<img loading=\"lazy\" decoding=\"async\" class=\"aligncenter wp-image-20220 size-large\" src=\"http:\/\/www.inces.gob.ve\/wp-content\/uploads\/2018\/09\/20180912_111756-1024x576.jpg\" alt=\"\" width=\"640\" height=\"360\" srcset=\"https:\/\/inces.gob.ve\/wp-content\/uploads\/2018\/09\/20180912_111756-1024x576.jpg 1024w, https:\/\/inces.gob.ve\/wp-content\/uploads\/2018\/09\/20180912_111756-300x169.jpg 300w, https:\/\/inces.gob.ve\/wp-content\/uploads\/2018\/09\/20180912_111756-768x432.jpg 768w\" sizes=\"auto, (max-width: 640px) 100vw, 640px\" \/><\/p>\n<p align=\"justify\">En la actividad estuvo presente la gerente regional de Inatur, Gina Cifuentes, la coordinadora del programa Turismo del Inces, B\u00e1rbara Molina y el jefe del Centro de Formaci\u00f3n Socialista Artes Gr\u00e1ficas, Carlos Pi\u00f1ero, entre otros.<\/p>\n","protected":false},"excerpt":{"rendered":"<p>** Este grupo est\u00e1 conformado por trabajadores de agencias de viajes y emprendedores e innovadores en esta \u00e1rea<\/p>\n","protected":false},"author":4,"featured_media":20221,"comment_status":"closed","ping_status":"open","sticky":false,"template":"","format":"standard","meta":{"footnotes":""},"categories":[2],"tags":[],"class_list":["post-20216","post","type-post","status-publish","format-standard","has-post-thumbnail","hentry","category-blog"],"_links":{"self":[{"href":"https:\/\/inces.gob.ve\/index.php\/wp-json\/wp\/v2\/posts\/20216","targetHints":{"allow":["GET"]}}],"collection":[{"href":"https:\/\/inces.gob.ve\/index.php\/wp-json\/wp\/v2\/posts"}],"about":[{"href":"https:\/\/inces.gob.ve\/index.php\/wp-json\/wp\/v2\/types\/post"}],"author":[{"embeddable":true,"href":"https:\/\/inces.gob.ve\/index.php\/wp-json\/wp\/v2\/users\/4"}],"replies":[{"embeddable":true,"href":"https:\/\/inces.gob.ve\/index.php\/wp-json\/wp\/v2\/comments?post=20216"}],"version-history":[{"count":1,"href":"https:\/\/inces.gob.ve\/index.php\/wp-json\/wp\/v2\/posts\/20216\/revisions"}],"predecessor-version":[{"id":20223,"href":"https:\/\/inces.gob.ve\/index.php\/wp-json\/wp\/v2\/posts\/20216\/revisions\/20223"}],"wp:featuredmedia":[{"embeddable":true,"href":"https:\/\/inces.gob.ve\/index.php\/wp-json\/wp\/v2\/media\/20221"}],"wp:attachment":[{"href":"https:\/\/inces.gob.ve\/index.php\/wp-json\/wp\/v2\/media?parent=20216"}],"wp:term":[{"taxonomy":"category","embeddable":true,"href":"https:\/\/inces.gob.ve\/index.php\/wp-json\/wp\/v2\/categories?post=20216"},{"taxonomy":"post_tag","embeddable":true,"href":"https:\/\/inces.gob.ve\/index.php\/wp-json\/wp\/v2\/tags?post=20216"}],"curies":[{"name":"wp","href":"https:\/\/api.w.org\/{rel}","templated":true}]}}