{"id":20259,"date":"2018-09-21T14:36:33","date_gmt":"2018-09-21T20:36:33","guid":{"rendered":"http:\/\/www.inces.gob.ve\/?p=20259"},"modified":"2020-05-28T20:31:20","modified_gmt":"2020-05-29T00:31:20","slug":"cfs-epa-la-providencia-inicia-captacion-de-jovenes-para-formarlos-como-tecnicos-medios-agropecuarios","status":"publish","type":"post","link":"https:\/\/inces.gob.ve\/index.php\/2018\/09\/21\/cfs-epa-la-providencia-inicia-captacion-de-jovenes-para-formarlos-como-tecnicos-medios-agropecuarios\/","title":{"rendered":"CFS EPA La Providencia inicia captaci\u00f3n de j\u00f3venes para formarlos como t\u00e9cnicos medios agropecuarios"},"content":{"rendered":"<p align=\"justify\"><i><b>** La modalidad formativa tiene una duraci\u00f3n de 3 a\u00f1os y los requisitos para la preinscripci\u00f3n es fotocopia de c\u00e9dula de identidad y tener como m\u00ednimo el 3er a\u00f1o aprobado de educaci\u00f3n b\u00e1sica<\/b><\/i><!--more--><\/p>\n<p align=\"justify\"><b>PRENSA | Aragua<\/b><\/p>\n<p align=\"justify\">\n<p align=\"justify\">Con la premisa \u201cFormar con Conciencia Agroecol\u00f3gica\u201d, en el marco del proceso de recuperaci\u00f3n de las 138 hect\u00e1reas que conforman el Centro de Formaci\u00f3n Socialista (CFS) Escuela Pr\u00e1ctica Agropecuaria (EPA) \u201cLa Providencia\u201d, ubicada en el municipio Mari\u00f1o del estado Aragua, trabajo que se viene realizando mancomunado entre los Ministerios de Comunas y Agricultura Urbana, Fuerza Armada Nacional Bolivariana (FANB), Inces, Gobierno Regional y Municipal, la Gerencia Regional Inces en Aragua, hace un llamado a la juventud productiva a incorporarse a los proyectos de formaci\u00f3n que se dirigen desde EPA La Providencia, en el \u00e1rea agr\u00edcola y pecuaria.<\/p>\n<p align=\"justify\">\n<p align=\"justify\">\u201cCon <span lang=\"es-ES\">conciencia productiva y siguiendo los caminos de Ch\u00e1vez: \u2018producir para el vivir bien del pueblo\u2019, el CFS EPA La Providencia hace un llamado a la colectividad, a la juventud emprendedora, a que venga y se forme en el Inces. Estamos en un proceso de restauraci\u00f3n y rescate de las instalaciones del C<\/span><span lang=\"es-ES\">FS<\/span><span lang=\"es-ES\"> para la producci\u00f3n comunal. Esto gracias al apoyo de muchos entes involucrados como son la FANB, milicia activa, <\/span><span lang=\"es-ES\">M<\/span><span lang=\"es-ES\">inisterio<\/span><span lang=\"es-ES\">s<\/span><span lang=\"es-ES\"> de Comunas <\/span><span lang=\"es-ES\">y de<\/span><span lang=\"es-ES\"> Agricultura Urbana, gobierno regional y municipal, quienes, desde inicios del mes de agosto participan, junto al pueblo organizado, en diferentes jornadas de limpieza, adecuaci\u00f3n, siembra y cosecha de nuestros espacios productivos\u201d. Fueron palabras de Elio Rodr\u00edguez, responsable del CFS EPA La Providencia.<\/span><\/p>\n<p align=\"justify\">\n<p align=\"justify\">Por su parte, Eric Amaro, coordinadora del programa agr\u00edcola, expres\u00f3 \u201cinvitamos a los j\u00f3venes a formarse como T\u00e9cnicos Medios Agropecuarios. La Escuela Pr\u00e1ctica de Agricultura La Providencia est\u00e1 abierta para formar y producir. Desde ya estamos en el proceso de captaci\u00f3n de los nuevos aspirantes para que, en tres a\u00f1os consecutivos, salgan egresados de esta instituci\u00f3n como T\u00e9cnicos Medios. Adem\u00e1s, les ofrecemos otras opciones: cursos m\u00e1s cortos en el \u00e1rea agr\u00edcola-pecuaria, con lapsos de duraci\u00f3n de semanas, para el fortalecimiento de su aprendizaje en esta \u00e1rea productiva\u201d.<\/p>\n<p align=\"justify\">\n<img loading=\"lazy\" decoding=\"async\" class=\"aligncenter wp-image-20260 size-full\" src=\"http:\/\/www.inces.gob.ve\/wp-content\/uploads\/2018\/09\/7-agosto-2018-Plantando-maiz-y-frijol-limpieza-del-terreno-labores-culturales.-3.jpg\" alt=\"\" width=\"640\" height=\"480\" srcset=\"https:\/\/inces.gob.ve\/wp-content\/uploads\/2018\/09\/7-agosto-2018-Plantando-maiz-y-frijol-limpieza-del-terreno-labores-culturales.-3.jpg 640w, https:\/\/inces.gob.ve\/wp-content\/uploads\/2018\/09\/7-agosto-2018-Plantando-maiz-y-frijol-limpieza-del-terreno-labores-culturales.-3-300x225.jpg 300w, https:\/\/inces.gob.ve\/wp-content\/uploads\/2018\/09\/7-agosto-2018-Plantando-maiz-y-frijol-limpieza-del-terreno-labores-culturales.-3-136x102.jpg 136w\" sizes=\"auto, (max-width: 640px) 100vw, 640px\" \/><\/p>\n<p align=\"justify\">Los requisitos para la pre-inscripci\u00f3n son fotocopia de c\u00e9dula de identidad, tener como m\u00ednimo el 3er a\u00f1o aprobado de educaci\u00f3n b\u00e1sica y las ganas de formarse en saberes productivos que fortalezcan la soberan\u00eda alimentaria del pueblo.<\/p>\n<p align=\"justify\">\n<p align=\"justify\"><b>Uni\u00f3n C\u00edvico-Militar<\/b><\/p>\n<p align=\"justify\">\n<p align=\"justify\">Gracias al apoyo de la Fuerza Armada Nacional Bolivariana (FANB), los espacios de EPA La Providencia, cuentan no sOlo con el resguardo de sus instalaciones, equipos y del pueblo que asiste y vive aleda\u00f1o al CFS, sino tambi\u00e9n apoyan en el mantenimiento y adecuaci\u00f3n del mismo. \u201cDesde la EPA fortalecemos la uni\u00f3n c\u00edvico-militar. En conjunto con la ZODI Aragua, Inces Militar y la Milicia Activa, tenemos despliegues de seguridad para el resguardo de los espacios y del pueblo. El poder popular que hace uso de los espacios ahora se siente m\u00e1s seguro de asistir a ellos. Gracias a la FANB, la EPA est\u00e1 m\u00e1s resguardada y el pueblo tambi\u00e9n\u00bb. As\u00ed lo dijo Elio Rodr\u00edguez.<\/p>\n<p align=\"justify\">\n<img loading=\"lazy\" decoding=\"async\" class=\"aligncenter wp-image-20261 size-large\" src=\"http:\/\/www.inces.gob.ve\/wp-content\/uploads\/2018\/09\/AAA-fachada-EPA-1024x575.jpg\" alt=\"\" width=\"640\" height=\"359\" srcset=\"https:\/\/inces.gob.ve\/wp-content\/uploads\/2018\/09\/AAA-fachada-EPA-1024x575.jpg 1024w, https:\/\/inces.gob.ve\/wp-content\/uploads\/2018\/09\/AAA-fachada-EPA-300x169.jpg 300w, https:\/\/inces.gob.ve\/wp-content\/uploads\/2018\/09\/AAA-fachada-EPA-768x432.jpg 768w, https:\/\/inces.gob.ve\/wp-content\/uploads\/2018\/09\/AAA-fachada-EPA.jpg 1500w\" sizes=\"auto, (max-width: 640px) 100vw, 640px\" \/><\/p>\n<p align=\"justify\">Rodr\u00edguez tambi\u00e9n acot\u00f3 que \u201ccon la FANB no <span lang=\"es-ES\">s<\/span><span lang=\"es-ES\">o<\/span><span lang=\"es-ES\">lo trabajamos en el Plan de Seguridad, <\/span><span lang=\"es-ES\">t<\/span><span lang=\"es-ES\">ambi\u00e9n esta uni\u00f3n c\u00edvico-militar fortalece el plan agr\u00edcola que se est<\/span><span lang=\"es-ES\">\u00e1<\/span><span lang=\"es-ES\"> desarrollando. Con el apoyo de la FANB estamos sembrando futuro\u00bb.<\/span><\/p>\n<p align=\"justify\">\n<p align=\"justify\"><b>Sembrando y Cosechando Futuro<\/b><\/p>\n<p align=\"justify\">\n<p align=\"justify\">En apoyo al poder popular y a los Comit\u00e9s Locales de Abastecimiento y Producci\u00f3n (CLAP), para seguir potenciando la soberan\u00eda alimentaria del pueblo, como lo contempla y manda el proyecto patria y el presidente obrero, Nicol\u00e1s Maduro Moros, \u00aben el CFS EPA La Providencia estamos sembrando con semillas aut\u00f3ctonas de la regi\u00f3n\u201d, dijo Eric Amaro.<\/p>\n<p align=\"justify\">\n<p align=\"justify\">Continu\u00f3 su intervenci\u00f3n mencionando que \u201cla intenci\u00f3n es producir m\u00e1s para el pueblo, para el municipio Mari\u00f1o. 138 hect\u00e1reas est\u00e1n siendo acondicionadas y actualmente hemos activado los espacios agr\u00edcolas con la siembra de ocumo, ma\u00edz, auyama, ceboll\u00edn, caraotas, pepino, topochos, cambur, caf\u00e9, cacao, arroz, frijol negro, frijol bayo, entre otros. Trabajamos de la mano con el pueblo organizado, en pro del fortalecimiento de los CLAP y de poder ofrecer al p\u00fablico productos de calidad a precios solidarios\u00bb.<\/p>\n<p align=\"justify\">\n<p align=\"justify\"><b>Convite hallaquero<\/b><\/p>\n<p align=\"justify\">\n<p align=\"justify\">Los CFS de la regi\u00f3n arague\u00f1a actualmente se encuentran desarrollando planes productivos, no solamente en el \u00e1rea agr\u00edcola, si no tambi\u00e9n en otras \u00e1reas particulares de cada uno de ellos. \u201cY en v\u00edsperas de las fiestas decembrinas, Inces Aragua ofrece al pueblo producci\u00f3n para el Convite Hallaquero. Pr\u00f3ximamente, todos los CFS de la regi\u00f3n, estaremos vendiendo a las comunidades rubros agr\u00edcolas para las hallacas. As\u00ed como tambi\u00e9n hemos estado activos y seguiremos con la fabricaci\u00f3n y venta de otros insumos, productos y\/o servicios, a precios accesibles para el pueblo, que contrarresten la guerra econ\u00f3mica a la cual hemos sido objeto todos los venezolanos\u00bb, finaliz\u00f3 Rodr\u00edguez.<\/p>\n","protected":false},"excerpt":{"rendered":"<p>** La modalidad formativa tiene una duraci\u00f3n de 3 a\u00f1os y los requisitos para la preinscripci\u00f3n es fotocopia de c\u00e9dula de identidad y tener como m\u00ednimo el 3er a\u00f1o aprobado de educaci\u00f3n b\u00e1sica<\/p>\n","protected":false},"author":15,"featured_media":20263,"comment_status":"closed","ping_status":"open","sticky":false,"template":"","format":"standard","meta":{"footnotes":""},"categories":[2],"tags":[],"class_list":["post-20259","post","type-post","status-publish","format-standard","has-post-thumbnail","hentry","category-blog"],"_links":{"self":[{"href":"https:\/\/inces.gob.ve\/index.php\/wp-json\/wp\/v2\/posts\/20259","targetHints":{"allow":["GET"]}}],"collection":[{"href":"https:\/\/inces.gob.ve\/index.php\/wp-json\/wp\/v2\/posts"}],"about":[{"href":"https:\/\/inces.gob.ve\/index.php\/wp-json\/wp\/v2\/types\/post"}],"author":[{"embeddable":true,"href":"https:\/\/inces.gob.ve\/index.php\/wp-json\/wp\/v2\/users\/15"}],"replies":[{"embeddable":true,"href":"https:\/\/inces.gob.ve\/index.php\/wp-json\/wp\/v2\/comments?post=20259"}],"version-history":[{"count":1,"href":"https:\/\/inces.gob.ve\/index.php\/wp-json\/wp\/v2\/posts\/20259\/revisions"}],"predecessor-version":[{"id":20265,"href":"https:\/\/inces.gob.ve\/index.php\/wp-json\/wp\/v2\/posts\/20259\/revisions\/20265"}],"wp:featuredmedia":[{"embeddable":true,"href":"https:\/\/inces.gob.ve\/index.php\/wp-json\/wp\/v2\/media\/20263"}],"wp:attachment":[{"href":"https:\/\/inces.gob.ve\/index.php\/wp-json\/wp\/v2\/media?parent=20259"}],"wp:term":[{"taxonomy":"category","embeddable":true,"href":"https:\/\/inces.gob.ve\/index.php\/wp-json\/wp\/v2\/categories?post=20259"},{"taxonomy":"post_tag","embeddable":true,"href":"https:\/\/inces.gob.ve\/index.php\/wp-json\/wp\/v2\/tags?post=20259"}],"curies":[{"name":"wp","href":"https:\/\/api.w.org\/{rel}","templated":true}]}}