{"id":20268,"date":"2018-09-21T10:48:16","date_gmt":"2018-09-21T16:48:16","guid":{"rendered":"http:\/\/www.inces.gob.ve\/?p=20268"},"modified":"2020-05-28T20:31:20","modified_gmt":"2020-05-29T00:31:20","slug":"20268","status":"publish","type":"post","link":"https:\/\/inces.gob.ve\/index.php\/2018\/09\/21\/20268\/","title":{"rendered":"Inces Miranda y alcald\u00eda de Sucre buscan consolidar los conucos escolares en la entidad mirandina"},"content":{"rendered":"<p align=\"justify\"><em><strong>Inces Miranda y alcald\u00eda de Sucre buscan consolidar los conucos escolares en la entidad mirandina<\/strong><\/em><!--more--><\/p>\n<p align=\"justify\"><i><b>** En el marco del Programa Todas las Manos a la Siembra se realizo reuni\u00f3n entre Inces Miranda y la alcald\u00eda de Sucre<\/b><\/i><\/p>\n<p align=\"justify\"><b>DIMAS P\u00c1EZ | Miranda <\/b><\/p>\n<p align=\"justify\">En el Centro de Formaci\u00f3n Socialista (CFS) Textil Miranda, se llev\u00f3 a acabo la reuni\u00f3n donde particip\u00f3 el coordinador del Programa Agr\u00edcola, Jos\u00e9 Jes\u00fas Gonz\u00e1lez y los jefes y jefas de los CFS de la entidad mirandina, acompa\u00f1ados por Mar\u00eda Brito, coordinadora del Programa Agr\u00edcola del municipio Sucre.<\/p>\n<p align=\"justify\">En la reuni\u00f3n se plante\u00f3 el desarrollo de los conucos escolares, donde cada escuela deber\u00e1 tener un vocero, para el programa Todas las Manos a La Siembra, con un representante que ser\u00eda un profesor o un maestro en cada escuela, para hacer efectiva la participaci\u00f3n de los alumnos y la comunidad en cada n\u00facleo educativo.<\/p>\n<p align=\"justify\">Jos\u00e9 Jes\u00fas Gonz\u00e1lez inform\u00f3 \u201ctodos los jefes y las jefas de los CFS del eje metropolitano y el Programa Agr\u00edcola del Inces, as\u00ed como la coordinaci\u00f3n del Plan de Conucos Escolares, hemos estado trabajando para establecer est\u00e1ndares de acci\u00f3n para el abordaje y consolidaci\u00f3n de los conucos escolares en este nuevo a\u00f1o escolar. He participado en dos reuniones con la Gerencia de Formaci\u00f3n Profesional del Inces rector y ellos dieron la l\u00ednea de trabajo donde tenemos que articular con el programa Todas las Manos a la Siembra y otras organizaciones, para hacer efectiva la consolidaci\u00f3n de los conucos escolares\u201d.<\/p>\n<p align=\"justify\">Mar\u00eda Brito, Coordinadora del Programa Manos a la Siembra del Municipio Sucre, acot\u00f3 \u201ccon esta reuni\u00f3n de articulaci\u00f3n y planificaci\u00f3n con los CFS del Inces, para apuntalar y avanzar con la l\u00cdnea pol\u00edtica del presidente Nicol\u00e1s Maduro y el Ministerio de Educaci\u00f3n relativo a los conucos escolares y el Programa Todas las Manos a la Siembra\u201d.<\/p>\n<p align=\"justify\">Agreg\u00f3 Brito \u201cel detalle est\u00e1 en que el Programa Todas las Manos a la Siembra, tiene mucho tiempo trabajando y abordando la siembra en los colegios, la forma organizativa que se ha dado para preparar, formar, constituir una brigada que apoye a la soberan\u00eda y seguridad alimentaria. Con esto buscamos involucrar a todas las personas que hacen vida en las instituciones educativas, en uni\u00f3n con los consejos comunales, Clap, Ubch, la juventud bolivariana, que son los integrantes de la soberan\u00eda y seguridad alimentaria del programa. Esto articulado con los objetivos del plan de la patria\u201d.<\/p>\n<p align=\"justify\">La reuni\u00f3n concluy\u00f3 con la asignaci\u00f3n de cuatro escuelas del municipio Sucre, para cada Centro de Formaci\u00f3n Socialista del eje metropolitano del estado Miranda y esperar el cronograma para el abordaje a las instituciones educativas.<\/p>\n","protected":false},"excerpt":{"rendered":"<p>Inces Miranda y alcald\u00eda de Sucre buscan consolidar los conucos escolares en la entidad mirandina<\/p>\n","protected":false},"author":15,"featured_media":20269,"comment_status":"closed","ping_status":"open","sticky":false,"template":"","format":"standard","meta":{"footnotes":""},"categories":[2],"tags":[],"class_list":["post-20268","post","type-post","status-publish","format-standard","has-post-thumbnail","hentry","category-blog"],"_links":{"self":[{"href":"https:\/\/inces.gob.ve\/index.php\/wp-json\/wp\/v2\/posts\/20268","targetHints":{"allow":["GET"]}}],"collection":[{"href":"https:\/\/inces.gob.ve\/index.php\/wp-json\/wp\/v2\/posts"}],"about":[{"href":"https:\/\/inces.gob.ve\/index.php\/wp-json\/wp\/v2\/types\/post"}],"author":[{"embeddable":true,"href":"https:\/\/inces.gob.ve\/index.php\/wp-json\/wp\/v2\/users\/15"}],"replies":[{"embeddable":true,"href":"https:\/\/inces.gob.ve\/index.php\/wp-json\/wp\/v2\/comments?post=20268"}],"version-history":[{"count":2,"href":"https:\/\/inces.gob.ve\/index.php\/wp-json\/wp\/v2\/posts\/20268\/revisions"}],"predecessor-version":[{"id":20271,"href":"https:\/\/inces.gob.ve\/index.php\/wp-json\/wp\/v2\/posts\/20268\/revisions\/20271"}],"wp:featuredmedia":[{"embeddable":true,"href":"https:\/\/inces.gob.ve\/index.php\/wp-json\/wp\/v2\/media\/20269"}],"wp:attachment":[{"href":"https:\/\/inces.gob.ve\/index.php\/wp-json\/wp\/v2\/media?parent=20268"}],"wp:term":[{"taxonomy":"category","embeddable":true,"href":"https:\/\/inces.gob.ve\/index.php\/wp-json\/wp\/v2\/categories?post=20268"},{"taxonomy":"post_tag","embeddable":true,"href":"https:\/\/inces.gob.ve\/index.php\/wp-json\/wp\/v2\/tags?post=20268"}],"curies":[{"name":"wp","href":"https:\/\/api.w.org\/{rel}","templated":true}]}}