{"id":20354,"date":"2018-09-24T14:29:59","date_gmt":"2018-09-24T20:29:59","guid":{"rendered":"http:\/\/www.inces.gob.ve\/?p=20354"},"modified":"2020-05-28T20:31:19","modified_gmt":"2020-05-29T00:31:19","slug":"el-inces-bolivar-sostiene-encuentro-interinstitucional-para-impulsar-la-produccion-agricola","status":"publish","type":"post","link":"https:\/\/inces.gob.ve\/index.php\/2018\/09\/24\/el-inces-bolivar-sostiene-encuentro-interinstitucional-para-impulsar-la-produccion-agricola\/","title":{"rendered":"El Inces Bol\u00edvar sostiene encuentro interinstitucional para impulsar la producci\u00f3n agr\u00edcola"},"content":{"rendered":"<p align=\"justify\"><i><b>** Se estableci\u00f3 impartir formaciones contingenciadas para acelerar la siembra de rubros cortos<\/b><\/i><!--more--><\/p>\n<p align=\"justify\"><strong>ALESSIA THOMAS | Bol\u00edvar<\/strong><\/p>\n<p align=\"justify\">Cumpliendo con los lineamientos del presidente obrero, Nicol\u00e1s Maduro Moros, en el marco de impulsar el motor Agroalimentario, se reunieron en la sede del Centro de Formaci\u00f3n Socialista (CFS), Manuel Piar del Inces, en el estado Bol\u00edvar, representantes de varias instituciones para hacer <b>control y seguimiento al plan de producci\u00f3n establecido por el Ministerio de Agricultura Urbana<\/b>.<\/p>\n<p align=\"justify\">\n<p align=\"justify\">La actividad inici\u00f3 a las 12:00 m, donde asistieron aproximadamente 30 personas. Fue dirigido por la directora estadal de Agricultura Urbana en Bol\u00edvar, F\u00e1tima Mart\u00ednez, la coordinadora regional de la fundaci\u00f3n de Capacitaci\u00f3n e Innovaci\u00f3n para apoyar a la Revoluci\u00f3n Agraria<b>(Ciara)<\/b>, representantes del departamento Agr\u00edcola Inces y movimientos sociales.<\/p>\n<p align=\"justify\">\n<p align=\"justify\">Mart\u00ednez explic\u00f3 que el objetivo principal de este encuentro es reformar y recuperar la esencia de la agricultura que tiene su ra\u00edz en la producci\u00f3n familiar, sumando a la juventud de Robert Serra y Chamba Juvenil Agrourbana, como gran vanguardia para revolucionar el modo de vida en las ciudades y as\u00ed satisfacer las necesidades del pueblo.<\/p>\n<p align=\"justify\">\n<p align=\"justify\">Durante el debate, los participantes expusieron alternativas destinadas a impulsar la gesti\u00f3n agrourbana dentro del proceso de transformaci\u00f3n, que lidera el Jefe de estado junto a las bases de misiones.<\/p>\n<p align=\"justify\">\n<p align=\"justify\">Como aporte al desarrollo de este plan de trabajo, el <b>Inces entregar\u00e1 kits de herramientas agr\u00edcolas, cajas <\/b><em><b>hort\u00edcolas<\/b><\/em><b>, semillas artesanales, humus l\u00edquido y s\u00f3lido e insecticidas org\u00e1nicos<\/b>. Adem\u00e1s brindar\u00e1 formaci\u00f3n contingenciada en el oficio de Productor de Hortalizas Urbana, para acelerar la producci\u00f3n de rubros cortos.<\/p>\n<p align=\"justify\">\n<p align=\"justify\">As\u00ed mismo, la fundaci\u00f3n Ciar\u00e1 capacitar\u00e1 a los j\u00f3venes de la Misi\u00f3n Robert Serra en los cursos de manejo de suelos, selecci\u00f3n y obtenci\u00f3n de semillas artesanales.<\/p>\n<p align=\"justify\">\n<p align=\"justify\">La gerente regional Inces Bol\u00edvar, Ruth Jim\u00e9nez, asever\u00f3 que se pretende formar a los aprendices de Chamba Juvenil para que vayan a las escuelas a concienciar e impulsar la cultura de la siembra.\u201cEl Inces viene realizando una ardua labor con el tema de producci\u00f3n, para convertir a la regi\u00f3n Bol\u00edvar en un estado potencia\u201d finaliz\u00f3.<\/p>\n","protected":false},"excerpt":{"rendered":"<p>** Se estableci\u00f3 impartir formaciones contingenciadas para acelerar la siembra de rubros cortos<\/p>\n","protected":false},"author":4,"featured_media":20355,"comment_status":"closed","ping_status":"open","sticky":false,"template":"","format":"standard","meta":{"footnotes":""},"categories":[2],"tags":[],"class_list":["post-20354","post","type-post","status-publish","format-standard","has-post-thumbnail","hentry","category-blog"],"_links":{"self":[{"href":"https:\/\/inces.gob.ve\/index.php\/wp-json\/wp\/v2\/posts\/20354","targetHints":{"allow":["GET"]}}],"collection":[{"href":"https:\/\/inces.gob.ve\/index.php\/wp-json\/wp\/v2\/posts"}],"about":[{"href":"https:\/\/inces.gob.ve\/index.php\/wp-json\/wp\/v2\/types\/post"}],"author":[{"embeddable":true,"href":"https:\/\/inces.gob.ve\/index.php\/wp-json\/wp\/v2\/users\/4"}],"replies":[{"embeddable":true,"href":"https:\/\/inces.gob.ve\/index.php\/wp-json\/wp\/v2\/comments?post=20354"}],"version-history":[{"count":2,"href":"https:\/\/inces.gob.ve\/index.php\/wp-json\/wp\/v2\/posts\/20354\/revisions"}],"predecessor-version":[{"id":20387,"href":"https:\/\/inces.gob.ve\/index.php\/wp-json\/wp\/v2\/posts\/20354\/revisions\/20387"}],"wp:featuredmedia":[{"embeddable":true,"href":"https:\/\/inces.gob.ve\/index.php\/wp-json\/wp\/v2\/media\/20355"}],"wp:attachment":[{"href":"https:\/\/inces.gob.ve\/index.php\/wp-json\/wp\/v2\/media?parent=20354"}],"wp:term":[{"taxonomy":"category","embeddable":true,"href":"https:\/\/inces.gob.ve\/index.php\/wp-json\/wp\/v2\/categories?post=20354"},{"taxonomy":"post_tag","embeddable":true,"href":"https:\/\/inces.gob.ve\/index.php\/wp-json\/wp\/v2\/tags?post=20354"}],"curies":[{"name":"wp","href":"https:\/\/api.w.org\/{rel}","templated":true}]}}