{"id":20357,"date":"2018-09-24T14:46:36","date_gmt":"2018-09-24T20:46:36","guid":{"rendered":"http:\/\/www.inces.gob.ve\/?p=20357"},"modified":"2020-05-28T20:31:19","modified_gmt":"2020-05-29T00:31:19","slug":"inces-sucre-participo-en-mega-jornada-familiar-organizada-por-la-gobernacion","status":"publish","type":"post","link":"https:\/\/inces.gob.ve\/index.php\/2018\/09\/24\/inces-sucre-participo-en-mega-jornada-familiar-organizada-por-la-gobernacion\/","title":{"rendered":"Inces Sucre particip\u00f3 en mega jornada familiar organizada por la gobernaci\u00f3n"},"content":{"rendered":"<p align=\"justify\"><em><strong>** Los CFS Construcci\u00f3n e Industria y los Programas Inces Luisa C\u00e1ceres de Arismendi y Turismo mostraron lo mejor que elaboran actualmente en la instituci\u00f3n<\/strong><\/em><!--more--><\/p>\n<p align=\"justify\"><strong>MILAGROS GUERRERO | Sucre<\/strong><\/p>\n<p align=\"justify\">Con una <strong>muestra de lo m\u00e1s destacado de las formaciones en textil, carpinter\u00eda, herrer\u00eda, turismo y bachillerato productivo<\/strong>, el Instituto Nacional de Capacitaci\u00f3n y Educaci\u00f3n Socialista (Inces) particip\u00f3 en la <strong>Mega Jornada y Expoferia Productiva Sucre Potencia<\/strong>, organizada por el Gobierno Bolivariano de la<strong> gobernaci\u00f3n del estado Sucre y la alcald\u00eda de Cuman\u00e1<\/strong>.<\/p>\n<p align=\"justify\">\n<p align=\"justify\">El evento cont\u00f3 con la participaci\u00f3n de los promotores y maestros t\u00e9cnicos productivos de los centros de formaci\u00f3n socialista (CFS) Construcci\u00f3n e Industrial, co<strong>n la exhibici\u00f3n de piezas en hierro y en madera elaboradas por los sujetos de aprendizaje<\/strong> de los cursos impartidos en los talleres de la instituci\u00f3n.<\/p>\n<p align=\"justify\">\n<p align=\"justify\"><img loading=\"lazy\" decoding=\"async\" class=\"aligncenter wp-image-20361 size-large\" src=\"http:\/\/www.inces.gob.ve\/wp-content\/uploads\/2018\/09\/IMG_0609-1024x768.jpg\" alt=\"\" width=\"640\" height=\"480\" srcset=\"https:\/\/inces.gob.ve\/wp-content\/uploads\/2018\/09\/IMG_0609-1024x768.jpg 1024w, https:\/\/inces.gob.ve\/wp-content\/uploads\/2018\/09\/IMG_0609-300x225.jpg 300w, https:\/\/inces.gob.ve\/wp-content\/uploads\/2018\/09\/IMG_0609-768x576.jpg 768w, https:\/\/inces.gob.ve\/wp-content\/uploads\/2018\/09\/IMG_0609-136x102.jpg 136w, https:\/\/inces.gob.ve\/wp-content\/uploads\/2018\/09\/IMG_0609.jpg 1080w\" sizes=\"auto, (max-width: 640px) 100vw, 640px\" \/><\/p>\n<p align=\"justify\">\n<p align=\"justify\">De igual forma, la Divisi\u00f3n de Formaci\u00f3n Profesional, a trav\u00e9s del Programa Luisa C\u00e1ceres de Arismendi, expuso y vendi\u00f3 ropa y calzados para beb\u00e9s. Por su parte, el <strong>Programa Inces Turismo<\/strong> mostr\u00f3 lo m\u00e1s destacado de sus formaciones dedicadas a la \u00fanica industria sin chimeneas como son los servicios tur\u00edsticos.<\/p>\n<p align=\"justify\">\n<p align=\"justify\"><img loading=\"lazy\" decoding=\"async\" class=\"aligncenter wp-image-20362 size-full\" src=\"http:\/\/www.inces.gob.ve\/wp-content\/uploads\/2018\/09\/IMG_0615.jpg\" alt=\"\" width=\"1080\" height=\"810\" srcset=\"https:\/\/inces.gob.ve\/wp-content\/uploads\/2018\/09\/IMG_0615.jpg 1080w, https:\/\/inces.gob.ve\/wp-content\/uploads\/2018\/09\/IMG_0615-300x225.jpg 300w, https:\/\/inces.gob.ve\/wp-content\/uploads\/2018\/09\/IMG_0615-768x576.jpg 768w, https:\/\/inces.gob.ve\/wp-content\/uploads\/2018\/09\/IMG_0615-1024x768.jpg 1024w, https:\/\/inces.gob.ve\/wp-content\/uploads\/2018\/09\/IMG_0615-136x102.jpg 136w\" sizes=\"auto, (max-width: 1080px) 100vw, 1080px\" \/><\/p>\n<p align=\"justify\">\n<p align=\"justify\">Adem\u00e1s de la muestra manufacturada por miembros de la instituci\u00f3n, tambi\u00e9n la Unidad Educativa para Adultos ofreci\u00f3 la gran oportunidad que brinda el Inces de inscribirse y hacer el<strong> bachillerato, para aquellos usuarios de la mega jornada que a\u00fan est\u00e1n sin culminar educaci\u00f3n media<\/strong>. Para completar, se exhibi\u00f3 una sencilla muestra de los<strong> rubros agr\u00edcolas berenjena y auyama<\/strong>, los cuales, se est\u00e1n cosechando dentro de los CFS del Eje Sucre.<\/p>\n<p align=\"justify\">\n<p align=\"justify\"><img loading=\"lazy\" decoding=\"async\" class=\"aligncenter wp-image-20360 size-large\" src=\"http:\/\/www.inces.gob.ve\/wp-content\/uploads\/2018\/09\/IMG_0605-1024x768.jpg\" alt=\"\" width=\"640\" height=\"480\" srcset=\"https:\/\/inces.gob.ve\/wp-content\/uploads\/2018\/09\/IMG_0605-1024x768.jpg 1024w, https:\/\/inces.gob.ve\/wp-content\/uploads\/2018\/09\/IMG_0605-300x225.jpg 300w, https:\/\/inces.gob.ve\/wp-content\/uploads\/2018\/09\/IMG_0605-768x576.jpg 768w, https:\/\/inces.gob.ve\/wp-content\/uploads\/2018\/09\/IMG_0605-136x102.jpg 136w, https:\/\/inces.gob.ve\/wp-content\/uploads\/2018\/09\/IMG_0605.jpg 1080w\" sizes=\"auto, (max-width: 640px) 100vw, 640px\" \/><\/p>\n<p align=\"justify\">\n<p align=\"justify\">El stand del Inces fue visitado por la primera combatiente Liz S\u00e1nchez de Rojas, a qui\u00e9n la gerente regional Audin Navarro dio una explicaci\u00f3n completa de las bondades del Inces, en cuanto a los rubros elaborados puertas adentro de la instituci\u00f3n, y las expectativas y el gran reto de producci\u00f3n que tiene el Inces para comenzar a dar resultados en corto, mediano y largo plazo con los <strong>proyectos productivos en agricultura a ejecutarse desde el CFS Comercio, en Metalmec\u00e1nica en el CFS Industrial, y para finalizar en panader\u00eda en el Cfa Brasil, en aras de atender a las comunidades del punto y c\u00edrculo en el Eje Sucre<\/strong>.<\/p>\n<p align=\"justify\">\n<p align=\"justify\"><span style=\"font-size: 8pt;\">lt<\/span><\/p>\n","protected":false},"excerpt":{"rendered":"<p>** Los CFS Construcci\u00f3n e Industria y los Programas Inces Luisa C\u00e1ceres de Arismendi y Turismo mostraron lo mejor que elaboran actualmente en la instituci\u00f3n<\/p>\n","protected":false},"author":4,"featured_media":20358,"comment_status":"closed","ping_status":"open","sticky":false,"template":"","format":"standard","meta":{"footnotes":""},"categories":[2],"tags":[],"class_list":["post-20357","post","type-post","status-publish","format-standard","has-post-thumbnail","hentry","category-blog"],"_links":{"self":[{"href":"https:\/\/inces.gob.ve\/index.php\/wp-json\/wp\/v2\/posts\/20357","targetHints":{"allow":["GET"]}}],"collection":[{"href":"https:\/\/inces.gob.ve\/index.php\/wp-json\/wp\/v2\/posts"}],"about":[{"href":"https:\/\/inces.gob.ve\/index.php\/wp-json\/wp\/v2\/types\/post"}],"author":[{"embeddable":true,"href":"https:\/\/inces.gob.ve\/index.php\/wp-json\/wp\/v2\/users\/4"}],"replies":[{"embeddable":true,"href":"https:\/\/inces.gob.ve\/index.php\/wp-json\/wp\/v2\/comments?post=20357"}],"version-history":[{"count":2,"href":"https:\/\/inces.gob.ve\/index.php\/wp-json\/wp\/v2\/posts\/20357\/revisions"}],"predecessor-version":[{"id":20364,"href":"https:\/\/inces.gob.ve\/index.php\/wp-json\/wp\/v2\/posts\/20357\/revisions\/20364"}],"wp:featuredmedia":[{"embeddable":true,"href":"https:\/\/inces.gob.ve\/index.php\/wp-json\/wp\/v2\/media\/20358"}],"wp:attachment":[{"href":"https:\/\/inces.gob.ve\/index.php\/wp-json\/wp\/v2\/media?parent=20357"}],"wp:term":[{"taxonomy":"category","embeddable":true,"href":"https:\/\/inces.gob.ve\/index.php\/wp-json\/wp\/v2\/categories?post=20357"},{"taxonomy":"post_tag","embeddable":true,"href":"https:\/\/inces.gob.ve\/index.php\/wp-json\/wp\/v2\/tags?post=20357"}],"curies":[{"name":"wp","href":"https:\/\/api.w.org\/{rel}","templated":true}]}}