{"id":20513,"date":"2018-09-28T08:43:13","date_gmt":"2018-09-28T14:43:13","guid":{"rendered":"http:\/\/www.inces.gob.ve\/?p=20513"},"modified":"2020-05-28T20:30:59","modified_gmt":"2020-05-29T00:30:59","slug":"el-turismo-digital-es-una-oportunidad-para-impulsar-unidades-productivas-y-el-emprendimiento","status":"publish","type":"post","link":"https:\/\/inces.gob.ve\/index.php\/2018\/09\/28\/el-turismo-digital-es-una-oportunidad-para-impulsar-unidades-productivas-y-el-emprendimiento\/","title":{"rendered":"El turismo digital es una oportunidad para impulsar unidades productivas y el emprendimiento"},"content":{"rendered":"<p style=\"text-align: justify;\" align=\"JUSTIFY\"><span style=\"font-family: Arial,sans-serif;\"><span style=\"font-size: medium;\"><i><b>** <span style=\"color: #333333;\">El <\/span><strong><span style=\"color: #333333;\">turismo digital <\/span><\/strong><\/b><span style=\"color: #333333;\">tiene varias vertientes que ofrecen ventanas de oportunidad para el desarrollo de <\/span><span style=\"color: #333333;\">unidades de prestadores de servicios, y <\/span> <span style=\"color: #333333;\">emp<\/span><span style=\"color: #333333;\">rendimientos <\/span> <span style=\"color: #333333;\">productivos. <\/span><\/i><\/span><\/span><!--more--><\/p>\n<p style=\"text-align: justify;\" align=\"JUSTIFY\"><span style=\"font-family: Arial,sans-serif;\"><span style=\"font-size: medium;\"><b>NERIO MONTERO | Lara <\/b><\/span><\/span><\/p>\n<p style=\"text-align: justify;\" align=\"JUSTIFY\">\n<p style=\"text-align: justify;\" align=\"JUSTIFY\"><span style=\"font-family: Arial,sans-serif;\"><span style=\"font-size: medium;\">J\u00f3venes formados en el <b>C<\/b><b>urso de Organizaci\u00f3n de Evento y Protocolo <\/b>del Programa de Turismo del Inces participaron en el foro: \u201cEl turismo y la transformaci\u00f3n digital\u201d, evento en conjunto con el Instituto Nacional de Turismo (Inatur) en Lara, y celebrado desde los espacios del Museo de Barquisimeto en el marco del <b>D\u00eda Mundial del Turismo<\/b>. <\/span><\/span><\/p>\n<p style=\"text-align: justify;\" align=\"JUSTIFY\">\n<p style=\"text-align: justify;\" align=\"JUSTIFY\"><span style=\"font-family: Arial,sans-serif;\"><span style=\"font-size: medium;\"><span style=\"color: #14171a;\">E<\/span><span style=\"color: #14171a;\">l <\/span><span style=\"color: #14171a;\"><b>conversatorio<\/b><\/span><b> <\/b><span style=\"color: #14171a;\">abord\u00f3<\/span><b> <\/b><span style=\"color: #14171a;\">el turismo co<\/span><span style=\"color: #14171a;\">m<\/span><span style=\"color: #14171a;\">o<\/span> <span style=\"color: #14171a;\"><b>el <\/b><\/span><span style=\"color: #14171a;\"><b>noveno<\/b><\/span><span style=\"color: #14171a;\"><b> motor de la <\/b><\/span><span style=\"color: #14171a;\"><b>Agenda<\/b><\/span><b> <\/b><span style=\"color: #14171a;\"><b>Econ\u00f3mica<\/b><\/span><span style=\"color: #14171a;\"><b> Bolivariana,<\/b><\/span> <span style=\"color: #14171a;\">y cont\u00f3 con <\/span><span style=\"color: #14171a;\">participa<\/span><span style=\"color: #14171a;\">ci\u00f3n de<\/span><b> <\/b><span style=\"color: #14171a;\"><b>l<\/b><\/span><span style=\"color: #14171a;\">a coordinadora del <\/span><span style=\"color: #14171a;\">P<\/span><span style=\"color: #14171a;\">rograma <\/span><span style=\"color: #14171a;\">de Turismo del Inces, <\/span><span style=\"color: #14171a;\">Katiuska Perdomo; <\/span><span style=\"color: #14171a;\">El director de Inatur Lara, Jes\u00fas Gonz\u00e1lez; <\/span><span style=\"color: #14171a;\">la <\/span><span style=\"color: #14171a;\">representante del<\/span><span style=\"color: #14171a;\"> museo de Barquisimeto, <\/span><span style=\"color: #14171a;\">Maribel Barrios; <\/span><span style=\"color: #14171a;\">Adem\u00e1s de <\/span><span style=\"color: #14171a;\">representantes <\/span><span style=\"color: #14171a;\">de la <\/span><span style=\"color: #14171a;\">Corporaci\u00f3n<\/span><span style=\"color: #14171a;\"> de Turismo de <\/span><span style=\"color: #14171a;\">Barquisimeto, <\/span><span style=\"color: #14171a;\">entre <\/span><span style=\"color: #14171a;\">otros act<\/span><span style=\"color: #14171a;\">ores <\/span><span style=\"color: #14171a;\">inv<\/span><span style=\"color: #14171a;\">olucrados en el \u00e1rea tur\u00edstica. <\/span><\/span><\/span><\/p>\n<p style=\"text-align: justify;\" align=\"JUSTIFY\">\n<p style=\"text-align: justify;\" align=\"JUSTIFY\"><span style=\"font-family: Arial,sans-serif;\"><span style=\"font-size: medium;\"><span style=\"color: #14171a;\">Gonz\u00e1lez <\/span>resalt\u00f3 la importancia del <b>marketing digital<\/b> para promocionar en las redes sociales los destinos tur\u00edsticos y las riquezas naturales del estado y de todo el territorio nacional. <\/span><\/span><\/p>\n<p style=\"text-align: justify;\" align=\"JUSTIFY\">\n<p style=\"text-align: justify;\" align=\"JUSTIFY\"><span style=\"font-family: Arial,sans-serif;\"><span style=\"font-size: medium;\">Sobre el foro, Gabriela \u00c1vila, estudiante de turismo del Inces y futura comunicadora social dijo: \u201c<span style=\"color: #333333;\"><b>La juventud venezolana aprecia el sector tur<\/b><\/span><span style=\"color: #333333;\"><b>ismo<\/b><\/span><span style=\"color: #333333;\"> como un \u00e1rea con perspectiva de desarrollo\u201d. <\/span><\/span><\/span><\/p>\n<p style=\"text-align: justify;\" align=\"JUSTIFY\">\n<span style=\"font-family: Arial,sans-serif;\"><span style=\"font-size: medium;\"><span style=\"color: #14171a;\"><b>Ruben Rond\u00f3n, <\/b><\/span><span style=\"color: #14171a;\"><b>jefe de formaci\u00f3n <\/b><\/span><span style=\"color: #14171a;\">del Inces Lara, <\/span><span style=\"color: #14171a;\">dijo<\/span><span style=\"color: #14171a;\"> que <\/span><span style=\"color: #14171a;\">durante<\/span> <span style=\"color: #14171a;\"><b>\u00ab<\/b><\/span><span style=\"color: #14171a;\"><b>e<\/b><\/span><span style=\"color: #14171a;\"><b>l 201<\/b><\/span><span style=\"color: #14171a;\"><b>9<\/b><\/span><span style=\"color: #14171a;\"><b> ser\u00e1 el a\u00f1o del turismo digital. <\/b><\/span><span style=\"color: #14171a;\">N<\/span><span style=\"color: #14171a;\">o solo para generar contenidos por las redes, sino para orientar y concienciar a la poblaci\u00f3n a su buena pr\u00e1ctica y a la preservaci\u00f3n del ambiente <\/span><span style=\"color: #14171a;\">y el ecosistema\u201d.<\/span><\/span><\/span><\/p>\n<p style=\"text-align: justify;\" align=\"JUSTIFY\">\n<span style=\"font-family: Arial,sans-serif;\"><span style=\"font-size: medium;\"><b><span style=\"color: #14171a;\">Conocimientos puestos en pr\u00e1ctica<\/span><\/b><\/span><\/span><\/p>\n<p align=\"JUSTIFY\">\n<p align=\"JUSTIFY\"><img loading=\"lazy\" decoding=\"async\" class=\"aligncenter wp-image-20514 size-large\" src=\"http:\/\/www.inces.gob.ve\/wp-content\/uploads\/2018\/09\/2222-1024x764.jpg\" alt=\"\" width=\"640\" height=\"478\" srcset=\"https:\/\/inces.gob.ve\/wp-content\/uploads\/2018\/09\/2222-1024x764.jpg 1024w, https:\/\/inces.gob.ve\/wp-content\/uploads\/2018\/09\/2222-300x224.jpg 300w, https:\/\/inces.gob.ve\/wp-content\/uploads\/2018\/09\/2222-768x573.jpg 768w, https:\/\/inces.gob.ve\/wp-content\/uploads\/2018\/09\/2222-136x102.jpg 136w, https:\/\/inces.gob.ve\/wp-content\/uploads\/2018\/09\/2222.jpg 1200w\" sizes=\"auto, (max-width: 640px) 100vw, 640px\" \/><\/p>\n<p align=\"JUSTIFY\">\n<p style=\"text-align: justify;\" align=\"JUSTIFY\"><span style=\"font-family: Arial,sans-serif;\"><span style=\"font-size: medium;\">En el conversatorio los participantes del <b>C<\/b><b>urso de Organizaci\u00f3n de Evento y Protocolo <\/b>, colocaron en pr\u00e1ctica los conocimientos adquiridos durante su formaci\u00f3n, atendiendo las diversas fases de un evento y sus dimensiones. As\u00ed c\u00f3mo la forma de organizar un presidio, recibir al p\u00fablico y todas las disciplinas inherentes al protocolo con v<b>isi\u00f3n socialista.<\/b><\/span><\/span><\/p>\n<p style=\"text-align: justify;\" align=\"JUSTIFY\">\n<p style=\"text-align: justify;\" align=\"JUSTIFY\"><span style=\"font-family: Arial,sans-serif;\"><span style=\"font-size: medium;\">Daikerys Rodr\u00edguez, joven estudiante del curso, agradeci\u00f3 al Inces por la oportunidad de permitir desarrollar sus destrezas y habilidades en esta \u00e1rea del turismo. En esta ocasi\u00f3n, los j\u00f3venes fueron formados con la experiencia de la maestra t\u00e9cnica productiva (MTP) Rosa Castel.<\/span><\/span><\/p>\n<p style=\"text-align: justify;\" align=\"JUSTIFY\">\n<p style=\"text-align: justify;\" align=\"JUSTIFY\"><span style=\"font-size: large;\"><b><span style=\"color: #333333;\"><span style=\"font-family: Arial,sans-serif;\"><span style=\"font-size: medium;\">L.A.<\/span><\/span><\/span><\/b><\/span><\/p>\n","protected":false},"excerpt":{"rendered":"<p>** El turismo digital tiene varias vertientes que ofrecen ventanas de oportunidad para el desarrollo de unidades de prestadores de servicios, y emprendimientos productivos.<\/p>\n","protected":false},"author":4,"featured_media":20515,"comment_status":"closed","ping_status":"open","sticky":false,"template":"","format":"standard","meta":{"footnotes":""},"categories":[2],"tags":[],"class_list":["post-20513","post","type-post","status-publish","format-standard","has-post-thumbnail","hentry","category-blog"],"_links":{"self":[{"href":"https:\/\/inces.gob.ve\/index.php\/wp-json\/wp\/v2\/posts\/20513","targetHints":{"allow":["GET"]}}],"collection":[{"href":"https:\/\/inces.gob.ve\/index.php\/wp-json\/wp\/v2\/posts"}],"about":[{"href":"https:\/\/inces.gob.ve\/index.php\/wp-json\/wp\/v2\/types\/post"}],"author":[{"embeddable":true,"href":"https:\/\/inces.gob.ve\/index.php\/wp-json\/wp\/v2\/users\/4"}],"replies":[{"embeddable":true,"href":"https:\/\/inces.gob.ve\/index.php\/wp-json\/wp\/v2\/comments?post=20513"}],"version-history":[{"count":1,"href":"https:\/\/inces.gob.ve\/index.php\/wp-json\/wp\/v2\/posts\/20513\/revisions"}],"predecessor-version":[{"id":20517,"href":"https:\/\/inces.gob.ve\/index.php\/wp-json\/wp\/v2\/posts\/20513\/revisions\/20517"}],"wp:featuredmedia":[{"embeddable":true,"href":"https:\/\/inces.gob.ve\/index.php\/wp-json\/wp\/v2\/media\/20515"}],"wp:attachment":[{"href":"https:\/\/inces.gob.ve\/index.php\/wp-json\/wp\/v2\/media?parent=20513"}],"wp:term":[{"taxonomy":"category","embeddable":true,"href":"https:\/\/inces.gob.ve\/index.php\/wp-json\/wp\/v2\/categories?post=20513"},{"taxonomy":"post_tag","embeddable":true,"href":"https:\/\/inces.gob.ve\/index.php\/wp-json\/wp\/v2\/tags?post=20513"}],"curies":[{"name":"wp","href":"https:\/\/api.w.org\/{rel}","templated":true}]}}