{"id":20531,"date":"2018-10-01T05:47:58","date_gmt":"2018-10-01T11:47:58","guid":{"rendered":"http:\/\/www.inces.gob.ve\/?p=20531"},"modified":"2020-05-28T20:30:59","modified_gmt":"2020-05-29T00:30:59","slug":"inaugurado-el-primer-cafe-wadaka-de-caracas-2","status":"publish","type":"post","link":"https:\/\/inces.gob.ve\/index.php\/2018\/10\/01\/inaugurado-el-primer-cafe-wadaka-de-caracas-2\/","title":{"rendered":"Inaugurado el primer Caf\u00e9 Wad\u00e4ka de Caracas"},"content":{"rendered":"<p style=\"text-align: justify;\"><em><strong>** Con la premisa de ofrecer productos venezolanos con la esmerada atenci\u00f3n de trabajadores y aprendices del Inces<\/strong><\/em><!--more--><\/p>\n<p style=\"text-align: justify;\"><strong>Ivaldo Rodr\u00edguez | Sede<\/strong><\/p>\n<p>&nbsp;<\/p>\n<p style=\"text-align: justify;\">Bajo un torrencial aguacero, pero con el calor que generan las cosas hechas con esfuerzo y cari\u00f1o se llev\u00f3 a cabo el despeje de cinta que simboliza la apertura definitiva del primer Caf\u00e9 Wad\u00e4ka de la ciudad capital. Un reducto para la comida y bebida aut\u00f3ctonas y un espacio para la formaci\u00f3n y pr\u00e1cticas en servicio de los j\u00f3venes aprendices Inces.<\/p>\n<p>&nbsp;<\/p>\n<p style=\"text-align: justify;\">Con una ambientaci\u00f3n entre lo simple, colorido y r\u00fastico este novedoso caf\u00e9, ubicado en los espacios calidos de la Universidad de las Artes (Unearte), est\u00e1 llamado a convertirse en un espacio para el encuentro social y la tertulia din\u00e1mica.<\/p>\n<p>&nbsp;<\/p>\n<p><img loading=\"lazy\" decoding=\"async\" class=\"aligncenter wp-image-20541 size-large\" src=\"http:\/\/www.inces.gob.ve\/wp-content\/uploads\/2018\/10\/28092018-INAUGURACION-WADAKA-UNEARTE-JR-7-1024x683.jpg\" alt=\"\" width=\"640\" height=\"427\" srcset=\"https:\/\/inces.gob.ve\/wp-content\/uploads\/2018\/10\/28092018-INAUGURACION-WADAKA-UNEARTE-JR-7-1024x683.jpg 1024w, https:\/\/inces.gob.ve\/wp-content\/uploads\/2018\/10\/28092018-INAUGURACION-WADAKA-UNEARTE-JR-7-300x200.jpg 300w, https:\/\/inces.gob.ve\/wp-content\/uploads\/2018\/10\/28092018-INAUGURACION-WADAKA-UNEARTE-JR-7-768x512.jpg 768w\" sizes=\"auto, (max-width: 640px) 100vw, 640px\" \/><\/p>\n<p style=\"text-align: justify;\">\nAparte del caf\u00e9 en distintas presentaciones el lugar ofrece variedad en boller\u00eda, muffins, infusiones y bebidas, con lo cual sus trabajadores ajustar\u00e1n sus habilidades en el servicio de bar, gastronom\u00eda, panader\u00eda, pasteler\u00eda y servicio de comedor.<\/p>\n<p>&nbsp;<\/p>\n<p style=\"text-align: justify;\">Para la preparaci\u00f3n de estos productos, se har\u00e1 uso de harinas alternativas y se potenciar\u00e1 la preparaci\u00f3n de bebidas saludables y energ\u00e9ticas con un car\u00e1cter plenamente ecol\u00f3gico.<\/p>\n<p>&nbsp;<\/p>\n<p><img loading=\"lazy\" decoding=\"async\" class=\"aligncenter wp-image-20542 size-full\" src=\"http:\/\/www.inces.gob.ve\/wp-content\/uploads\/2018\/10\/28092018-INAUGURACION-WADAKA-UNEARTE-JR-17.jpg\" alt=\"\" width=\"3648\" height=\"2432\" srcset=\"https:\/\/inces.gob.ve\/wp-content\/uploads\/2018\/10\/28092018-INAUGURACION-WADAKA-UNEARTE-JR-17.jpg 3648w, https:\/\/inces.gob.ve\/wp-content\/uploads\/2018\/10\/28092018-INAUGURACION-WADAKA-UNEARTE-JR-17-300x200.jpg 300w, https:\/\/inces.gob.ve\/wp-content\/uploads\/2018\/10\/28092018-INAUGURACION-WADAKA-UNEARTE-JR-17-768x512.jpg 768w, https:\/\/inces.gob.ve\/wp-content\/uploads\/2018\/10\/28092018-INAUGURACION-WADAKA-UNEARTE-JR-17-1024x683.jpg 1024w\" sizes=\"auto, (max-width: 3648px) 100vw, 3648px\" \/><\/p>\n<p>&nbsp;<\/p>\n<p style=\"text-align: justify;\">\u201cEs una manera de mostrar la nobleza del Inces. Una instituci\u00f3n que forma a los j\u00f3venes emprendedores y les brinda la oportunidad de entrenarse en su ocupaci\u00f3n, es decir, aprender haciendo\u201d; as\u00ed lo manifest\u00f3 el presidente del instituto, Wuikelman Angel, quien adelant\u00f3 que esta marca de tipo social ser\u00e1 espandida a todo el pa\u00eds, a trav\u00e9s de las sedes regionales de la instituci\u00f3n.<\/p>\n<p>&nbsp;<\/p>\n<p style=\"text-align: justify;\">De momento anunci\u00f3 pr\u00f3ximas aperturas en los estados Lara, Nueva Esparta, Bol\u00edvar, M\u00e9rida y Anzo\u00e1tegui, pero se siguen recibiendo solicitudes de todo el territorio nacional, enfatiz\u00f3 el titular del Inces.<\/p>\n<p>&nbsp;<\/p>\n<p><img loading=\"lazy\" decoding=\"async\" class=\"aligncenter wp-image-20543 size-large\" src=\"http:\/\/www.inces.gob.ve\/wp-content\/uploads\/2018\/10\/28092018-INAUGURACION-WADAKA-UNEARTE-JR-52-1024x683.jpg\" alt=\"\" width=\"640\" height=\"427\" srcset=\"https:\/\/inces.gob.ve\/wp-content\/uploads\/2018\/10\/28092018-INAUGURACION-WADAKA-UNEARTE-JR-52-1024x683.jpg 1024w, https:\/\/inces.gob.ve\/wp-content\/uploads\/2018\/10\/28092018-INAUGURACION-WADAKA-UNEARTE-JR-52-300x200.jpg 300w, https:\/\/inces.gob.ve\/wp-content\/uploads\/2018\/10\/28092018-INAUGURACION-WADAKA-UNEARTE-JR-52-768x512.jpg 768w\" sizes=\"auto, (max-width: 640px) 100vw, 640px\" \/><\/p>\n<p>&nbsp;<\/p>\n<p style=\"text-align: justify;\">Por su parte, la rectora de la Unearte, Alejandrina Reyes expres\u00f3 que Wad\u00e4ka est\u00e1 llamada a erigirse en una vitrina de la calidad y la pertinencia de la formaci\u00f3n Inces. \u201cQueremos que este caf\u00e9 ofrezca productos venezolanos actuales y ancestrales, y que por sobre todo, la atenci\u00f3n y el servicio sean excepcionales como lo son nuestros participantes\u201d.<\/p>\n<p>&nbsp;<\/p>\n<p style=\"text-align: justify;\">El Inces es un rayo de esperanza para la naci\u00f3n. Es un espacio para la paz, la cultura y el encuentro. Cuando todo el mundo habla de problemas y dificultades, nosotros estamos aportando, construyendo patria. El pa\u00eds necesita gente esforzada, trabajadora y eso es lo que hacemos en esta instituci\u00f3n, asegur\u00f3 Reyes, quien adem\u00e1s ejerce la responsabilidad de la Direcci\u00f3n Estrat\u00e9gica del Inces.<\/p>\n<p>&nbsp;<\/p>\n<p style=\"text-align: justify;\">De esta manera qued\u00f3 abierto el primer Caf\u00e9 Wad\u00e4ka, una franquicia que mostrar\u00e1\u00a0 la formaci\u00f3n para el saber y el hacer que lleva a cabo el Inces. Una formaci\u00f3n pertinente, transformadora y liberadora, al servicio del colectivo social.<\/p>\n<p>&nbsp;<\/p>\n<p><img loading=\"lazy\" decoding=\"async\" class=\"aligncenter wp-image-20544 size-large\" src=\"http:\/\/www.inces.gob.ve\/wp-content\/uploads\/2018\/10\/28092018-INAUGURACION-WADAKA-UNEARTE-JR-64-1024x683.jpg\" alt=\"\" width=\"640\" height=\"427\" srcset=\"https:\/\/inces.gob.ve\/wp-content\/uploads\/2018\/10\/28092018-INAUGURACION-WADAKA-UNEARTE-JR-64-1024x683.jpg 1024w, https:\/\/inces.gob.ve\/wp-content\/uploads\/2018\/10\/28092018-INAUGURACION-WADAKA-UNEARTE-JR-64-300x200.jpg 300w, https:\/\/inces.gob.ve\/wp-content\/uploads\/2018\/10\/28092018-INAUGURACION-WADAKA-UNEARTE-JR-64-768x512.jpg 768w\" sizes=\"auto, (max-width: 640px) 100vw, 640px\" \/><\/p>\n<p>&nbsp;<\/p>\n<p style=\"text-align: justify;\">Finalmente, para cerrar la ceremonia, fueron reconocidos quienes colaboraron en la instalaci\u00f3n y construcci\u00f3n del cafet\u00edn. Correspondi\u00f3 al padre Numa Molina el bautizo del recinto, acompa\u00f1ado tambi\u00e9n por la presidenta del Centro Nacional Aut\u00f3nomo de Cinematograf\u00eda, Aracelis Garc\u00eda y por la Directora General de Educaci\u00f3n para Adultas y Adultos, Belkis Su\u00e1rez; concluyendo el acto con una degustaci\u00f3n de productos.<\/p>\n","protected":false},"excerpt":{"rendered":"<p>** Con la premisa de ofrecer productos venezolanos con la esmerada atenci\u00f3n de trabajadores y aprendices del Inces<\/p>\n","protected":false},"author":4,"featured_media":20534,"comment_status":"closed","ping_status":"open","sticky":true,"template":"","format":"standard","meta":{"footnotes":""},"categories":[2],"tags":[],"class_list":["post-20531","post","type-post","status-publish","format-standard","has-post-thumbnail","hentry","category-blog"],"_links":{"self":[{"href":"https:\/\/inces.gob.ve\/index.php\/wp-json\/wp\/v2\/posts\/20531","targetHints":{"allow":["GET"]}}],"collection":[{"href":"https:\/\/inces.gob.ve\/index.php\/wp-json\/wp\/v2\/posts"}],"about":[{"href":"https:\/\/inces.gob.ve\/index.php\/wp-json\/wp\/v2\/types\/post"}],"author":[{"embeddable":true,"href":"https:\/\/inces.gob.ve\/index.php\/wp-json\/wp\/v2\/users\/4"}],"replies":[{"embeddable":true,"href":"https:\/\/inces.gob.ve\/index.php\/wp-json\/wp\/v2\/comments?post=20531"}],"version-history":[{"count":1,"href":"https:\/\/inces.gob.ve\/index.php\/wp-json\/wp\/v2\/posts\/20531\/revisions"}],"predecessor-version":[{"id":20545,"href":"https:\/\/inces.gob.ve\/index.php\/wp-json\/wp\/v2\/posts\/20531\/revisions\/20545"}],"wp:featuredmedia":[{"embeddable":true,"href":"https:\/\/inces.gob.ve\/index.php\/wp-json\/wp\/v2\/media\/20534"}],"wp:attachment":[{"href":"https:\/\/inces.gob.ve\/index.php\/wp-json\/wp\/v2\/media?parent=20531"}],"wp:term":[{"taxonomy":"category","embeddable":true,"href":"https:\/\/inces.gob.ve\/index.php\/wp-json\/wp\/v2\/categories?post=20531"},{"taxonomy":"post_tag","embeddable":true,"href":"https:\/\/inces.gob.ve\/index.php\/wp-json\/wp\/v2\/tags?post=20531"}],"curies":[{"name":"wp","href":"https:\/\/api.w.org\/{rel}","templated":true}]}}