{"id":20537,"date":"2018-09-29T13:00:19","date_gmt":"2018-09-29T19:00:19","guid":{"rendered":"http:\/\/www.inces.gob.ve\/?p=20537"},"modified":"2020-05-28T20:33:32","modified_gmt":"2020-05-29T00:33:32","slug":"alianza-inces-cnac-fortalecera-el-cine-venezolano","status":"publish","type":"post","link":"https:\/\/inces.gob.ve\/index.php\/2018\/09\/29\/alianza-inces-cnac-fortalecera-el-cine-venezolano\/","title":{"rendered":"Alianza Inces-CNAC fortalecer\u00e1 el cine venezolano"},"content":{"rendered":"<p style=\"text-align: justify;\"><strong><em>** El convenio Inces &#8211; CNAC\u00a0 busca formar al personal t\u00e9cnico de la industria cinematogr\u00e1fica<\/em><\/strong><!--more--><\/p>\n<p>&nbsp;<\/p>\n<p style=\"text-align: justify;\"><strong>LUIS ANGEL | Sede<\/strong><\/p>\n<p style=\"text-align: justify;\">El Instituto Nacional de Capacitaci\u00f3n y Educaci\u00f3n Socialista (Inces) suscribi\u00f3 un convenio de cooperaci\u00f3n con el Centro Nacional Aut\u00f3nomo de Cinematograf\u00eda (CNAC), alianza que permitir\u00e1 desarrollar planes de formaci\u00f3n t\u00e9cnica profesional para potenciar la industria del cine en el pa\u00eds.<\/p>\n<p>&nbsp;<\/p>\n<p style=\"text-align: justify;\">El acto se llev\u00f3 a cabo en la sala de conciertos de la Universidad Nacional Experimental de las Artes (Unearte) y fue presidido por Aracelis Garc\u00eda, presidenta del CNAC; Wuikelman Angel, presidente del Inces y Alejandrina Reyes, rectora de Unearte. Adem\u00e1s, cont\u00f3 con la compa\u00f1\u00eda de personal de las instituciones p\u00fablicas,\u00a0 aprendices del Inces, estudiantes y personas de la comunidad del cine.<\/p>\n<p>&nbsp;<\/p>\n<p style=\"text-align: justify;\"><img loading=\"lazy\" decoding=\"async\" class=\"aligncenter wp-image-20571 size-full\" src=\"http:\/\/www.inces.gob.ve\/wp-content\/uploads\/2018\/09\/7-Inces-\u2013-CNAC-.jpg\" alt=\"\" width=\"800\" height=\"533\" srcset=\"https:\/\/inces.gob.ve\/wp-content\/uploads\/2018\/09\/7-Inces-\u2013-CNAC-.jpg 800w, https:\/\/inces.gob.ve\/wp-content\/uploads\/2018\/09\/7-Inces-\u2013-CNAC--300x200.jpg 300w, https:\/\/inces.gob.ve\/wp-content\/uploads\/2018\/09\/7-Inces-\u2013-CNAC--768x512.jpg 768w\" sizes=\"auto, (max-width: 800px) 100vw, 800px\" \/><\/p>\n<p style=\"text-align: justify;\">El acuerdo interinstitucional abre un abanico de posibilidades a la poblaci\u00f3n venezolana para formarse en diversas \u00e1reas cinematogr\u00e1ficas como vestuario, maquillaje, carpinter\u00eda, electricidad, escenograf\u00eda, entre otras. Adem\u00e1s, el Inces ofrece sus diversas modalidades formativas como cursos, talleres, proyectos, programas y acreditaci\u00f3n de saberes como v\u00edas para la adquisici\u00f3n de conocimientos en los oficios t\u00e9cnicos del cine.<\/p>\n<p>&nbsp;<\/p>\n<p><img loading=\"lazy\" decoding=\"async\" class=\"aligncenter wp-image-20570 size-full\" src=\"http:\/\/www.inces.gob.ve\/wp-content\/uploads\/2018\/09\/8-Inces-\u2013-CNAC-.jpg\" alt=\"\" width=\"800\" height=\"533\" srcset=\"https:\/\/inces.gob.ve\/wp-content\/uploads\/2018\/09\/8-Inces-\u2013-CNAC-.jpg 800w, https:\/\/inces.gob.ve\/wp-content\/uploads\/2018\/09\/8-Inces-\u2013-CNAC--300x200.jpg 300w, https:\/\/inces.gob.ve\/wp-content\/uploads\/2018\/09\/8-Inces-\u2013-CNAC--768x512.jpg 768w\" sizes=\"auto, (max-width: 800px) 100vw, 800px\" \/><\/p>\n<p style=\"text-align: justify;\">Garc\u00eda se\u00f1al\u00f3 que el convenio tiene varios meses de trabajo y su objetivo principal es formar un nuevo contingente de personas que est\u00e9n al servicio de la cinematograf\u00eda nacional. \u00abEste convenio es una vieja aspiraci\u00f3n de la comunidad cinematogr\u00e1fica, espec\u00edficamente del sector t\u00e9cnico. Entre el Inces y el CNAC vamos a establecer un cronograma anual de formaci\u00f3n para seguir\u00a0 rehabilitando los oficios t\u00e9cnicos del cine\u00bb, coment\u00f3 la presidenta del CNAC.<\/p>\n<p>&nbsp;<\/p>\n<p style=\"text-align: justify;\"><img loading=\"lazy\" decoding=\"async\" class=\"aligncenter wp-image-20572 size-full\" src=\"http:\/\/www.inces.gob.ve\/wp-content\/uploads\/2018\/09\/6-Inces-\u2013-CNAC-.jpg\" alt=\"\" width=\"800\" height=\"533\" srcset=\"https:\/\/inces.gob.ve\/wp-content\/uploads\/2018\/09\/6-Inces-\u2013-CNAC-.jpg 800w, https:\/\/inces.gob.ve\/wp-content\/uploads\/2018\/09\/6-Inces-\u2013-CNAC--300x200.jpg 300w, https:\/\/inces.gob.ve\/wp-content\/uploads\/2018\/09\/6-Inces-\u2013-CNAC--768x512.jpg 768w\" sizes=\"auto, (max-width: 800px) 100vw, 800px\" \/><\/p>\n<p style=\"text-align: justify;\">Por su parte, el titular del Inces, Wuikelman Angel, se\u00f1al\u00f3 que la formaci\u00f3n para la producci\u00f3n de bienes y servicios es esencial en la actualidad, por lo que resalta el convenio para fortalecer el \u00e1rea de la cultura y el arte desde el campo cinematogr\u00e1fico. \u00abLa educaci\u00f3n, si no transforma, no sirve y la educaci\u00f3n debe ser de calidad y pertinente, es decir, debe ser productiva\u00bb, a\u00f1adi\u00f3.<\/p>\n<p>&nbsp;<\/p>\n<p style=\"text-align: justify;\">Angel dijo que el acuerdo beneficiar\u00e1 las ocupaciones t\u00e9cnicas del cine debido a la metodolog\u00eda de la instituci\u00f3n. \u00abDesde el Inces hemos construido una metodolog\u00eda para formar, reconocer los conocimientos, y transformar esos saberes en unidades curriculares para luego multiplicar ese conocimiento con nuevos sujetos\u00bb, agreg\u00f3.<\/p>\n<p>&nbsp;<\/p>\n<p><strong>Gente de cine<\/strong><\/p>\n<p style=\"text-align: justify;\">\u00abNosotros aplaudimos y agradecemos a todas las autoridades por este convenio debido a que no contamos con una formaci\u00f3n para los t\u00e9cnicos cinematogr\u00e1ficos venezolanos, en lo personal aprend\u00ed todo en el campo\u00bb, dijo Carlos Bol\u00edvar, representante de la cooperativa Procine, qui\u00e9n, adem\u00e1s, destac\u00f3 el potencial productivo del cine y la capacidad de crear puestos de trabajo. \u00abCuando vemos los cr\u00e9ditos de una pel\u00edcula nos damos cuenta de todas las personas que all\u00ed trabajan\u00bb.<\/p>\n<p>&nbsp;<\/p>\n<p style=\"text-align: justify;\"><img loading=\"lazy\" decoding=\"async\" class=\"aligncenter wp-image-20574 size-full\" src=\"http:\/\/www.inces.gob.ve\/wp-content\/uploads\/2018\/09\/1-Inces-\u2013-CNAC-.jpg\" alt=\"\" width=\"800\" height=\"533\" srcset=\"https:\/\/inces.gob.ve\/wp-content\/uploads\/2018\/09\/1-Inces-\u2013-CNAC-.jpg 800w, https:\/\/inces.gob.ve\/wp-content\/uploads\/2018\/09\/1-Inces-\u2013-CNAC--300x200.jpg 300w, https:\/\/inces.gob.ve\/wp-content\/uploads\/2018\/09\/1-Inces-\u2013-CNAC--768x512.jpg 768w\" sizes=\"auto, (max-width: 800px) 100vw, 800px\" \/><\/p>\n<p style=\"text-align: justify;\"><strong>Oportunidad para la innovaci\u00f3n<\/strong><\/p>\n<p style=\"text-align: justify;\">Aracelis Garc\u00eda agreg\u00f3 que la firma del convenio de cooperaci\u00f3n es una oportunidad para innovar al juntar personas con una basta experiencia t\u00e9cnica del cine, y las herramientas metodol\u00f3gicas del Inces.<\/p>\n<p>&nbsp;<\/p>\n<p style=\"text-align: justify;\"><img loading=\"lazy\" decoding=\"async\" class=\"aligncenter wp-image-20577 size-full\" src=\"http:\/\/www.inces.gob.ve\/wp-content\/uploads\/2018\/09\/99Aracelis-CENAC.jpg\" alt=\"\" width=\"800\" height=\"533\" srcset=\"https:\/\/inces.gob.ve\/wp-content\/uploads\/2018\/09\/99Aracelis-CENAC.jpg 800w, https:\/\/inces.gob.ve\/wp-content\/uploads\/2018\/09\/99Aracelis-CENAC-300x200.jpg 300w, https:\/\/inces.gob.ve\/wp-content\/uploads\/2018\/09\/99Aracelis-CENAC-768x512.jpg 768w\" sizes=\"auto, (max-width: 800px) 100vw, 800px\" \/><\/p>\n<p style=\"text-align: justify;\">\u00abNos vamos a encontrar no solo con personas que pueden ense\u00f1ar el oficio sino que pueden transformar sus conocimientos del cine para innovar, por ejemplo, personas que puedan limpiar \u00f3pticas, que es una debilidad actual; gente que pueda hacer un dolly o maquinaria simple del cine\u00bb, coment\u00f3.<\/p>\n","protected":false},"excerpt":{"rendered":"<p>** El convenio Inces &#8211; CNAC\u00a0 busca formar al personal t\u00e9cnico de la industria cinematogr\u00e1fica<\/p>\n","protected":false},"author":15,"featured_media":20539,"comment_status":"closed","ping_status":"closed","sticky":false,"template":"","format":"standard","meta":{"footnotes":""},"categories":[2],"tags":[],"class_list":["post-20537","post","type-post","status-publish","format-standard","has-post-thumbnail","hentry","category-blog"],"_links":{"self":[{"href":"https:\/\/inces.gob.ve\/index.php\/wp-json\/wp\/v2\/posts\/20537","targetHints":{"allow":["GET"]}}],"collection":[{"href":"https:\/\/inces.gob.ve\/index.php\/wp-json\/wp\/v2\/posts"}],"about":[{"href":"https:\/\/inces.gob.ve\/index.php\/wp-json\/wp\/v2\/types\/post"}],"author":[{"embeddable":true,"href":"https:\/\/inces.gob.ve\/index.php\/wp-json\/wp\/v2\/users\/15"}],"replies":[{"embeddable":true,"href":"https:\/\/inces.gob.ve\/index.php\/wp-json\/wp\/v2\/comments?post=20537"}],"version-history":[{"count":3,"href":"https:\/\/inces.gob.ve\/index.php\/wp-json\/wp\/v2\/posts\/20537\/revisions"}],"predecessor-version":[{"id":20579,"href":"https:\/\/inces.gob.ve\/index.php\/wp-json\/wp\/v2\/posts\/20537\/revisions\/20579"}],"wp:featuredmedia":[{"embeddable":true,"href":"https:\/\/inces.gob.ve\/index.php\/wp-json\/wp\/v2\/media\/20539"}],"wp:attachment":[{"href":"https:\/\/inces.gob.ve\/index.php\/wp-json\/wp\/v2\/media?parent=20537"}],"wp:term":[{"taxonomy":"category","embeddable":true,"href":"https:\/\/inces.gob.ve\/index.php\/wp-json\/wp\/v2\/categories?post=20537"},{"taxonomy":"post_tag","embeddable":true,"href":"https:\/\/inces.gob.ve\/index.php\/wp-json\/wp\/v2\/tags?post=20537"}],"curies":[{"name":"wp","href":"https:\/\/api.w.org\/{rel}","templated":true}]}}