{"id":20557,"date":"2018-10-01T07:45:36","date_gmt":"2018-10-01T13:45:36","guid":{"rendered":"http:\/\/www.inces.gob.ve\/?p=20557"},"modified":"2020-05-28T20:30:58","modified_gmt":"2020-05-29T00:30:58","slug":"inces-e-intt-preparan-importantes-acuerdos-como-la-creacion-de-la-universidad-del-manejo","status":"publish","type":"post","link":"https:\/\/inces.gob.ve\/index.php\/2018\/10\/01\/inces-e-intt-preparan-importantes-acuerdos-como-la-creacion-de-la-universidad-del-manejo\/","title":{"rendered":"Inces e INTT preparan importantes acuerdos como la creaci\u00f3n de la Universidad del Manejo"},"content":{"rendered":"<p style=\"text-align: justify;\" align=\"justify\"><span style=\"font-family: Arial,sans-serif;\"><i><b>** Los encuentros proseguir\u00e1n hasta lograr estrategias que involucren acciones que mejoren el transporte nacional, la educaci\u00f3n para una mejor conducci\u00f3n automotriz, respeto y sensibilizaci\u00f3n hacia las sanciones viales y hasta la creaci\u00f3n de campa\u00f1as divulgativas hacia la poblaci\u00f3n en general. Se prev\u00e9 en breve una presentaci\u00f3n de nuestra metodolog\u00eda PFAP<\/b><\/i><\/span><\/p>\n<p style=\"text-align: justify;\" align=\"justify\"><!--more--><\/p>\n<p align=\"justify\">\n<p style=\"text-align: justify;\" align=\"justify\"><strong><span style=\"font-family: Arial,sans-serif;\">IVALDO RODR\u00cdGUEZ | SEDE<\/span><\/strong><\/p>\n<p align=\"justify\">\n<p style=\"text-align: justify;\" align=\"justify\"><span style=\"font-family: Arial,sans-serif;\">Instalada, y a\u00fan en proceso y actuaci\u00f3n, se haya la mesa de trabajo conjunta entre el Inces y el Instituto Nacional de Transporte Terrestre (INTT) para la Educaci\u00f3n y Construcci\u00f3n de Desarrollo Curricular (Sub-mesa II), enmarcada en el 5to. v\u00e9rtice de la Educaci\u00f3n Vial y Formaci\u00f3n de los Transportistas.<\/span><\/p>\n<p style=\"text-align: justify;\" align=\"justify\"><span style=\"font-family: Arial,sans-serif;\">Se han tratado puntos de vital importancia como el ofrecimiento de la prosecuci\u00f3n acad\u00e9mica a los servidores del INTT; participaci\u00f3n en la creaci\u00f3n de la Universidad del Transporte y la Universidad del Manejo; certificaci\u00f3n y acreditaci\u00f3n en oficios y la creaci\u00f3n de la plataforma virtual para promover la capacitaci\u00f3n a los actores.<\/span><\/p>\n<p style=\"text-align: justify;\" align=\"justify\"><span style=\"font-family: Arial,sans-serif;\">De igual manera, se abord\u00f3 el fortalecimiento de la formaci\u00f3n con aulas virtuales territorializadas vinculando la educaci\u00f3n y sanciones a la sensibilizaci\u00f3n; la creaci\u00f3n del perfil del transportista; la homologaci\u00f3n de la formaci\u00f3n INTT e Inces y la creaci\u00f3n de campa\u00f1as comunicacionales de divulgaci\u00f3n de los contenidos de inter\u00e9s p\u00fablico.<\/span><\/p>\n<p style=\"text-align: justify;\" align=\"justify\"><span style=\"font-family: Arial,sans-serif;\">Como muy importante puede calificarse el paso adelante que se logr\u00f3 con la entrega por parte del INTT al Inces de los contenidos desarrollados por ellos, a fin de que sean revisados y adaptados a la metodolog\u00eda Inces.<\/span><\/p>\n<p style=\"text-align: justify;\" align=\"justify\"><span style=\"font-family: Arial,sans-serif;\">Se cont\u00f3 con la activa participaci\u00f3n de la Gerencia Regional Miranda y con la Gerencia General de Formaci\u00f3n Profesional, a trav\u00e9s de la Gerencia de Tecnolog\u00eda Educativa de la sede y el Programa Ferroviario.<\/span><\/p>\n<p style=\"text-align: justify;\" align=\"justify\"><span style=\"font-family: Arial,sans-serif;\">Por el Inces sede asistieron al primer encuentro Jes\u00fas Hern\u00e1ndez, gerente t\u00e9cnico de Formaci\u00f3n Profesional; Juan Correa, y William Ben\u00edtez. <\/span><\/p>\n<p style=\"text-align: justify;\" align=\"justify\"><span style=\"font-family: Arial,sans-serif;\">De tal manera que, siguiendo las pol\u00edticas del Gobierno Bolivariano, se proseguir\u00e1 la interacci\u00f3n y construcci\u00f3n de acuerdos en esta mesa de Educaci\u00f3n y Construcci\u00f3n de Desarrollo Curricular, Educaci\u00f3n Vial y Formaci\u00f3n de los Transportistas para el pr\u00f3ximo mi\u00e9rcoles 3 de octubre cuando se prev\u00e9 que el Inces presente la metodolog\u00eda de Proyectos de Formaci\u00f3n y Autoformaci\u00f3n Integral Continua y Permanente (PFAP) y el proceso de acreditaci\u00f3n y certificaci\u00f3n por conocimientos en ejercicio. <\/span><\/p>\n","protected":false},"excerpt":{"rendered":"<p>** Los encuentros proseguir\u00e1n hasta lograr estrategias que involucren acciones que mejoren el transporte nacional, la educaci\u00f3n para una mejor conducci\u00f3n automotriz, respeto y sensibilizaci\u00f3n hacia las sanciones viales y hasta la creaci\u00f3n de campa\u00f1as divulgativas hacia la poblaci\u00f3n en general. Se prev\u00e9 en breve una presentaci\u00f3n de nuestra metodolog\u00eda PFAP<\/p>\n","protected":false},"author":15,"featured_media":0,"comment_status":"closed","ping_status":"closed","sticky":false,"template":"","format":"standard","meta":{"footnotes":""},"categories":[2],"tags":[],"class_list":["post-20557","post","type-post","status-publish","format-standard","hentry","category-blog"],"_links":{"self":[{"href":"https:\/\/inces.gob.ve\/index.php\/wp-json\/wp\/v2\/posts\/20557","targetHints":{"allow":["GET"]}}],"collection":[{"href":"https:\/\/inces.gob.ve\/index.php\/wp-json\/wp\/v2\/posts"}],"about":[{"href":"https:\/\/inces.gob.ve\/index.php\/wp-json\/wp\/v2\/types\/post"}],"author":[{"embeddable":true,"href":"https:\/\/inces.gob.ve\/index.php\/wp-json\/wp\/v2\/users\/15"}],"replies":[{"embeddable":true,"href":"https:\/\/inces.gob.ve\/index.php\/wp-json\/wp\/v2\/comments?post=20557"}],"version-history":[{"count":6,"href":"https:\/\/inces.gob.ve\/index.php\/wp-json\/wp\/v2\/posts\/20557\/revisions"}],"predecessor-version":[{"id":20568,"href":"https:\/\/inces.gob.ve\/index.php\/wp-json\/wp\/v2\/posts\/20557\/revisions\/20568"}],"wp:attachment":[{"href":"https:\/\/inces.gob.ve\/index.php\/wp-json\/wp\/v2\/media?parent=20557"}],"wp:term":[{"taxonomy":"category","embeddable":true,"href":"https:\/\/inces.gob.ve\/index.php\/wp-json\/wp\/v2\/categories?post=20557"},{"taxonomy":"post_tag","embeddable":true,"href":"https:\/\/inces.gob.ve\/index.php\/wp-json\/wp\/v2\/tags?post=20557"}],"curies":[{"name":"wp","href":"https:\/\/api.w.org\/{rel}","templated":true}]}}