{"id":20604,"date":"2018-10-01T13:05:19","date_gmt":"2018-10-01T19:05:19","guid":{"rendered":"http:\/\/www.inces.gob.ve\/?p=20604"},"modified":"2020-05-28T20:30:58","modified_gmt":"2020-05-29T00:30:58","slug":"aprendices-de-aragua-culminaron-su-formacion-teorica-con-la-presentacion-del-proyecto-pepa-patria","status":"publish","type":"post","link":"https:\/\/inces.gob.ve\/index.php\/2018\/10\/01\/aprendices-de-aragua-culminaron-su-formacion-teorica-con-la-presentacion-del-proyecto-pepa-patria\/","title":{"rendered":"Aprendices de Aragua culminaron su formaci\u00f3n te\u00f3rica con la presentaci\u00f3n del proyecto Pepa-Patria"},"content":{"rendered":"<p style=\"text-align: justify;\" align=\"justify\"><span style=\"font-family: Arial,sans-serif;\"><i><b>** Se basan en el eslogan \u201cNos distribuimos semillas, sembramos conciencia\u201d<\/b><\/i><\/span><\/p>\n<p style=\"text-align: justify;\" align=\"justify\"><!--more--><\/p>\n<p style=\"text-align: justify;\" align=\"justify\"><span style=\"font-family: Arial,sans-serif;\"><b>MAR\u00cdA VER\u00d3NICA MOLINA | Aragua<\/b><\/span><\/p>\n<p style=\"text-align: justify;\" align=\"justify\"><span style=\"font-family: Arial,sans-serif;\">Aprendices del oficio de Asistente Administrativo de la instancia organizativa Cedae, en Cagua, culminaron su fase de formaci\u00f3n te\u00f3rica con la<b> presentaci\u00f3n del proyecto Pepa-Patria<\/b>. La intenci\u00f3n de esta actividad es contribuir con <b>la creaci\u00f3n de una Empresa de Producci\u00f3n Social (EPS) dedicada a la producci\u00f3n, distribuci\u00f3n y comercializaci\u00f3n de semillas org\u00e1nicas.<\/b><\/span><\/p>\n<p style=\"text-align: justify;\" align=\"justify\"><span style=\"font-family: Arial,sans-serif;\">Este proyecto, integrado por 16 j\u00f3venes, se inici\u00f3 como una idea interna de los estudiantes del instituto y su nombre se debe al sentido de pertenencia hacia nuestro pa\u00eds y basado en la cultura dial\u00e9ctica del venezolano al denominar la semilla de alguna fruta como \u201cpepa\u201d. Responsables de la Coordinaci\u00f3n Docente del Cedae resaltaron que \u201ctodo ello es importante como eje transversal en la formaci\u00f3n integral del aprendiz\u201d.<\/span><\/p>\n<p style=\"text-align: justify;\" align=\"justify\"><span style=\"font-family: Arial,sans-serif;\"><img loading=\"lazy\" decoding=\"async\" class=\"aligncenter wp-image-20607 size-full\" src=\"http:\/\/www.inces.gob.ve\/wp-content\/uploads\/2018\/10\/2Aprendices-de-Aragua-.jpg\" alt=\"\" width=\"800\" height=\"600\" srcset=\"https:\/\/inces.gob.ve\/wp-content\/uploads\/2018\/10\/2Aprendices-de-Aragua-.jpg 800w, https:\/\/inces.gob.ve\/wp-content\/uploads\/2018\/10\/2Aprendices-de-Aragua--300x225.jpg 300w, https:\/\/inces.gob.ve\/wp-content\/uploads\/2018\/10\/2Aprendices-de-Aragua--768x576.jpg 768w, https:\/\/inces.gob.ve\/wp-content\/uploads\/2018\/10\/2Aprendices-de-Aragua--136x102.jpg 136w\" sizes=\"auto, (max-width: 800px) 100vw, 800px\" \/><\/span><\/p>\n<p style=\"text-align: justify;\" align=\"justify\"><span style=\"font-family: Arial,sans-serif;\">Agregaron que el objetivo de los participantes fue incentivar el cultivo urbano durante su proceso de aprendizaje, quienes adem\u00e1s, crearon un \u201cBanco de Semillas\u201d para mantener la continuidad de este proyecto en el tiempo y compartirlo con el resto de la poblaci\u00f3n del instituto Cedae. <\/span><\/p>\n<p style=\"text-align: justify;\" align=\"justify\"><img loading=\"lazy\" decoding=\"async\" class=\"aligncenter wp-image-20605 size-full\" src=\"http:\/\/www.inces.gob.ve\/wp-content\/uploads\/2018\/10\/5Aprendices-de-Aragua-.jpg\" alt=\"\" width=\"800\" height=\"600\" srcset=\"https:\/\/inces.gob.ve\/wp-content\/uploads\/2018\/10\/5Aprendices-de-Aragua-.jpg 800w, https:\/\/inces.gob.ve\/wp-content\/uploads\/2018\/10\/5Aprendices-de-Aragua--300x225.jpg 300w, https:\/\/inces.gob.ve\/wp-content\/uploads\/2018\/10\/5Aprendices-de-Aragua--768x576.jpg 768w, https:\/\/inces.gob.ve\/wp-content\/uploads\/2018\/10\/5Aprendices-de-Aragua--136x102.jpg 136w\" sizes=\"auto, (max-width: 800px) 100vw, 800px\" \/><\/p>\n<p style=\"text-align: justify;\" align=\"justify\"><span style=\"font-family: Arial,sans-serif;\">Con el eslogan de su presentaci\u00f3n final \u201cno distribuimos semillas, sembramos conciencia\u201d; los 16 j\u00f3venes pasaron a la fase pr\u00e1ctica en varias entidades de trabajo de la regi\u00f3n, entre ellas Ovomar, C.A., Frigor\u00edfico Industrial Turmero, C.A. y Administradora SD 1980, C.A, las cuales contrataron a los aprendices al inicio de su formaci\u00f3n en el instituto.<\/span><\/p>\n<p style=\"text-align: justify;\" align=\"justify\"><span style=\"font-family: Arial,sans-serif;\"><img loading=\"lazy\" decoding=\"async\" class=\"aligncenter wp-image-20606 size-full\" src=\"http:\/\/www.inces.gob.ve\/wp-content\/uploads\/2018\/10\/3Aprendices-de-Aragua-.jpg\" alt=\"\" width=\"800\" height=\"600\" srcset=\"https:\/\/inces.gob.ve\/wp-content\/uploads\/2018\/10\/3Aprendices-de-Aragua-.jpg 800w, https:\/\/inces.gob.ve\/wp-content\/uploads\/2018\/10\/3Aprendices-de-Aragua--300x225.jpg 300w, https:\/\/inces.gob.ve\/wp-content\/uploads\/2018\/10\/3Aprendices-de-Aragua--768x576.jpg 768w, https:\/\/inces.gob.ve\/wp-content\/uploads\/2018\/10\/3Aprendices-de-Aragua--136x102.jpg 136w\" sizes=\"auto, (max-width: 800px) 100vw, 800px\" \/><\/span><\/p>\n","protected":false},"excerpt":{"rendered":"<p>** Se basan en el eslogan \u201cNos distribuimos semillas, sembramos conciencia\u201d<\/p>\n","protected":false},"author":15,"featured_media":20608,"comment_status":"closed","ping_status":"closed","sticky":false,"template":"","format":"standard","meta":{"footnotes":""},"categories":[2],"tags":[],"class_list":["post-20604","post","type-post","status-publish","format-standard","has-post-thumbnail","hentry","category-blog"],"_links":{"self":[{"href":"https:\/\/inces.gob.ve\/index.php\/wp-json\/wp\/v2\/posts\/20604","targetHints":{"allow":["GET"]}}],"collection":[{"href":"https:\/\/inces.gob.ve\/index.php\/wp-json\/wp\/v2\/posts"}],"about":[{"href":"https:\/\/inces.gob.ve\/index.php\/wp-json\/wp\/v2\/types\/post"}],"author":[{"embeddable":true,"href":"https:\/\/inces.gob.ve\/index.php\/wp-json\/wp\/v2\/users\/15"}],"replies":[{"embeddable":true,"href":"https:\/\/inces.gob.ve\/index.php\/wp-json\/wp\/v2\/comments?post=20604"}],"version-history":[{"count":2,"href":"https:\/\/inces.gob.ve\/index.php\/wp-json\/wp\/v2\/posts\/20604\/revisions"}],"predecessor-version":[{"id":20610,"href":"https:\/\/inces.gob.ve\/index.php\/wp-json\/wp\/v2\/posts\/20604\/revisions\/20610"}],"wp:featuredmedia":[{"embeddable":true,"href":"https:\/\/inces.gob.ve\/index.php\/wp-json\/wp\/v2\/media\/20608"}],"wp:attachment":[{"href":"https:\/\/inces.gob.ve\/index.php\/wp-json\/wp\/v2\/media?parent=20604"}],"wp:term":[{"taxonomy":"category","embeddable":true,"href":"https:\/\/inces.gob.ve\/index.php\/wp-json\/wp\/v2\/categories?post=20604"},{"taxonomy":"post_tag","embeddable":true,"href":"https:\/\/inces.gob.ve\/index.php\/wp-json\/wp\/v2\/tags?post=20604"}],"curies":[{"name":"wp","href":"https:\/\/api.w.org\/{rel}","templated":true}]}}