{"id":20611,"date":"2018-10-01T13:15:54","date_gmt":"2018-10-01T19:15:54","guid":{"rendered":"http:\/\/www.inces.gob.ve\/?p=20611"},"modified":"2020-05-28T20:30:58","modified_gmt":"2020-05-29T00:30:58","slug":"inces-carabobo-y-movimiento-somos-venezuela-realizan-mantenimiento-a-escuela","status":"publish","type":"post","link":"https:\/\/inces.gob.ve\/index.php\/2018\/10\/01\/inces-carabobo-y-movimiento-somos-venezuela-realizan-mantenimiento-a-escuela\/","title":{"rendered":"Inces Carabobo y Movimiento \u201cSomos Venezuela\u201d Realizan Mantenimiento a Escuela"},"content":{"rendered":"<p style=\"text-align: justify;\" align=\"justify\"><a name=\"_GoBack\"><\/a><span style=\"font-family: Arial,sans-serif;\">*<em><strong>* El Inces Carabobo viene incorporando a las comunidades en el mantenimiento de las escuelas en la regi\u00f3n<\/strong><\/em><\/span><\/p>\n<p style=\"text-align: justify;\" align=\"justify\"><!--more--><\/p>\n<p style=\"text-align: justify;\" align=\"justify\">\n<p style=\"text-align: justify;\" align=\"justify\"><span style=\"font-family: Arial,sans-serif;\">SANDRA AGUILAR | Carabobo<\/span><\/p>\n<p style=\"text-align: justify;\" align=\"justify\">\n<p style=\"text-align: justify;\" align=\"justify\"><span style=\"font-family: Arial,sans-serif;\">El Instituto Nacional de Capacitaci\u00f3n y Educaci\u00f3n Socialista (INCES) realiz\u00f3 conjuntamente con el Movimiento Somos Venezuela una jornada de mantenimiento y pintura en el Instituto de Educaci\u00f3n Especial \u201cLuisa C\u00e1ceres de Arismendi\u201d, ubicada en Flor Amarillo, parroquia Rafael Urdaneta de la capital carabobe\u00f1a, en donde estuvo presente la Secretaria general Nacional de la agrupaci\u00f3n juvenil, Mar\u00eda Rosa Jim\u00e9nez .<\/span><\/p>\n<p style=\"text-align: justify;\" align=\"justify\">\n<p style=\"text-align: justify;\" align=\"justify\"><span style=\"font-family: Arial,sans-serif;\">La jornada se realiz\u00f3 este fin de semana y fue presidida por el gerente regional del Inces, Guyen Soto, quien comparti\u00f3 con los asistentes al realizar una asamblea de padres y representantes y personal docente en donde se incentiv\u00f3 a mantener el planta f\u00edsica as\u00ed como como cuidar las instalaciones ambientales para el bienestar de ni\u00f1os, ni\u00f1as y adolescentes que cursan estudios en ese centro educativo.<\/span><\/p>\n<p style=\"text-align: justify;\" align=\"justify\">\n<p style=\"text-align: justify;\" align=\"justify\"><span style=\"font-family: Arial,sans-serif;\">Igualmente, se visit\u00f3 el CDI ubicado en las adyacencias, verificando jornada de vacunaci\u00f3n, y censo de parto humanizado. Luego se hizo una asamblea con brigadistas de Somos Venezuela y el Sistema de Misiones y Grandes Misiones.<\/span><\/p>\n<p style=\"text-align: justify;\" align=\"justify\"><span style=\"font-family: Arial,sans-serif;\"><img loading=\"lazy\" decoding=\"async\" class=\"aligncenter wp-image-20613 \" src=\"http:\/\/www.inces.gob.ve\/wp-content\/uploads\/2018\/10\/1Somos-Venezuela.jpg\" alt=\"\" width=\"718\" height=\"684\" srcset=\"https:\/\/inces.gob.ve\/wp-content\/uploads\/2018\/10\/1Somos-Venezuela.jpg 800w, https:\/\/inces.gob.ve\/wp-content\/uploads\/2018\/10\/1Somos-Venezuela-300x286.jpg 300w, https:\/\/inces.gob.ve\/wp-content\/uploads\/2018\/10\/1Somos-Venezuela-768x732.jpg 768w\" sizes=\"auto, (max-width: 718px) 100vw, 718px\" \/><\/span><\/p>\n<p style=\"text-align: justify;\" align=\"justify\">\n<span style=\"font-family: Arial,sans-serif;\">Finalmente visitaron el Consejo Legislativo del Estado Carabobo, en donde Mar\u00eda Rosa Jim\u00e9nez, en un conversatorio, explic\u00f3 las 10 l\u00edneas del plan de recuperaci\u00f3n, estabilidad y prosperidad econ\u00f3mica de nuestro Presidente Nicol\u00e1s Maduro, y las fases del despliegue en defensa de Plan que deben hacer las brigadas de Somos Venezuela.<\/span><\/p>\n<p style=\"text-align: justify;\" align=\"justify\">\n<p style=\"text-align: justify;\" align=\"justify\"><span style=\"font-family: Arial,sans-serif;\">Guyen Soto destac\u00f3 que, en el mencionado centro de educaci\u00f3n especial en horas de la tarde, el INCES ha venido desarrollando formaciones para certificar a los alumnos y sus padres y representantes en reparaci\u00f3n de bombillos ahorradores, elaboraci\u00f3n de pasapalos, panader\u00edas, y se continuar\u00e1 en este nuevo a\u00f1o escolar d\u00e1ndole apoyo a los ni\u00f1os y ni\u00f1as especiales de la comunidad de Flor amarillo que hacen vida en la instituci\u00f3n. <\/span><\/p>\n<p align=\"justify\">\n<p style=\"text-align: justify;\" align=\"justify\"><span style=\"font-family: Arial,sans-serif;\">Por su parte Mar\u00eda Rosa Jim\u00e9nez felicit\u00f3 la labor del Inces, instituci\u00f3n esta que coadyuva al desarrollo productivo del pa\u00eds, en especial de Carabobo, en donde vienen incorporando no solamente a los j\u00f3venes sino tambi\u00e9n a la comunidad en general, brind\u00e1ndolee un oficio para su desempe\u00f1o productivo, labor que hacen con m\u00edstica de trabajo e inter\u00e9s de los participantes. <\/span><\/p>\n","protected":false},"excerpt":{"rendered":"<p>** El Inces Carabobo viene incorporando a las comunidades en el mantenimiento de las escuelas en la regi\u00f3n<\/p>\n","protected":false},"author":15,"featured_media":20612,"comment_status":"closed","ping_status":"closed","sticky":false,"template":"","format":"standard","meta":{"footnotes":""},"categories":[2],"tags":[],"class_list":["post-20611","post","type-post","status-publish","format-standard","has-post-thumbnail","hentry","category-blog"],"_links":{"self":[{"href":"https:\/\/inces.gob.ve\/index.php\/wp-json\/wp\/v2\/posts\/20611","targetHints":{"allow":["GET"]}}],"collection":[{"href":"https:\/\/inces.gob.ve\/index.php\/wp-json\/wp\/v2\/posts"}],"about":[{"href":"https:\/\/inces.gob.ve\/index.php\/wp-json\/wp\/v2\/types\/post"}],"author":[{"embeddable":true,"href":"https:\/\/inces.gob.ve\/index.php\/wp-json\/wp\/v2\/users\/15"}],"replies":[{"embeddable":true,"href":"https:\/\/inces.gob.ve\/index.php\/wp-json\/wp\/v2\/comments?post=20611"}],"version-history":[{"count":1,"href":"https:\/\/inces.gob.ve\/index.php\/wp-json\/wp\/v2\/posts\/20611\/revisions"}],"predecessor-version":[{"id":20614,"href":"https:\/\/inces.gob.ve\/index.php\/wp-json\/wp\/v2\/posts\/20611\/revisions\/20614"}],"wp:featuredmedia":[{"embeddable":true,"href":"https:\/\/inces.gob.ve\/index.php\/wp-json\/wp\/v2\/media\/20612"}],"wp:attachment":[{"href":"https:\/\/inces.gob.ve\/index.php\/wp-json\/wp\/v2\/media?parent=20611"}],"wp:term":[{"taxonomy":"category","embeddable":true,"href":"https:\/\/inces.gob.ve\/index.php\/wp-json\/wp\/v2\/categories?post=20611"},{"taxonomy":"post_tag","embeddable":true,"href":"https:\/\/inces.gob.ve\/index.php\/wp-json\/wp\/v2\/tags?post=20611"}],"curies":[{"name":"wp","href":"https:\/\/api.w.org\/{rel}","templated":true}]}}