{"id":20616,"date":"2018-10-02T09:32:57","date_gmt":"2018-10-02T15:32:57","guid":{"rendered":"http:\/\/www.inces.gob.ve\/?p=20616"},"modified":"2020-05-28T20:30:58","modified_gmt":"2020-05-29T00:30:58","slug":"inces-tachira-comprometido-con-el-patrimonio-de-la-region-andina","status":"publish","type":"post","link":"https:\/\/inces.gob.ve\/index.php\/2018\/10\/02\/inces-tachira-comprometido-con-el-patrimonio-de-la-region-andina\/","title":{"rendered":"Inces T\u00e1chira comprometido con el Patrimonio de la Regi\u00f3n Andina"},"content":{"rendered":"<p class=\"western\" style=\"text-align: justify;\" align=\"justify\"><span style=\"font-family: Arial,sans-serif;\"><i><b>** Mintur, Incret, OMT e Inces trabajan por juntos por el fortalecimiento del motor Turismo<\/b><\/i><\/span><\/p>\n<p class=\"western\" style=\"text-align: justify;\" align=\"justify\"><!--more--><\/p>\n<p class=\"western\" style=\"text-align: justify;\" align=\"justify\"><span style=\"font-family: Arial,sans-serif;\"><b>T\u00c1CHIRA \/INCES<\/b><\/span><\/p>\n<p class=\"western\" style=\"text-align: justify;\" align=\"justify\"><span style=\"font-family: Arial,sans-serif;\">\u00a0<\/span><\/p>\n<p class=\"western\" style=\"text-align: justify;\" align=\"justify\"><span style=\"font-family: Arial,sans-serif;\">En el marco del D\u00eda mundial del Turismo, el Instituto Nacional de Capacitaci\u00f3n y Educaci\u00f3n Socialista (Inces) particip\u00f3 en el foro \u201cRedes Sociales y Turismo\u201d, acompa\u00f1ado por los entes gubernamentales: Ministerio del Poder Popular para el Turismo(Mintur); Instituto Nacional de Turismo (Inatur); Organizaci\u00f3n mundial del Turismo (OMT) y el Instituto Nacional de Capacitaci\u00f3n y Recreaci\u00f3n de los Trabajadores (Incret), fortaleciendo lazos interinstitucionales y el patrimonio cultural y tur\u00edstico del estado andino. <\/span><\/p>\n<p align=\"justify\">\n<p class=\"western\" style=\"text-align: justify;\" align=\"justify\"><span style=\"font-family: Arial,sans-serif;\">El gerente regional del Inces T\u00e1chira, Geovanni Gonz\u00e1lez recalc\u00f3, que todos los que forman parte del turismo en el pa\u00eds se encuentran de fiesta conmemorando una fecha importante para el reconocimiento del turismo y la cultura venezolana desde los a\u00f1os 70.<\/span><\/p>\n<p class=\"western\" style=\"text-align: justify;\" align=\"justify\"><span style=\"font-family: Arial,sans-serif;\"><img loading=\"lazy\" decoding=\"async\" class=\"aligncenter wp-image-20619 size-full\" src=\"http:\/\/www.inces.gob.ve\/wp-content\/uploads\/2018\/10\/2Patrimonio-de-la-Regi\u00f3n.jpeg\" alt=\"\" width=\"800\" height=\"343\" srcset=\"https:\/\/inces.gob.ve\/wp-content\/uploads\/2018\/10\/2Patrimonio-de-la-Regi\u00f3n.jpeg 800w, https:\/\/inces.gob.ve\/wp-content\/uploads\/2018\/10\/2Patrimonio-de-la-Regi\u00f3n-300x129.jpeg 300w, https:\/\/inces.gob.ve\/wp-content\/uploads\/2018\/10\/2Patrimonio-de-la-Regi\u00f3n-768x329.jpeg 768w\" sizes=\"auto, (max-width: 800px) 100vw, 800px\" \/><\/span><\/p>\n<p class=\"western\" style=\"text-align: justify;\" align=\"justify\"><span style=\"font-family: Arial,sans-serif;\">Seguidamente, Gonz\u00e1lez destac\u00f3 el trabajo que realiz\u00f3 el presidente Hugo Rafael Ch\u00e1vez Fr\u00edas como promotor del turismo de Venezuela, expresando las palabras que en su momento el comandante eterno manifest\u00f3 \u201cNo se trata de ese turismo capitalista y perverso del consumismo de la explotaci\u00f3n de la gente, del alcoholismo, los casinos, de la prostituci\u00f3n, eso es capitalismo, no turismo\u201d <\/span><\/p>\n<p class=\"western\" style=\"text-align: justify;\" align=\"justify\"><span style=\"font-family: Arial,sans-serif;\">De igual manera, Tatiana Monsalve, coordinadora del Centro de Formaci\u00f3n Socialista (CFS) Negro Primero, Programa de Turismo, se\u00f1al\u00f3 la labor que viene desempe\u00f1ando el Inces con Inatur, formando aprendices y j\u00f3venes chambistas en las \u00e1reas de sensibilizaci\u00f3n del turismo, recreadores y cocineritos tur\u00edsticos y a su vez, con el fin de formar a la colectividad tachirense e incentivar a que se apropien del patrimonio tur\u00edstico y cultural de nuestra regi\u00f3n andina.<\/span><\/p>\n<p class=\"western\" style=\"text-align: justify;\" align=\"justify\"><span style=\"font-family: Arial,sans-serif;\"><img loading=\"lazy\" decoding=\"async\" class=\"aligncenter wp-image-20618 size-full\" src=\"http:\/\/www.inces.gob.ve\/wp-content\/uploads\/2018\/10\/3Patrimonio-de-la-Regi\u00f3n.jpeg\" alt=\"\" width=\"800\" height=\"486\" srcset=\"https:\/\/inces.gob.ve\/wp-content\/uploads\/2018\/10\/3Patrimonio-de-la-Regi\u00f3n.jpeg 800w, https:\/\/inces.gob.ve\/wp-content\/uploads\/2018\/10\/3Patrimonio-de-la-Regi\u00f3n-300x182.jpeg 300w, https:\/\/inces.gob.ve\/wp-content\/uploads\/2018\/10\/3Patrimonio-de-la-Regi\u00f3n-768x467.jpeg 768w\" sizes=\"auto, (max-width: 800px) 100vw, 800px\" \/><\/span><\/p>\n<p class=\"western\" style=\"text-align: justify;\" align=\"justify\"><a name=\"_GoBack\"><\/a><span style=\"font-family: Arial,sans-serif;\">As\u00ed mismo, estuvo presente la coordinadora Estadal de Mintur la Fabiola Barrera, acompa\u00f1ada por la ponente Elizabeth Reyes, entes gubernamentales, estudiantes y p\u00fablico en general, en el que se reiter\u00f3 la importancia de las redes sociales y la transformaci\u00f3n digital, herramienta fundamental en la industria del turismo. <\/span><\/p>\n<p class=\"western\" style=\"text-align: justify;\" align=\"justify\"><img loading=\"lazy\" decoding=\"async\" class=\"aligncenter wp-image-20617 size-full\" src=\"http:\/\/www.inces.gob.ve\/wp-content\/uploads\/2018\/10\/5Patrimonio-de-la-Regi\u00f3n.jpeg\" alt=\"\" width=\"800\" height=\"450\" srcset=\"https:\/\/inces.gob.ve\/wp-content\/uploads\/2018\/10\/5Patrimonio-de-la-Regi\u00f3n.jpeg 800w, https:\/\/inces.gob.ve\/wp-content\/uploads\/2018\/10\/5Patrimonio-de-la-Regi\u00f3n-300x169.jpeg 300w, https:\/\/inces.gob.ve\/wp-content\/uploads\/2018\/10\/5Patrimonio-de-la-Regi\u00f3n-768x432.jpeg 768w\" sizes=\"auto, (max-width: 800px) 100vw, 800px\" \/><\/p>\n<p class=\"western\" style=\"text-align: justify;\" align=\"justify\"><span style=\"font-family: Arial,sans-serif;\">Para finalizar, Gonz\u00e1lez hizo una invitaci\u00f3n a los entes gubernamentales a fortalecer los lazos de hermandad para continuar con el trabajo en conjunto y as\u00ed impulsar al m\u00e1ximo el motor turismo en el estado T\u00e1chira. <\/span><\/p>\n","protected":false},"excerpt":{"rendered":"<p>** Mintur, Incret, OMT e Inces trabajan por juntos por el fortalecimiento del motor Turismo<\/p>\n","protected":false},"author":15,"featured_media":20620,"comment_status":"closed","ping_status":"closed","sticky":false,"template":"","format":"standard","meta":{"footnotes":""},"categories":[2],"tags":[],"class_list":["post-20616","post","type-post","status-publish","format-standard","has-post-thumbnail","hentry","category-blog"],"_links":{"self":[{"href":"https:\/\/inces.gob.ve\/index.php\/wp-json\/wp\/v2\/posts\/20616","targetHints":{"allow":["GET"]}}],"collection":[{"href":"https:\/\/inces.gob.ve\/index.php\/wp-json\/wp\/v2\/posts"}],"about":[{"href":"https:\/\/inces.gob.ve\/index.php\/wp-json\/wp\/v2\/types\/post"}],"author":[{"embeddable":true,"href":"https:\/\/inces.gob.ve\/index.php\/wp-json\/wp\/v2\/users\/15"}],"replies":[{"embeddable":true,"href":"https:\/\/inces.gob.ve\/index.php\/wp-json\/wp\/v2\/comments?post=20616"}],"version-history":[{"count":2,"href":"https:\/\/inces.gob.ve\/index.php\/wp-json\/wp\/v2\/posts\/20616\/revisions"}],"predecessor-version":[{"id":20622,"href":"https:\/\/inces.gob.ve\/index.php\/wp-json\/wp\/v2\/posts\/20616\/revisions\/20622"}],"wp:featuredmedia":[{"embeddable":true,"href":"https:\/\/inces.gob.ve\/index.php\/wp-json\/wp\/v2\/media\/20620"}],"wp:attachment":[{"href":"https:\/\/inces.gob.ve\/index.php\/wp-json\/wp\/v2\/media?parent=20616"}],"wp:term":[{"taxonomy":"category","embeddable":true,"href":"https:\/\/inces.gob.ve\/index.php\/wp-json\/wp\/v2\/categories?post=20616"},{"taxonomy":"post_tag","embeddable":true,"href":"https:\/\/inces.gob.ve\/index.php\/wp-json\/wp\/v2\/tags?post=20616"}],"curies":[{"name":"wp","href":"https:\/\/api.w.org\/{rel}","templated":true}]}}