{"id":20627,"date":"2018-10-02T10:16:13","date_gmt":"2018-10-02T16:16:13","guid":{"rendered":"http:\/\/www.inces.gob.ve\/?p=20627"},"modified":"2020-05-28T20:30:58","modified_gmt":"2020-05-29T00:30:58","slug":"se-aproxima-la-eleccion-y-posterior-creacion-de-los-consejos-estudiantiles-de-las-ue-inces","status":"publish","type":"post","link":"https:\/\/inces.gob.ve\/index.php\/2018\/10\/02\/se-aproxima-la-eleccion-y-posterior-creacion-de-los-consejos-estudiantiles-de-las-ue-inces\/","title":{"rendered":"Se aproxima la elecci\u00f3n y posterior creaci\u00f3n de los Consejos Estudiantiles de las UE Inces"},"content":{"rendered":"<p style=\"text-align: justify;\" align=\"justify\"><span style=\"font-family: Arial,sans-serif;\"><span style=\"font-size: medium;\"><b><span style=\"color: #000000;\">** <\/span><span style=\"color: #000000;\">Todo ser\u00e1 a partir de la conformaci\u00f3n de la Comisi\u00f3n Electoral el 15 de octubre. El primer Congreso <\/span><span style=\"color: #000000;\">Nacional de los Consejos Estudiantiles ser\u00e1 el gran colof\u00f3n de estas jornadas y cuenta con fecha tentativa para mes de noviembre 2018<\/span><\/b><\/span><\/span><!--more--><\/p>\n<p style=\"text-align: justify;\" align=\"justify\"><span style=\"font-family: Arial,sans-serif;\"><span style=\"font-size: medium;\"><b><span style=\"color: #000000;\">I<\/span><span style=\"color: #000000;\">VALDO RODR\u00cdGUEZ | SEDE<\/span><\/b><\/span><\/span><\/p>\n<p align=\"justify\">\n<p style=\"text-align: justify;\" align=\"justify\"><span style=\"font-family: Arial,sans-serif;\"><span style=\"font-size: medium;\"><span style=\"color: #000000;\">Para el venidero mi\u00e9rcoles 17 y jueves 18 de octubre est\u00e1 previsto el inicio de las elecciones de la v<\/span><span style=\"color: #000000;\">o<\/span><span style=\"color: #000000;\">cer\u00eda que conforma el Consejo Estudiantil de las unidades educativas del Instituto Nacional de Capacitaci\u00f3n y Educaci\u00f3n Socialista (Inces), con la celebraci\u00f3n de los comicios de donde surgir\u00e1n los <\/span><span style=\"color: #000000;\"><b>voceros estudiantiles<\/b><\/span><span style=\"color: #000000;\"> por secci\u00f3n, siendo \u00e9stos los primeros en elegirse.<\/span><\/span><\/span><\/p>\n<p style=\"text-align: justify;\" align=\"justify\"><span style=\"font-family: Arial,sans-serif;\"><span style=\"font-size: medium;\"><span style=\"color: #000000;\">Seg\u00fan el cronograma que nos <\/span><span style=\"color: #000000;\">fue cedido, las restantes vocer\u00edas ser\u00e1n electas sucesivamente <\/span><span style=\"color: #000000;\">para concluir <\/span><span style=\"color: #000000;\">el mes de noviembre <\/span><span style=\"color: #000000;\">con la celebraci\u00f3n del <\/span><span style=\"color: #000000;\"><b>1<\/b><\/span><span style=\"color: #000000;\"><sup><b>er<\/b><\/sup><\/span><span style=\"color: #000000;\"><b> Congreso Nacional de los Consejos Estudiantiles<\/b><\/span><span style=\"color: #000000;\"> de las Unidades Educativas INCES, conjuntamente con la Elecci\u00f3n Nacional de la Direcci\u00f3n Nacional.<\/span><\/span><\/span><\/p>\n<p style=\"text-align: justify;\" align=\"justify\"><span style=\"font-family: Arial,sans-serif;\"><span style=\"font-size: medium;\"><span style=\"color: #000000;\">Recordemos que el Consejo Estudiantil<\/span> <span style=\"color: #000000;\">es aquella instancia organizativa y corresponsable de los estudiantes inscritos en la Unidades Educativas del INCES; <\/span><span style=\"color: #000000;\">d<\/span><span style=\"color: #000000;\">e donde se deduce que el poder popular estudiantil act\u00faa de forma participativa y protag\u00f3nica en los diferentes \u00e1mbitos para la creaci\u00f3n de planes, programas, proyectos educativos y comunitarios en un clima democr\u00e1tico, de paz, respeto, tolerancia y solidaridad.<\/span><\/span><\/span><\/p>\n<p style=\"text-align: justify;\" align=\"justify\"><span style=\"font-family: Arial,sans-serif;\"><span style=\"font-size: medium;\"><span style=\"color: #000000;\">Cabe acotar que esta figura de participaci\u00f3n colectiva trabajar\u00e1 de la mano con la <\/span><span style=\"color: #000000;\"><b>Juventud Productiva INCES<\/b><\/span><span style=\"color: #000000;\"> y las gerencias generales, en el contexto del componente laboral para la formaci\u00f3n socio-productiva.<\/span><\/span><\/span><\/p>\n<p style=\"text-align: justify;\" align=\"justify\"><span style=\"font-family: Arial,sans-serif;\"><span style=\"font-size: medium;\"><span style=\"color: #000000;\"><img loading=\"lazy\" decoding=\"async\" class=\"aligncenter wp-image-20629 size-full\" src=\"http:\/\/www.inces.gob.ve\/wp-content\/uploads\/2018\/10\/1Consejos-Estudiantiles.jpg\" alt=\"\" width=\"800\" height=\"424\" srcset=\"https:\/\/inces.gob.ve\/wp-content\/uploads\/2018\/10\/1Consejos-Estudiantiles.jpg 800w, https:\/\/inces.gob.ve\/wp-content\/uploads\/2018\/10\/1Consejos-Estudiantiles-300x159.jpg 300w, https:\/\/inces.gob.ve\/wp-content\/uploads\/2018\/10\/1Consejos-Estudiantiles-768x407.jpg 768w\" sizes=\"auto, (max-width: 800px) 100vw, 800px\" \/><\/span><\/span><\/span><\/p>\n<p style=\"text-align: justify;\" align=\"justify\"><span style=\"font-family: Arial,sans-serif;\"><span style=\"font-size: medium;\"><span style=\"color: #000000;\">L<\/span><span style=\"color: #000000;\">a importancia de este estamento estudiantil se sustenta en responsabilidades como la participaci\u00f3n activa y el<\/span><span style=\"color: #000000;\"> compromiso del mantenimiento de la planta f\u00edsica, materiales, equipos, mobiliarios y otros bienes pertenecientes a los centro de formaci\u00f3n y espacios alternativos de las Unidades Educativas <\/span><span style=\"color: #000000;\">del Instituto<\/span><span style=\"color: #000000;\">. Asimismo, en el desarrollo de acciones que disminuyan factores de riesgo y potencien los factores de protecci\u00f3n.<\/span><\/span><\/span><\/p>\n<p style=\"text-align: justify;\" align=\"justify\"><span style=\"font-family: Arial,sans-serif;\"><span style=\"font-size: medium;\"><span style=\"color: #000000;\">Otra funci\u00f3n relevante de Consejo <\/span><span style=\"color: #000000;\">E<\/span><span style=\"color: #000000;\">studiantil es su p<\/span><span style=\"color: #000000;\">articipa<\/span><span style=\"color: #000000;\">ci\u00f3n<\/span><span style=\"color: #000000;\"> en la construcci\u00f3n de Proyectos Educativos Comunitarios y otras formas de organizaciones de los aprendizajes en las instituciones educativas, en aras de la integraci\u00f3n de las familias, escuela y comunidad, a fin de garantizar las transformaciones que ellos requieran, <\/span><span style=\"color: #000000;\">respondiendo por la e<\/span><span style=\"color: #000000;\">labora<\/span><span style=\"color: #000000;\">ci\u00f3n<\/span><span style=\"color: #000000;\"> y presenta<\/span><span style=\"color: #000000;\">ci\u00f3n de<\/span><span style=\"color: #000000;\"> informes de gesti\u00f3n por cada per<\/span><span style=\"color: #000000;\">\u00ed<\/span><span style=\"color: #000000;\">odo escolar de las actividades realizadas ante la <\/span><span style=\"color: #000000;\">A<\/span><span style=\"color: #000000;\">samblea <\/span><span style=\"color: #000000;\">E<\/span><span style=\"color: #000000;\">scolar.<\/span><\/span><\/span><\/p>\n<p style=\"text-align: justify;\" align=\"justify\"><span style=\"font-family: Arial,sans-serif;\"><span style=\"font-size: medium;\"><span style=\"color: #000000;\">E<\/span><span style=\"color: #000000;\">s v\u00e1lido aclarar que la estructura del Consejo Estudiantil<\/span><b> <\/b><span style=\"color: #000000;\">se articula con un<\/span> <span style=\"color: #000000;\">vocero<\/span><span style=\"color: #000000;\"> Integrador, un<\/span><span style=\"color: #000000;\">o<\/span><span style=\"color: #000000;\"> contralor, <\/span><span style=\"color: #000000;\">otro<\/span><span style=\"color: #000000;\"> activista estudiantil y un \u00falt<\/span><span style=\"color: #000000;\">i<\/span><span style=\"color: #000000;\">mo como vocero productivo.<\/span><\/span><\/span><\/p>\n<p style=\"text-align: justify;\" align=\"justify\"><span style=\"color: #000000;\"><span style=\"font-family: Arial,sans-serif;\"><span style=\"font-size: medium;\">Las fechas previstas para las restantes elecciones, es decir, para las otras instancias, son como siguen:<\/span><\/span><\/span><\/p>\n<p style=\"text-align: justify;\" align=\"justify\"><span style=\"font-family: Arial,sans-serif;\"><span style=\"font-size: medium;\"><span style=\"color: #000000;\">Elecci\u00f3n de <\/span><span style=\"color: #000000;\"><b>v<\/b><\/span><span style=\"color: #000000;\"><b>oceros <\/b><\/span><span style=\"color: #000000;\"><b>e<\/b><\/span><span style=\"color: #000000;\"><b>studiantiles por per<\/b><\/span><span style=\"color: #000000;\"><b>\u00ed<\/b><\/span><span style=\"color: #000000;\"><b>odo<\/b><\/span> <span style=\"color: #000000;\">para el 19 y 20 de octubre; la designaci\u00f3n <\/span><span style=\"color: #000000;\">de<\/span><span style=\"color: #000000;\"> los v<\/span><span style=\"color: #000000;\">oceros <\/span><span style=\"color: #000000;\">e<\/span><span style=\"color: #000000;\">studiantiles por <\/span><span style=\"color: #000000;\">a<\/span><span style=\"color: #000000;\">mbiente de formaci\u00f3n <\/span><span style=\"color: #000000;\">se planific\u00f3 del <\/span><span style=\"color: #000000;\">21 <\/span><span style=\"color: #000000;\">al <\/span><span style=\"color: #000000;\">22;<\/span> <span style=\"color: #000000;\"><b>los voceros por estados<\/b><\/span><span style=\"color: #000000;\"> se dilucidar\u00e1n del 25 al 26 y finalmente los electos por <\/span><span style=\"color: #000000;\"><b>Redi<\/b><\/span><span style=\"color: #000000;\"> surgir\u00e1n el 29 del mismo mes <\/span><span style=\"color: #000000;\">de octubre.<\/span><\/span><\/span><\/p>\n<p style=\"text-align: justify;\" align=\"justify\"><span style=\"font-family: Arial,sans-serif;\"><span style=\"font-size: medium;\"><span style=\"color: #000000;\">Para concluir se nos inform\u00f3 que la Comisi\u00f3n Electoral, m\u00e1xima instancia en estos procesos, <\/span><span style=\"color: #000000;\">se conformar\u00e1 el venidero 15 de octubre.<\/span><\/span><\/span><\/p>\n","protected":false},"excerpt":{"rendered":"<p>** Todo ser\u00e1 a partir de la conformaci\u00f3n de la Comisi\u00f3n Electoral el 15 de octubre. El primer Congreso Nacional de los Consejos Estudiantiles ser\u00e1 el gran colof\u00f3n de estas jornadas y cuenta con fecha tentativa para mes de noviembre 2018<\/p>\n","protected":false},"author":15,"featured_media":20628,"comment_status":"closed","ping_status":"closed","sticky":false,"template":"","format":"standard","meta":{"footnotes":""},"categories":[2],"tags":[],"class_list":["post-20627","post","type-post","status-publish","format-standard","has-post-thumbnail","hentry","category-blog"],"_links":{"self":[{"href":"https:\/\/inces.gob.ve\/index.php\/wp-json\/wp\/v2\/posts\/20627","targetHints":{"allow":["GET"]}}],"collection":[{"href":"https:\/\/inces.gob.ve\/index.php\/wp-json\/wp\/v2\/posts"}],"about":[{"href":"https:\/\/inces.gob.ve\/index.php\/wp-json\/wp\/v2\/types\/post"}],"author":[{"embeddable":true,"href":"https:\/\/inces.gob.ve\/index.php\/wp-json\/wp\/v2\/users\/15"}],"replies":[{"embeddable":true,"href":"https:\/\/inces.gob.ve\/index.php\/wp-json\/wp\/v2\/comments?post=20627"}],"version-history":[{"count":2,"href":"https:\/\/inces.gob.ve\/index.php\/wp-json\/wp\/v2\/posts\/20627\/revisions"}],"predecessor-version":[{"id":20631,"href":"https:\/\/inces.gob.ve\/index.php\/wp-json\/wp\/v2\/posts\/20627\/revisions\/20631"}],"wp:featuredmedia":[{"embeddable":true,"href":"https:\/\/inces.gob.ve\/index.php\/wp-json\/wp\/v2\/media\/20628"}],"wp:attachment":[{"href":"https:\/\/inces.gob.ve\/index.php\/wp-json\/wp\/v2\/media?parent=20627"}],"wp:term":[{"taxonomy":"category","embeddable":true,"href":"https:\/\/inces.gob.ve\/index.php\/wp-json\/wp\/v2\/categories?post=20627"},{"taxonomy":"post_tag","embeddable":true,"href":"https:\/\/inces.gob.ve\/index.php\/wp-json\/wp\/v2\/tags?post=20627"}],"curies":[{"name":"wp","href":"https:\/\/api.w.org\/{rel}","templated":true}]}}