{"id":20647,"date":"2018-10-02T14:03:34","date_gmt":"2018-10-02T20:03:34","guid":{"rendered":"http:\/\/www.inces.gob.ve\/?p=20647"},"modified":"2020-05-28T20:30:58","modified_gmt":"2020-05-29T00:30:58","slug":"inces-sucre-realiza-consejo-de-gestion-con-promotores-y-maestros-tecnicos-productivos","status":"publish","type":"post","link":"https:\/\/inces.gob.ve\/index.php\/2018\/10\/02\/inces-sucre-realiza-consejo-de-gestion-con-promotores-y-maestros-tecnicos-productivos\/","title":{"rendered":"Inces Sucre realiza Consejo de Gesti\u00f3n con promotores y maestros t\u00e9cnicos productivos"},"content":{"rendered":"<p align=\"justify\"><span style=\"font-family: Arial,sans-serif;\"><span style=\"font-size: medium;\"><i><b>** En la junta se impartieron las l\u00edneas de trabajo instruidas por el Ministro Arist\u00f3bulo Ist\u00fariz por video conferencia<\/b><\/i><\/span><\/span><!--more--><\/p>\n<p align=\"justify\">\n<p align=\"justify\"><span style=\"font-family: Arial,sans-serif;\"><span style=\"font-size: medium;\"><b>MILAGROS GUERRERO | Sucre<\/b><\/span><\/span><\/p>\n<p align=\"justify\">\n<p align=\"justify\"><span style=\"font-family: Arial,sans-serif;\"><span style=\"font-size: medium;\">El Instituto Nacional de Capacitaci\u00f3n y Educaci\u00f3n Socialista (Inces) en el estado Sucre, realiz\u00f3 un Consejo de Gesti\u00f3n de promotores y maestros t\u00e9cnicos productivos y facilitadores, en aras de fortalecer el trabajo con los aprendices, participantes y sujetos de aprendizaje puertas a dentro de las aulas de clase. <\/span><\/span><\/p>\n<p align=\"justify\">\n<p align=\"justify\"><span style=\"font-family: Arial,sans-serif;\"><span style=\"font-size: medium;\">El objetivo fue unificar criterios que coadyuven al fortalecimiento de la labor formativa y productiva, donde los aportes m\u00e1s fuertes surgieron directamente de los ptp, mtp, mtv y facilitadores del Inces. Todo enmarcado en las l\u00edneas de trabajo direccionadas por el Ministro de Educaci\u00f3n Arist\u00f3bulo Ist\u00fariz, a trav\u00e9s de una video conferencia. <\/span><\/span><\/p>\n<p align=\"justify\">\n<p align=\"justify\"><span style=\"font-family: Arial,sans-serif;\"><span style=\"font-size: medium;\">Para la gerente regional Audin Navarro, lo que se busca es reforzar los valores y principios sociales, desde la dimensi\u00f3n humana, a trav\u00e9s de la formaci\u00f3n productiva de los j\u00f3venes que buscan instruirse en la instituci\u00f3n, en procura de una vida m\u00e1s digna que los impulse a un mejor vivir, dentro de la concepci\u00f3n de la productividad con los modos y medios de producci\u00f3n socialista. Lo que lleva a una revisi\u00f3n continua de la ense\u00f1anza y a la reflexi\u00f3n de una pedagog\u00eda que induzca en el participante una conducta c\u00edvica positivas, necesaria para obtener la excelencia de los egresados de la instituci\u00f3n.<\/span><\/span><\/p>\n<p align=\"justify\">\n<p align=\"justify\"><span style=\"font-family: Arial,sans-serif;\"><span style=\"font-size: medium;\"><b>Juntos para mejorar<\/b><\/span><\/span><\/p>\n<p align=\"justify\"><span style=\"font-family: Arial,sans-serif;\"><span style=\"font-size: medium;\">Distribuidos en mesas por centros de formaci\u00f3n, los profesores plantearon debilidades de todo tipo para, de inmediato, asumir la tarea y el compromiso de c\u00f3mo fortalecer el proceso de ense\u00f1anza-aprendizaje productivos, que transforme lo negativo del ahora en positivo desde ya. Resolvieron afianzar valores como: solidaridad, honestidad, humildad, respeto, comunicaci\u00f3n, perseverancia, responsabilidad, sentido de pertenencia, disciplina, trabajo, patriotismo, nacionalismo, amor a la patria, tolerancia, identidad dignidad; que son valores y principios ciudadanos.<\/span><\/span><\/p>\n<p align=\"justify\">\n<p align=\"justify\"><span style=\"font-family: Arial,sans-serif;\"><span style=\"font-size: medium;\">La manera de aplicar esos valores desde el aula, ser\u00e1 por medio de recursos como: talleres, dramatizaciones, lecturas reflexivas, utilizaci\u00f3n consciente de las redes sociales (twitter, face look, instagram, telegram, whatsApp, blogs), compartir de experiencias, convivencias, jornadas deportivas, elaboraci\u00f3n de pale\u00f3grafos, carteleras, entre otros.<\/span><\/span><\/p>\n<p align=\"justify\">\n<p align=\"justify\"><span style=\"font-family: Arial,sans-serif;\"><span style=\"font-size: medium;\">Hay que destacar que se acord\u00f3 dar cumplimiento a las ordenes del Ministro Ist\u00fariz, tomando en cuenta todos los elementos, organizando la semana de actividades as\u00ed: lunes c\u00edvicos; martes productivos; mi\u00e9rcoles de deporte y recreaci\u00f3n; jueves culturales; y el viernes ser\u00e1 dedicado a darle mantenimiento a las instalaciones de la instituci\u00f3n donde se impartan las formaciones productivas. <\/span><\/span><\/p>\n<p align=\"justify\">\n<p align=\"justify\"><span style=\"font-family: Arial,sans-serif;\"><span style=\"font-size: medium;\">Para finalizar, cabe destacar que a la reuni\u00f3n acudieron los ptp, mtp, mtv y facilitadores de los CFS del Eje Sucre; as\u00ed como Educaci\u00f3n B\u00e1sica, los Programas Penitenciario, Turismo, PNA y todos los \u00e1mbitos de formaci\u00f3n. La acci\u00f3n se replicar\u00e1 en los CFS del Eje de Paria.<\/span><\/span><\/p>\n","protected":false},"excerpt":{"rendered":"<p>** En la junta se impartieron las l\u00edneas de trabajo instruidas por el Ministro Arist\u00f3bulo Ist\u00fariz por video conferencia<\/p>\n","protected":false},"author":15,"featured_media":20624,"comment_status":"closed","ping_status":"closed","sticky":false,"template":"","format":"standard","meta":{"footnotes":""},"categories":[2],"tags":[],"class_list":["post-20647","post","type-post","status-publish","format-standard","has-post-thumbnail","hentry","category-blog"],"_links":{"self":[{"href":"https:\/\/inces.gob.ve\/index.php\/wp-json\/wp\/v2\/posts\/20647","targetHints":{"allow":["GET"]}}],"collection":[{"href":"https:\/\/inces.gob.ve\/index.php\/wp-json\/wp\/v2\/posts"}],"about":[{"href":"https:\/\/inces.gob.ve\/index.php\/wp-json\/wp\/v2\/types\/post"}],"author":[{"embeddable":true,"href":"https:\/\/inces.gob.ve\/index.php\/wp-json\/wp\/v2\/users\/15"}],"replies":[{"embeddable":true,"href":"https:\/\/inces.gob.ve\/index.php\/wp-json\/wp\/v2\/comments?post=20647"}],"version-history":[{"count":1,"href":"https:\/\/inces.gob.ve\/index.php\/wp-json\/wp\/v2\/posts\/20647\/revisions"}],"predecessor-version":[{"id":20648,"href":"https:\/\/inces.gob.ve\/index.php\/wp-json\/wp\/v2\/posts\/20647\/revisions\/20648"}],"wp:featuredmedia":[{"embeddable":true,"href":"https:\/\/inces.gob.ve\/index.php\/wp-json\/wp\/v2\/media\/20624"}],"wp:attachment":[{"href":"https:\/\/inces.gob.ve\/index.php\/wp-json\/wp\/v2\/media?parent=20647"}],"wp:term":[{"taxonomy":"category","embeddable":true,"href":"https:\/\/inces.gob.ve\/index.php\/wp-json\/wp\/v2\/categories?post=20647"},{"taxonomy":"post_tag","embeddable":true,"href":"https:\/\/inces.gob.ve\/index.php\/wp-json\/wp\/v2\/tags?post=20647"}],"curies":[{"name":"wp","href":"https:\/\/api.w.org\/{rel}","templated":true}]}}