{"id":20654,"date":"2018-10-02T14:32:56","date_gmt":"2018-10-02T20:32:56","guid":{"rendered":"http:\/\/www.inces.gob.ve\/?p=20654"},"modified":"2020-05-28T20:30:58","modified_gmt":"2020-05-29T00:30:58","slug":"jornada-de-trabajo-voluntario-en-caraballeda-conto-con-la-presencia-del-gobernador-de-vargas","status":"publish","type":"post","link":"https:\/\/inces.gob.ve\/index.php\/2018\/10\/02\/jornada-de-trabajo-voluntario-en-caraballeda-conto-con-la-presencia-del-gobernador-de-vargas\/","title":{"rendered":"Jornada de trabajo voluntario en Caraballeda cont\u00f3 con la presencia del gobernador de Vargas"},"content":{"rendered":"<p class=\"western\" style=\"text-align: justify;\"><span style=\"font-family: Arial,sans-serif;\"><span style=\"font-size: medium;\"><i><b>** Estos encuentros continuar\u00e1n tras la planificaci\u00f3n con la zona educativa y las misiones socialistas<\/b><\/i><\/span><\/span><\/p>\n<p class=\"western\" style=\"text-align: justify;\"><!--more--><\/p>\n<p class=\"western\" style=\"text-align: justify;\"><span style=\"font-family: Arial,sans-serif;\"><span style=\"font-size: medium;\"><b>ZUVALQUI DUARTE | Vargas<\/b><\/span><\/span><\/p>\n<p class=\"western\" style=\"text-align: justify;\"><span style=\"font-family: Arial,sans-serif;\"><span style=\"font-size: medium;\">Trabajadores, maestros y promotores t\u00e9cnicos productivos participaron en la jornada de trabajo voluntario en el liceo bolivariano Juan Jos\u00e9 Mendoza en Caribe, estado Vargas, en el marco de la recuperaci\u00f3n de los centros educativos para el inicio de las actividades de la educaci\u00f3n media. Durante el recorrido por las instalaciones estuvo el gobernador de la entidad, Jorge Luis Garc\u00eda Carneiro.<\/span><\/span><\/p>\n<p class=\"western\" style=\"text-align: justify;\"><span style=\"font-family: Arial,sans-serif;\"><span style=\"font-size: medium;\">Estos encuentros se han desarrollado en todo el mes de septiembre tras la convocatoria del Ministerio del Poder Popular para la Educaci\u00f3n, con el fin de reparar, limpiar y embellecer los espacios educativos y la recuperaci\u00f3n de mesas \u2013 sillas tan importantes para el sector estudiantil.<\/span><\/span><\/p>\n<p class=\"western\" style=\"text-align: justify;\"><span style=\"font-family: Arial,sans-serif;\"><span style=\"font-size: medium;\"><img loading=\"lazy\" decoding=\"async\" class=\"aligncenter wp-image-20658 size-full\" src=\"http:\/\/www.inces.gob.ve\/wp-content\/uploads\/2018\/10\/1Jornada-de-trabajo-voluntario.jpg\" alt=\"\" width=\"800\" height=\"600\" srcset=\"https:\/\/inces.gob.ve\/wp-content\/uploads\/2018\/10\/1Jornada-de-trabajo-voluntario.jpg 800w, https:\/\/inces.gob.ve\/wp-content\/uploads\/2018\/10\/1Jornada-de-trabajo-voluntario-300x225.jpg 300w, https:\/\/inces.gob.ve\/wp-content\/uploads\/2018\/10\/1Jornada-de-trabajo-voluntario-768x576.jpg 768w, https:\/\/inces.gob.ve\/wp-content\/uploads\/2018\/10\/1Jornada-de-trabajo-voluntario-136x102.jpg 136w\" sizes=\"auto, (max-width: 800px) 100vw, 800px\" \/><\/span><\/span><\/p>\n<p class=\"western\" style=\"text-align: justify;\"><span style=\"font-family: Arial,sans-serif;\"><span style=\"font-size: medium;\">Jorge Luis Garc\u00eda Carneiro, gobernador del estado, celebr\u00f3 el acompa\u00f1amiento de las instituciones y del poder popular a esta iniciativa del MPPPE y a trav\u00e9s de una entrevista a prensa Inces Vargas coment\u00f3: \u201cMis expectativas en este nuevo a\u00f1o escolar es recibir los recursos para terminar la Ciudad Educativa de tantos sue\u00f1os y la que va a acabar con los problemas educativos de la zona. Es una deuda social con nuestros ni\u00f1os, porque construyeron muchos apartamentos, muchas viviendas y no se acordaron que tambi\u00e9n deb\u00edan aportarle a las escuelas fundamentalmente. Ya el ministro Arist\u00f3bulo Ist\u00fariz tiene todo en sus manos y se lo va a llevar al presidente Nicol\u00e1s Maduro, de manera que si me dan los recursos, Dios mediante, a la Ciudad Educativa comenzaremos a darle lo m\u00e1s r\u00e1pido posible porque es una deuda que debe ser saldada\u201d.<\/span><\/span><\/p>\n<p class=\"western\" style=\"text-align: justify;\"><img loading=\"lazy\" decoding=\"async\" class=\"aligncenter wp-image-20656 size-full\" src=\"http:\/\/www.inces.gob.ve\/wp-content\/uploads\/2018\/10\/3Jornada-de-trabajo-voluntario.jpg\" alt=\"\" width=\"800\" height=\"669\" srcset=\"https:\/\/inces.gob.ve\/wp-content\/uploads\/2018\/10\/3Jornada-de-trabajo-voluntario.jpg 800w, https:\/\/inces.gob.ve\/wp-content\/uploads\/2018\/10\/3Jornada-de-trabajo-voluntario-300x251.jpg 300w, https:\/\/inces.gob.ve\/wp-content\/uploads\/2018\/10\/3Jornada-de-trabajo-voluntario-768x642.jpg 768w\" sizes=\"auto, (max-width: 800px) 100vw, 800px\" \/><\/p>\n<p class=\"western\" style=\"text-align: justify;\"><span style=\"font-family: Arial,sans-serif;\"><span style=\"font-size: medium;\">La Ciudad Educativa es un ambicioso proyecto que beneficiar\u00e1 a m\u00e1s de 5 mil alumnos en cinco niveles de educaci\u00f3n: inicial, especial (para ni\u00f1os con discapacidad), primaria, secundaria y diversificada y el \u00e1rea t\u00e9cnica-comercial. Tendr\u00e1 25 mil metros cuadrados de construcci\u00f3n y el resto ser\u00e1n \u00e1reas de recreaci\u00f3n y deporte\u201d.<\/span><\/span><\/p>\n<p class=\"western\" style=\"text-align: justify;\"><span style=\"font-family: Arial,sans-serif;\"><span style=\"font-size: medium;\"><img loading=\"lazy\" decoding=\"async\" class=\"aligncenter wp-image-20657 size-full\" src=\"http:\/\/www.inces.gob.ve\/wp-content\/uploads\/2018\/10\/2Jornada-de-trabajo-voluntario.jpg\" alt=\"\" width=\"800\" height=\"676\" srcset=\"https:\/\/inces.gob.ve\/wp-content\/uploads\/2018\/10\/2Jornada-de-trabajo-voluntario.jpg 800w, https:\/\/inces.gob.ve\/wp-content\/uploads\/2018\/10\/2Jornada-de-trabajo-voluntario-300x254.jpg 300w, https:\/\/inces.gob.ve\/wp-content\/uploads\/2018\/10\/2Jornada-de-trabajo-voluntario-768x649.jpg 768w\" sizes=\"auto, (max-width: 800px) 100vw, 800px\" \/><\/span><\/span><\/p>\n","protected":false},"excerpt":{"rendered":"<p>** Estos encuentros continuar\u00e1n tras la planificaci\u00f3n con la zona educativa y las misiones socialistas<\/p>\n","protected":false},"author":15,"featured_media":20663,"comment_status":"closed","ping_status":"closed","sticky":false,"template":"","format":"standard","meta":{"footnotes":""},"categories":[2],"tags":[],"class_list":["post-20654","post","type-post","status-publish","format-standard","has-post-thumbnail","hentry","category-blog"],"_links":{"self":[{"href":"https:\/\/inces.gob.ve\/index.php\/wp-json\/wp\/v2\/posts\/20654","targetHints":{"allow":["GET"]}}],"collection":[{"href":"https:\/\/inces.gob.ve\/index.php\/wp-json\/wp\/v2\/posts"}],"about":[{"href":"https:\/\/inces.gob.ve\/index.php\/wp-json\/wp\/v2\/types\/post"}],"author":[{"embeddable":true,"href":"https:\/\/inces.gob.ve\/index.php\/wp-json\/wp\/v2\/users\/15"}],"replies":[{"embeddable":true,"href":"https:\/\/inces.gob.ve\/index.php\/wp-json\/wp\/v2\/comments?post=20654"}],"version-history":[{"count":3,"href":"https:\/\/inces.gob.ve\/index.php\/wp-json\/wp\/v2\/posts\/20654\/revisions"}],"predecessor-version":[{"id":20662,"href":"https:\/\/inces.gob.ve\/index.php\/wp-json\/wp\/v2\/posts\/20654\/revisions\/20662"}],"wp:featuredmedia":[{"embeddable":true,"href":"https:\/\/inces.gob.ve\/index.php\/wp-json\/wp\/v2\/media\/20663"}],"wp:attachment":[{"href":"https:\/\/inces.gob.ve\/index.php\/wp-json\/wp\/v2\/media?parent=20654"}],"wp:term":[{"taxonomy":"category","embeddable":true,"href":"https:\/\/inces.gob.ve\/index.php\/wp-json\/wp\/v2\/categories?post=20654"},{"taxonomy":"post_tag","embeddable":true,"href":"https:\/\/inces.gob.ve\/index.php\/wp-json\/wp\/v2\/tags?post=20654"}],"curies":[{"name":"wp","href":"https:\/\/api.w.org\/{rel}","templated":true}]}}