{"id":20677,"date":"2018-10-02T15:14:33","date_gmt":"2018-10-02T21:14:33","guid":{"rendered":"http:\/\/www.inces.gob.ve\/?p=20677"},"modified":"2020-05-28T20:30:58","modified_gmt":"2020-05-29T00:30:58","slug":"el-inces-bolivar-se-une-al-plan-esta-es-mi-escuela","status":"publish","type":"post","link":"https:\/\/inces.gob.ve\/index.php\/2018\/10\/02\/el-inces-bolivar-se-une-al-plan-esta-es-mi-escuela\/","title":{"rendered":"El Inces Bol\u00edvar se une al plan Esta es mi Escuela"},"content":{"rendered":"<p align=\"justify\"><span style=\"font-family: Arial,sans-serif;\"><i><b>** La recuperaci\u00f3n de los espacios se har\u00e1 de manera permanente<\/b><\/i><\/span><\/p>\n<p align=\"justify\"><!--more--><\/p>\n<p align=\"justify\"><span style=\"font-family: Arial,sans-serif;\"><b>ALEXSSIA THOMAS | Bol\u00edvar <\/b><\/span><\/p>\n<p align=\"justify\">\n<p align=\"justify\"><span style=\"font-family: Arial,sans-serif;\">En el marco del plan Esta es mi escuela, el equipo de la gerencia regional del Inces Bol\u00edvar, en compa\u00f1\u00eda de la viceministra de Educaci\u00f3n, Gisela Toro y el gobernador del estado, Justo Noguera, se traslad\u00f3 a la Escuela T\u00e9cnica Industrial \u201cRa\u00fal Leoni Otero\u201d ubicada en San F\u00e9lix, con la finalidad de establecer un cronograma para la recuperaci\u00f3n de esta instituci\u00f3n.<\/span><\/p>\n<p align=\"justify\"><span style=\"font-family: Arial,sans-serif;\">Durante la actividad el personal de infraestructura y mantenimiento del Inces, en conjunto con la comunidad de la parroquia Sim\u00f3n Bol\u00edvar, ayudaron a desmalezar las \u00e1reas verdes y a recuperar las instalaciones del colegio.<\/span><\/p>\n<p align=\"justify\"><span style=\"font-family: Arial,sans-serif;\"><img loading=\"lazy\" decoding=\"async\" class=\"aligncenter wp-image-20678 size-full\" src=\"http:\/\/www.inces.gob.ve\/wp-content\/uploads\/2018\/10\/6Esta-es-mi-Escuela-.jpeg\" alt=\"\" width=\"800\" height=\"600\" srcset=\"https:\/\/inces.gob.ve\/wp-content\/uploads\/2018\/10\/6Esta-es-mi-Escuela-.jpeg 800w, https:\/\/inces.gob.ve\/wp-content\/uploads\/2018\/10\/6Esta-es-mi-Escuela--300x225.jpeg 300w, https:\/\/inces.gob.ve\/wp-content\/uploads\/2018\/10\/6Esta-es-mi-Escuela--768x576.jpeg 768w, https:\/\/inces.gob.ve\/wp-content\/uploads\/2018\/10\/6Esta-es-mi-Escuela--136x102.jpeg 136w\" sizes=\"auto, (max-width: 800px) 100vw, 800px\" \/><\/span><\/p>\n<p align=\"justify\"><span style=\"font-family: Arial,sans-serif;\">Esta labor que vienen ejerciendo todas las instituciones, se da cumpliendo las orientaciones del ministro de Educaci\u00f3n, para rehabilitar los centros educativos en este regreso a clases.<\/span><\/p>\n<p align=\"justify\">\n<p align=\"justify\"><span style=\"font-family: Arial,sans-serif;\">Como aporte a este plan, el Inces Bol\u00edvar ha visitado 20 escuelas donde se han realizado jornadas de limpieza, pintura y siembra de plantas. Adem\u00e1s de llevar a cabo esta labor social en los diferentes planteles del estado, tambi\u00e9n realizar\u00e1 y reparar\u00e1 mesas-sillas pertenecientes a la escuela bachiller \u201cFelipe Hern\u00e1ndez\u201d, del municipio Caron\u00ed y a la escuela del municipio Heres, \u201cColumbo Silva\u201d.<\/span><\/p>\n<p align=\"justify\"><span style=\"font-family: Arial,sans-serif;\"><img loading=\"lazy\" decoding=\"async\" class=\"aligncenter wp-image-20679 size-full\" src=\"http:\/\/www.inces.gob.ve\/wp-content\/uploads\/2018\/10\/4Esta-es-mi-Escuela-.jpeg\" alt=\"\" width=\"800\" height=\"600\" srcset=\"https:\/\/inces.gob.ve\/wp-content\/uploads\/2018\/10\/4Esta-es-mi-Escuela-.jpeg 800w, https:\/\/inces.gob.ve\/wp-content\/uploads\/2018\/10\/4Esta-es-mi-Escuela--300x225.jpeg 300w, https:\/\/inces.gob.ve\/wp-content\/uploads\/2018\/10\/4Esta-es-mi-Escuela--768x576.jpeg 768w, https:\/\/inces.gob.ve\/wp-content\/uploads\/2018\/10\/4Esta-es-mi-Escuela--136x102.jpeg 136w\" sizes=\"auto, (max-width: 800px) 100vw, 800px\" \/><\/span><\/p>\n<p align=\"justify\"><span style=\"font-family: Arial,sans-serif;\">La gerente regional Inces Bol\u00edvar, Ruth Jim\u00e9nez, expres\u00f3: \u201cTodos estamos abocados a la recuperaci\u00f3n de los espacios, a la repartici\u00f3n de los morrales y a garantizar un ambiente adecuado para la educaci\u00f3n b\u00e1sica, media y diversificada\u201d. <\/span><\/p>\n<p align=\"justify\">\n<p align=\"justify\"><span style=\"font-family: Arial,sans-serif;\">Anunci\u00f3 que en articulaci\u00f3n con el programa Todas las Manos a la Siembra, se dar\u00e1 formaci\u00f3n a los estudiantes, profesores y comunidad, en el oficio de Productor de Hortalizas Urbanas para impulsar la siembra productiva en las instituciones.<\/span><\/p>\n<p align=\"justify\"><img loading=\"lazy\" decoding=\"async\" class=\"aligncenter wp-image-20681 size-full\" src=\"http:\/\/www.inces.gob.ve\/wp-content\/uploads\/2018\/10\/1Esta-es-mi-Escuela-.jpeg\" alt=\"\" width=\"800\" height=\"600\" srcset=\"https:\/\/inces.gob.ve\/wp-content\/uploads\/2018\/10\/1Esta-es-mi-Escuela-.jpeg 800w, https:\/\/inces.gob.ve\/wp-content\/uploads\/2018\/10\/1Esta-es-mi-Escuela--300x225.jpeg 300w, https:\/\/inces.gob.ve\/wp-content\/uploads\/2018\/10\/1Esta-es-mi-Escuela--768x576.jpeg 768w, https:\/\/inces.gob.ve\/wp-content\/uploads\/2018\/10\/1Esta-es-mi-Escuela--136x102.jpeg 136w\" sizes=\"auto, (max-width: 800px) 100vw, 800px\" \/><\/p>\n<p align=\"justify\"><span style=\"font-family: Arial,sans-serif;\">Por su parte, la viceministra Toro asever\u00f3 que el apoyo de la comunidad es fundamental para mantener en excelente condiciones las instituciones \u201cen esta escuela podemos ver hecho realidad ese principio de la responsabilidad porque hay integraci\u00f3n de la familia, escuela y comunidad\u201d.<\/span><\/p>\n<p align=\"justify\"><span style=\"font-family: Arial,sans-serif;\">De igual modo, se dio a conocer que el \u00faltimo viernes de cada mes, se realizar\u00e1 labor social, y se integrar\u00e1 a la milicia de la localidad , con el objetivo de mantener los espacios educativos. <\/span><\/p>\n","protected":false},"excerpt":{"rendered":"<p>** La recuperaci\u00f3n de los espacios se har\u00e1 de manera permanente<\/p>\n","protected":false},"author":15,"featured_media":20680,"comment_status":"closed","ping_status":"closed","sticky":false,"template":"","format":"standard","meta":{"footnotes":""},"categories":[2],"tags":[],"class_list":["post-20677","post","type-post","status-publish","format-standard","has-post-thumbnail","hentry","category-blog"],"_links":{"self":[{"href":"https:\/\/inces.gob.ve\/index.php\/wp-json\/wp\/v2\/posts\/20677","targetHints":{"allow":["GET"]}}],"collection":[{"href":"https:\/\/inces.gob.ve\/index.php\/wp-json\/wp\/v2\/posts"}],"about":[{"href":"https:\/\/inces.gob.ve\/index.php\/wp-json\/wp\/v2\/types\/post"}],"author":[{"embeddable":true,"href":"https:\/\/inces.gob.ve\/index.php\/wp-json\/wp\/v2\/users\/15"}],"replies":[{"embeddable":true,"href":"https:\/\/inces.gob.ve\/index.php\/wp-json\/wp\/v2\/comments?post=20677"}],"version-history":[{"count":2,"href":"https:\/\/inces.gob.ve\/index.php\/wp-json\/wp\/v2\/posts\/20677\/revisions"}],"predecessor-version":[{"id":20683,"href":"https:\/\/inces.gob.ve\/index.php\/wp-json\/wp\/v2\/posts\/20677\/revisions\/20683"}],"wp:featuredmedia":[{"embeddable":true,"href":"https:\/\/inces.gob.ve\/index.php\/wp-json\/wp\/v2\/media\/20680"}],"wp:attachment":[{"href":"https:\/\/inces.gob.ve\/index.php\/wp-json\/wp\/v2\/media?parent=20677"}],"wp:term":[{"taxonomy":"category","embeddable":true,"href":"https:\/\/inces.gob.ve\/index.php\/wp-json\/wp\/v2\/categories?post=20677"},{"taxonomy":"post_tag","embeddable":true,"href":"https:\/\/inces.gob.ve\/index.php\/wp-json\/wp\/v2\/tags?post=20677"}],"curies":[{"name":"wp","href":"https:\/\/api.w.org\/{rel}","templated":true}]}}