{"id":20684,"date":"2018-10-02T15:22:26","date_gmt":"2018-10-02T21:22:26","guid":{"rendered":"http:\/\/www.inces.gob.ve\/?p=20684"},"modified":"2020-05-28T20:30:58","modified_gmt":"2020-05-29T00:30:58","slug":"reactivacion-de-la-conexion-a-internet-en-el-cfs-metalminero","status":"publish","type":"post","link":"https:\/\/inces.gob.ve\/index.php\/2018\/10\/02\/reactivacion-de-la-conexion-a-internet-en-el-cfs-metalminero\/","title":{"rendered":"Reactivaci\u00f3n de la conexi\u00f3n a internet en el CFS Metalminero"},"content":{"rendered":"<p style=\"text-align: justify;\"><span style=\"font-family: Arial,sans-serif;\"><i><b>** El equipo de inform\u00e1tica y pasantes se dispusieron a reponer el sistema estructural de eternet con miras a mejorar la comunicaci\u00f3n <\/b><\/i><\/span><\/p>\n<p style=\"text-align: justify;\">\n<!--more--><\/p>\n<p style=\"text-align: justify;\"><span style=\"font-family: Arial,sans-serif;\"><b>NINOSKA PATRIZ | Aragua<\/b><\/span><\/p>\n<p style=\"text-align: justify;\">\n<p style=\"text-align: justify;\"><span style=\"font-family: Arial,sans-serif;\">Est\u00e1 en proceso la reestructuraci\u00f3n de redes y recableado de las instalaciones del centro de formaci\u00f3n socialista (CFS) Metalminero, en funci\u00f3n de reactivar la conexi\u00f3n a internet y resguardar los materiales tecnol\u00f3gicos de posibles ataques o desmantelamientos por personas ajenas.<\/span><\/p>\n<p style=\"text-align: justify;\">\n<p style=\"text-align: justify;\"><span style=\"font-family: Arial,sans-serif;\">El proyecto socio-tecnol\u00f3gico lleva consigo la responsabilidad de instalar canaletas para el nuevo cableado, as\u00ed como reponer o cambiar el sistema estructural de eternet con miras de mejorar la comunicaci\u00f3n para permitir la rapidez del trabajo institucional acorde con los lineamientos de eficiencia en los procesos del Inces.<\/span><\/p>\n<p style=\"text-align: justify;\"><img loading=\"lazy\" decoding=\"async\" class=\"aligncenter wp-image-20685 size-full\" src=\"http:\/\/www.inces.gob.ve\/wp-content\/uploads\/2018\/10\/6conexi\u00f3n-a-internet-en-el-CFS.jpg\" alt=\"\" width=\"800\" height=\"338\" srcset=\"https:\/\/inces.gob.ve\/wp-content\/uploads\/2018\/10\/6conexi\u00f3n-a-internet-en-el-CFS.jpg 800w, https:\/\/inces.gob.ve\/wp-content\/uploads\/2018\/10\/6conexi\u00f3n-a-internet-en-el-CFS-300x127.jpg 300w, https:\/\/inces.gob.ve\/wp-content\/uploads\/2018\/10\/6conexi\u00f3n-a-internet-en-el-CFS-768x324.jpg 768w\" sizes=\"auto, (max-width: 800px) 100vw, 800px\" \/><\/p>\n<p style=\"text-align: justify;\"><span style=\"font-family: Arial,sans-serif;\">Desarrollo educativo<\/span><\/p>\n<p style=\"text-align: justify;\">\n<p style=\"text-align: justify;\"><span style=\"font-family: Arial,sans-serif;\">Los procedimientos son de vital importancia para el desarrollo educativo de las Tecnolog\u00edas Informativas para la Comunicaci\u00f3n (TIC). En este sentido, Jos\u00e9 Luis Gonz\u00e1lez coment\u00f3 que \u201cpor una parte, a trav\u00e9s de la autogesti\u00f3n, se hace un aporte valioso para elevar la calidad del ambiente de trabajo laboral del personal que all\u00ed hace vida y desde otro \u00e1ngulo, apoyar a los estudiantes para que tengan la posibilidad de aplicar sus conocimientos de base y aprender nuevas habilidades que ser\u00e1n de gran utilidad cuando se incorporen al mercado laboral\u201d.<\/span><\/p>\n<p style=\"text-align: justify;\">\n<p style=\"text-align: justify;\"><span style=\"font-family: Arial,sans-serif;\">Servicio de Internet <\/span><\/p>\n<p style=\"text-align: justify;\">\n<p style=\"text-align: justify;\"><span style=\"font-family: Arial,sans-serif;\">Cabe destacar que la velocidad y servicio de Internet se ha visto visiblemente afectado en diferentes sectores y municipios del estado. Para ello, el Departamento de Inform\u00e1tica se mantiene en contacto con CANTV, y est\u00e1 a la espera de nuevas l\u00edneas estrat\u00e9gicas que puedan aplicarse en esta materia. <\/span><\/p>\n<p style=\"text-align: justify;\"><img loading=\"lazy\" decoding=\"async\" class=\"aligncenter wp-image-20686 size-full\" src=\"http:\/\/www.inces.gob.ve\/wp-content\/uploads\/2018\/10\/3conexi\u00f3n-a-internet-en-el-CFS.jpg\" alt=\"\" width=\"800\" height=\"602\" srcset=\"https:\/\/inces.gob.ve\/wp-content\/uploads\/2018\/10\/3conexi\u00f3n-a-internet-en-el-CFS.jpg 800w, https:\/\/inces.gob.ve\/wp-content\/uploads\/2018\/10\/3conexi\u00f3n-a-internet-en-el-CFS-300x226.jpg 300w, https:\/\/inces.gob.ve\/wp-content\/uploads\/2018\/10\/3conexi\u00f3n-a-internet-en-el-CFS-768x578.jpg 768w, https:\/\/inces.gob.ve\/wp-content\/uploads\/2018\/10\/3conexi\u00f3n-a-internet-en-el-CFS-136x102.jpg 136w\" sizes=\"auto, (max-width: 800px) 100vw, 800px\" \/><br \/>\n<span style=\"font-family: Arial,sans-serif;\">Para la realizaci\u00f3n de este trabajo se encuentran a cargo los pasantes Geulis Mesa, Alexis Vargas y Rub\u00e9n C\u00f3rdoba provenientes de la Universidad Polit\u00e9cnica Territorial del estado Aragua (UPTA) y Federico Brito Figueroa; quienes son guiados por el tutor empresarial Jos\u00e9 Luis Gonz\u00e1lez del Inces Aragua.<\/span><\/p>\n<p style=\"text-align: justify;\">\n","protected":false},"excerpt":{"rendered":"<p>** El equipo de inform\u00e1tica y pasantes se dispusieron a reponer el sistema estructural de eternet con miras a mejorar la comunicaci\u00f3n<\/p>\n","protected":false},"author":15,"featured_media":20687,"comment_status":"closed","ping_status":"closed","sticky":false,"template":"","format":"standard","meta":{"footnotes":""},"categories":[2],"tags":[],"class_list":["post-20684","post","type-post","status-publish","format-standard","has-post-thumbnail","hentry","category-blog"],"_links":{"self":[{"href":"https:\/\/inces.gob.ve\/index.php\/wp-json\/wp\/v2\/posts\/20684","targetHints":{"allow":["GET"]}}],"collection":[{"href":"https:\/\/inces.gob.ve\/index.php\/wp-json\/wp\/v2\/posts"}],"about":[{"href":"https:\/\/inces.gob.ve\/index.php\/wp-json\/wp\/v2\/types\/post"}],"author":[{"embeddable":true,"href":"https:\/\/inces.gob.ve\/index.php\/wp-json\/wp\/v2\/users\/15"}],"replies":[{"embeddable":true,"href":"https:\/\/inces.gob.ve\/index.php\/wp-json\/wp\/v2\/comments?post=20684"}],"version-history":[{"count":1,"href":"https:\/\/inces.gob.ve\/index.php\/wp-json\/wp\/v2\/posts\/20684\/revisions"}],"predecessor-version":[{"id":20688,"href":"https:\/\/inces.gob.ve\/index.php\/wp-json\/wp\/v2\/posts\/20684\/revisions\/20688"}],"wp:featuredmedia":[{"embeddable":true,"href":"https:\/\/inces.gob.ve\/index.php\/wp-json\/wp\/v2\/media\/20687"}],"wp:attachment":[{"href":"https:\/\/inces.gob.ve\/index.php\/wp-json\/wp\/v2\/media?parent=20684"}],"wp:term":[{"taxonomy":"category","embeddable":true,"href":"https:\/\/inces.gob.ve\/index.php\/wp-json\/wp\/v2\/categories?post=20684"},{"taxonomy":"post_tag","embeddable":true,"href":"https:\/\/inces.gob.ve\/index.php\/wp-json\/wp\/v2\/tags?post=20684"}],"curies":[{"name":"wp","href":"https:\/\/api.w.org\/{rel}","templated":true}]}}