{"id":20740,"date":"2018-10-03T12:49:28","date_gmt":"2018-10-03T18:49:28","guid":{"rendered":"http:\/\/www.inces.gob.ve\/?p=20740"},"modified":"2020-05-28T20:30:57","modified_gmt":"2020-05-29T00:30:57","slug":"chambista-mostraron-logros-formativos-en-la-expoferia-productiva-inces-portuguesa","status":"publish","type":"post","link":"https:\/\/inces.gob.ve\/index.php\/2018\/10\/03\/chambista-mostraron-logros-formativos-en-la-expoferia-productiva-inces-portuguesa\/","title":{"rendered":"Chambista mostraron logros formativos en la expoferia productiva Inces Portuguesa"},"content":{"rendered":"<p class=\"western\" style=\"text-align: justify;\" align=\"justify\"><span style=\"font-family: Arial,sans-serif;\"><i><b>**Trabajadores, jefes de CFS y programas, as\u00ed como participantes hacen lo necesario para dar a conocer los avances que en materia de cursos ofrece la instituci\u00f3n <\/b><\/i><\/span><\/p>\n<p class=\"western\" style=\"text-align: justify;\" align=\"justify\"><!--more--><\/p>\n<p class=\"western\" style=\"text-align: justify;\" align=\"justify\"><span style=\"font-family: Arial,sans-serif;\"><b>CRUZ MARIO SILVA | Portuguesa<\/b><\/span><\/p>\n<p align=\"justify\">\n<p class=\"western\" style=\"text-align: justify;\" align=\"justify\"><span style=\"font-family: Arial,sans-serif;\">Como se ha hecho tradicional, el \u00faltimo viernes de cada mes se realiza en la plazoleta Luis Beltr\u00e1n Prieto Figueroa del Inces, en el estado Portuguesa, una expoferia productiva.<\/span><\/p>\n<p class=\"western\" style=\"text-align: justify;\" align=\"justify\"><span style=\"font-family: Arial,sans-serif;\">En esta ocasi\u00f3n se mostr\u00f3 lo que realizan -de manera artesanal- los participantes Inces, quienes se forman en los diferentes Centros de Formaci\u00f3n Socialista; \u201cen este caso Industria, Construcci\u00f3n y el programa turismo\u201d, seg\u00fan explic\u00f3 la gerente regional: Aracelis Bello.<\/span><\/p>\n<p><img loading=\"lazy\" decoding=\"async\" class=\"wp-image-20741 size-full\" src=\"http:\/\/www.inces.gob.ve\/wp-content\/uploads\/2018\/10\/3expoferia-productiva.jpg\" alt=\"\" width=\"800\" height=\"591\" srcset=\"https:\/\/inces.gob.ve\/wp-content\/uploads\/2018\/10\/3expoferia-productiva.jpg 800w, https:\/\/inces.gob.ve\/wp-content\/uploads\/2018\/10\/3expoferia-productiva-300x222.jpg 300w, https:\/\/inces.gob.ve\/wp-content\/uploads\/2018\/10\/3expoferia-productiva-768x567.jpg 768w\" sizes=\"auto, (max-width: 800px) 100vw, 800px\" \/><\/p>\n<p class=\"western\" style=\"text-align: justify;\" align=\"justify\"><span style=\"font-family: Arial,sans-serif;\">Durante el inicio de la actividad, explic\u00f3 Bello, lo m\u00e1s esperado es la presentaci\u00f3n del curso de reposter\u00eda, no solo por lo accesible de las exquisiteces, sino por la variedad de tortas, dulces y galletas.<\/span><\/p>\n<p class=\"western\" style=\"text-align: justify;\" align=\"justify\">\u201c<span style=\"font-family: Arial,sans-serif;\">El evento es muy sencillo en realidad, pero muy alegre tambi\u00e9n, amenizado por m\u00fasica recia, as\u00ed como por canciones venezolanista. Todo en un ambiente de camarader\u00eda en la que los chambistas muestran sus logros alcanzados en los cursos como carpinter\u00eda, corte y costura y elaboraci\u00f3n de productos para la limpieza del hogar\u201d.<\/span><\/p>\n<p class=\"western\" style=\"text-align: justify;\" align=\"justify\"><span style=\"font-family: Arial,sans-serif;\">La jornada en si -subray\u00f3 la gerente- se lleva a cabo con el fuerzo de los compa\u00f1eros que entienden el papel que desempe\u00f1a el Inces en esta etapa de la vida nacional, tomando en cuenta del programa de recuperaci\u00f3n, crecimiento y prosperidad econ\u00f3mica del presidente Nicol\u00e1s Maduro.<\/span><\/p>\n<p class=\"western\" style=\"text-align: justify;\" align=\"justify\"><span style=\"font-family: Arial,sans-serif;\">Record\u00f3 Bello la inauguraci\u00f3n del primer Caf\u00e9 Wad\u00e4ca, fuera de la Gran Caracas, el cual ha sido un \u00e9xito total con la venta, en esta fase inicial, de pan sobado, tanto a los trabajadores Inces como a los habitantes del punto y c\u00edrculo. <\/span><\/p>\n<p class=\"western\" style=\"text-align: justify;\" align=\"justify\"><span style=\"font-family: Arial,sans-serif;\">Y en cuanto a la siembra en el CFS agr\u00edcola Atapaima, en el municipio Agua Blanca, \u201cvan muy muy adelantados gracias a Dios y como pudo constatar nuestro presidente Wuikelman Angel, esperamos cosechar pronto las 10 hect\u00e1reas de arroz y ma\u00edz amarillo, las cuales forma tambi\u00e9n parte del programa recuperaci\u00f3n, crecimiento y prosperidad econ\u00f3mica\u201d.<\/span><\/p>\n","protected":false},"excerpt":{"rendered":"<p>**Trabajadores, jefes de CFS y programas, as\u00ed como participantes hacen lo necesario para dar a conocer los avances que en materia de cursos ofrece la instituci\u00f3n<\/p>\n","protected":false},"author":15,"featured_media":20743,"comment_status":"closed","ping_status":"closed","sticky":false,"template":"","format":"standard","meta":{"footnotes":""},"categories":[2],"tags":[],"class_list":["post-20740","post","type-post","status-publish","format-standard","has-post-thumbnail","hentry","category-blog"],"_links":{"self":[{"href":"https:\/\/inces.gob.ve\/index.php\/wp-json\/wp\/v2\/posts\/20740","targetHints":{"allow":["GET"]}}],"collection":[{"href":"https:\/\/inces.gob.ve\/index.php\/wp-json\/wp\/v2\/posts"}],"about":[{"href":"https:\/\/inces.gob.ve\/index.php\/wp-json\/wp\/v2\/types\/post"}],"author":[{"embeddable":true,"href":"https:\/\/inces.gob.ve\/index.php\/wp-json\/wp\/v2\/users\/15"}],"replies":[{"embeddable":true,"href":"https:\/\/inces.gob.ve\/index.php\/wp-json\/wp\/v2\/comments?post=20740"}],"version-history":[{"count":2,"href":"https:\/\/inces.gob.ve\/index.php\/wp-json\/wp\/v2\/posts\/20740\/revisions"}],"predecessor-version":[{"id":20745,"href":"https:\/\/inces.gob.ve\/index.php\/wp-json\/wp\/v2\/posts\/20740\/revisions\/20745"}],"wp:featuredmedia":[{"embeddable":true,"href":"https:\/\/inces.gob.ve\/index.php\/wp-json\/wp\/v2\/media\/20743"}],"wp:attachment":[{"href":"https:\/\/inces.gob.ve\/index.php\/wp-json\/wp\/v2\/media?parent=20740"}],"wp:term":[{"taxonomy":"category","embeddable":true,"href":"https:\/\/inces.gob.ve\/index.php\/wp-json\/wp\/v2\/categories?post=20740"},{"taxonomy":"post_tag","embeddable":true,"href":"https:\/\/inces.gob.ve\/index.php\/wp-json\/wp\/v2\/tags?post=20740"}],"curies":[{"name":"wp","href":"https:\/\/api.w.org\/{rel}","templated":true}]}}