{"id":20752,"date":"2018-10-03T13:05:58","date_gmt":"2018-10-03T19:05:58","guid":{"rendered":"http:\/\/www.inces.gob.ve\/?p=20752"},"modified":"2020-05-28T20:30:57","modified_gmt":"2020-05-29T00:30:57","slug":"formacion-profesional-en-sucre-planifica-acciones-para-mejorar-el-pna","status":"publish","type":"post","link":"https:\/\/inces.gob.ve\/index.php\/2018\/10\/03\/formacion-profesional-en-sucre-planifica-acciones-para-mejorar-el-pna\/","title":{"rendered":"Formaci\u00f3n Profesional en Sucre planifica acciones para mejorar el PNA"},"content":{"rendered":"<p align=\"justify\"><span style=\"font-family: Arial,sans-serif;\"><i><b>** Como puntos importantes se atendieron el aporte de las empresas para los aprendices y el perfil que deben poseer los facilitadores de las formaciones productivas<\/b><\/i><\/span><\/p>\n<p align=\"justify\"><!--more-->\n<\/p>\n<p align=\"justify\"><span style=\"font-family: Arial,sans-serif;\"><b>MILAGROS GUERRERO | Sucre<\/b><\/span><\/p>\n<p align=\"justify\">\n<p align=\"justify\"><span style=\"font-family: Arial,sans-serif;\">Con el objetivo de llegar a acuerdos que redunden en mejorar las acciones planificadas para el Programa Nacional de Aprendizaje (PNA), la Divisi\u00f3n de Formaci\u00f3n Profesional del Inces en el estado Sucre, sostuvo una importante reuni\u00f3n con todos los responsables de las diferentes \u00e1reas que conforman el PNA.<\/span><\/p>\n<p align=\"justify\">\n<p align=\"justify\"><span style=\"font-family: Arial,sans-serif;\">La informaci\u00f3n la dio a conocer la jefe de la Divisi\u00f3n de Formaci\u00f3n Profesional, Ozaida M\u00e1rquez, quien manifest\u00f3 que en la reuni\u00f3n se lleg\u00f3 a importantes acuerdos, tales como, elaborar los certificados del 2016 y 2017 que son 270 aproximadamente.<\/span><\/p>\n<p align=\"justify\">\n<p align=\"justify\"><span style=\"font-family: Arial,sans-serif;\">El siguiente punto que result\u00f3, fue la distribuci\u00f3n de labores y responsabilidades de funcionamiento interno del programa. Tambi\u00e9n se acord\u00f3 hacer el debido acompa\u00f1amiento a las diferentes formaciones de aprendices del PNA, por parte de los analistas de la instituci\u00f3n. Otro tema atendido fue el referente a los aportes que deben dar las empresas a los aprendices. Y para finalizar se aprob\u00f3 socializar la contrataci\u00f3n de los facilitadores para el PNA en Chamba Juvenil.<\/span><\/p>\n<p align=\"justify\">\n<p align=\"justify\"><span style=\"font-family: Arial,sans-serif;\">Este \u00faltimo punto, explic\u00f3 M\u00e1rquez, es uno de los m\u00e1s delicados y ser\u00e1 atendido como debe ser, para definir el perfil institucional y pol\u00edtico del facilitador, de conformidad a las exigencias y necesidades de los j\u00f3venes participantes de las formaciones productivas, y del momento hist\u00f3rico de guerra no convencional que est\u00e1 viviendo la patria venezolana.<\/span><\/p>\n","protected":false},"excerpt":{"rendered":"<p>** Como puntos importantes se atendieron el aporte de las empresas para los aprendices y el perfil que deben poseer los facilitadores de las formaciones productivas<\/p>\n","protected":false},"author":15,"featured_media":20624,"comment_status":"closed","ping_status":"closed","sticky":false,"template":"","format":"standard","meta":{"footnotes":""},"categories":[2],"tags":[],"class_list":["post-20752","post","type-post","status-publish","format-standard","has-post-thumbnail","hentry","category-blog"],"_links":{"self":[{"href":"https:\/\/inces.gob.ve\/index.php\/wp-json\/wp\/v2\/posts\/20752","targetHints":{"allow":["GET"]}}],"collection":[{"href":"https:\/\/inces.gob.ve\/index.php\/wp-json\/wp\/v2\/posts"}],"about":[{"href":"https:\/\/inces.gob.ve\/index.php\/wp-json\/wp\/v2\/types\/post"}],"author":[{"embeddable":true,"href":"https:\/\/inces.gob.ve\/index.php\/wp-json\/wp\/v2\/users\/15"}],"replies":[{"embeddable":true,"href":"https:\/\/inces.gob.ve\/index.php\/wp-json\/wp\/v2\/comments?post=20752"}],"version-history":[{"count":1,"href":"https:\/\/inces.gob.ve\/index.php\/wp-json\/wp\/v2\/posts\/20752\/revisions"}],"predecessor-version":[{"id":20753,"href":"https:\/\/inces.gob.ve\/index.php\/wp-json\/wp\/v2\/posts\/20752\/revisions\/20753"}],"wp:featuredmedia":[{"embeddable":true,"href":"https:\/\/inces.gob.ve\/index.php\/wp-json\/wp\/v2\/media\/20624"}],"wp:attachment":[{"href":"https:\/\/inces.gob.ve\/index.php\/wp-json\/wp\/v2\/media?parent=20752"}],"wp:term":[{"taxonomy":"category","embeddable":true,"href":"https:\/\/inces.gob.ve\/index.php\/wp-json\/wp\/v2\/categories?post=20752"},{"taxonomy":"post_tag","embeddable":true,"href":"https:\/\/inces.gob.ve\/index.php\/wp-json\/wp\/v2\/tags?post=20752"}],"curies":[{"name":"wp","href":"https:\/\/api.w.org\/{rel}","templated":true}]}}