{"id":20782,"date":"2018-10-04T13:57:57","date_gmt":"2018-10-04T19:57:57","guid":{"rendered":"http:\/\/www.inces.gob.ve\/?p=20782"},"modified":"2020-05-28T20:33:30","modified_gmt":"2020-05-29T00:33:30","slug":"9-mil-642-zulianos-acreditaron-sus-saberes","status":"publish","type":"post","link":"https:\/\/inces.gob.ve\/index.php\/2018\/10\/04\/9-mil-642-zulianos-acreditaron-sus-saberes\/","title":{"rendered":"9 mil 642 zulianos acreditaron sus saberes"},"content":{"rendered":"<p style=\"text-align: justify;\" align=\"justify\"><span style=\"font-family: Arial,sans-serif;\"><i><b>** Los beneficiados son miembros de las comunidades y de entidades de trabajo<\/b><\/i><\/span><!--more--><\/p>\n<p style=\"text-align: justify;\" align=\"justify\">\n<p style=\"text-align: justify;\" align=\"justify\"><span style=\"font-family: Arial,sans-serif;\"><b>YUDITH CASTRO | Zulia <\/b><\/span><\/p>\n<p style=\"text-align: justify;\" align=\"justify\">\n<p style=\"text-align: justify;\" align=\"justify\"><span style=\"font-family: Arial,sans-serif;\">Un toal de 9 mil 642 zulianos acreditaron sus saberes en los diferentes motores productivos: Agroalimentaci\u00f3n, Industria, Comercio y Servicios, Farmac\u00e9utico, Investigaci\u00f3n, Desarrollo, Innovaci\u00f3n e informaci\u00f3n, Turismo, Cultura, Arte y Entretenimiento; precis\u00f3 la coordinadora del programa Tecnolog\u00eda Educativa del Inces, Betzab\u00e9 Andara. <\/span><\/p>\n<p style=\"text-align: justify;\" align=\"justify\">\n<p style=\"text-align: justify;\" align=\"justify\">\u201c<span style=\"font-family: Arial,sans-serif;\">Esta cifra puede incrementarse porque luego ser\u00e1n sumados los que participen en octubre y noviembre. Este proceso es sumamente f\u00e1cil, toda persona que tenga un saber puede solicitar ser acreditado por la instituci\u00f3n. Recordemos que la certificaci\u00f3n Inces tiene validez internacional,\u201d acot\u00f3 Andara.<\/span><\/p>\n<p style=\"text-align: justify;\" align=\"justify\">\n<p style=\"text-align: justify;\" align=\"justify\"><img loading=\"lazy\" decoding=\"async\" class=\"aligncenter wp-image-20784 size-full\" src=\"http:\/\/www.inces.gob.ve\/wp-content\/uploads\/2018\/10\/1acreditaron-sus-saberes.jpg\" alt=\"\" width=\"800\" height=\"442\" srcset=\"https:\/\/inces.gob.ve\/wp-content\/uploads\/2018\/10\/1acreditaron-sus-saberes.jpg 800w, https:\/\/inces.gob.ve\/wp-content\/uploads\/2018\/10\/1acreditaron-sus-saberes-300x166.jpg 300w, https:\/\/inces.gob.ve\/wp-content\/uploads\/2018\/10\/1acreditaron-sus-saberes-768x424.jpg 768w\" sizes=\"auto, (max-width: 800px) 100vw, 800px\" \/>\n<\/p>\n<p style=\"text-align: justify;\" align=\"justify\"><span style=\"font-family: Arial,sans-serif;\">Los beneficiados son miembros de las comunidades y de entidades de trabajo. Estos participaron en un conversatorio en el cual respondieron las preguntas generadoras que les efectu\u00f3 el experto en el \u00e1rea a evaluar y luego realizaron la prueba pr\u00e1ctica. <\/span><\/p>\n<p style=\"text-align: justify;\" align=\"justify\">\n<p style=\"text-align: justify;\" align=\"justify\"><span style=\"font-family: Arial,sans-serif;\">Lograr esta relevante cifra fue posible gracias al esfuerzo mancomunado de los 11 centros de formaci\u00f3n socialista (CFS) del Inces y de sus programas, quienes se sumaron a la labor de reconocer los saberes del pueblo zuliano, puntualiz\u00f3 Andara. <\/span><\/p>\n<p style=\"text-align: justify;\" align=\"justify\">\n<p style=\"text-align: justify;\" align=\"justify\"><span style=\"font-family: Arial,sans-serif;\">Para finalizar invitamos a la colectividad en general a acercarse al CFS m\u00e1s cercano a su residencia y solicitar ser acreditado en el \u00e1rea de saber que domine. <\/span><\/p>\n<p style=\"text-align: justify;\" align=\"justify\">\n","protected":false},"excerpt":{"rendered":"<p>** Los beneficiados son miembros de las comunidades y de entidades de trabajo<\/p>\n","protected":false},"author":15,"featured_media":20783,"comment_status":"closed","ping_status":"closed","sticky":false,"template":"","format":"standard","meta":{"footnotes":""},"categories":[2],"tags":[],"class_list":["post-20782","post","type-post","status-publish","format-standard","has-post-thumbnail","hentry","category-blog"],"_links":{"self":[{"href":"https:\/\/inces.gob.ve\/index.php\/wp-json\/wp\/v2\/posts\/20782","targetHints":{"allow":["GET"]}}],"collection":[{"href":"https:\/\/inces.gob.ve\/index.php\/wp-json\/wp\/v2\/posts"}],"about":[{"href":"https:\/\/inces.gob.ve\/index.php\/wp-json\/wp\/v2\/types\/post"}],"author":[{"embeddable":true,"href":"https:\/\/inces.gob.ve\/index.php\/wp-json\/wp\/v2\/users\/15"}],"replies":[{"embeddable":true,"href":"https:\/\/inces.gob.ve\/index.php\/wp-json\/wp\/v2\/comments?post=20782"}],"version-history":[{"count":1,"href":"https:\/\/inces.gob.ve\/index.php\/wp-json\/wp\/v2\/posts\/20782\/revisions"}],"predecessor-version":[{"id":20785,"href":"https:\/\/inces.gob.ve\/index.php\/wp-json\/wp\/v2\/posts\/20782\/revisions\/20785"}],"wp:featuredmedia":[{"embeddable":true,"href":"https:\/\/inces.gob.ve\/index.php\/wp-json\/wp\/v2\/media\/20783"}],"wp:attachment":[{"href":"https:\/\/inces.gob.ve\/index.php\/wp-json\/wp\/v2\/media?parent=20782"}],"wp:term":[{"taxonomy":"category","embeddable":true,"href":"https:\/\/inces.gob.ve\/index.php\/wp-json\/wp\/v2\/categories?post=20782"},{"taxonomy":"post_tag","embeddable":true,"href":"https:\/\/inces.gob.ve\/index.php\/wp-json\/wp\/v2\/tags?post=20782"}],"curies":[{"name":"wp","href":"https:\/\/api.w.org\/{rel}","templated":true}]}}