{"id":20786,"date":"2018-10-04T14:11:08","date_gmt":"2018-10-04T20:11:08","guid":{"rendered":"http:\/\/www.inces.gob.ve\/?p=20786"},"modified":"2020-05-28T20:30:57","modified_gmt":"2020-05-29T00:30:57","slug":"inces-y-la-defensoria-realizaron-taller-para-consolidar-garantias-juridicas-a-los-adolescentes","status":"publish","type":"post","link":"https:\/\/inces.gob.ve\/index.php\/2018\/10\/04\/inces-y-la-defensoria-realizaron-taller-para-consolidar-garantias-juridicas-a-los-adolescentes\/","title":{"rendered":"Inces y la Defensor\u00eda realizaron taller para consolidar garant\u00edas jur\u00eddicas a los adolescentes"},"content":{"rendered":"<p style=\"text-align: justify;\" align=\"justify\"><span style=\"font-family: Arial,sans-serif;\"><i><b>** \u201cHubo una excelente participaci\u00f3n por parte de los estudiantes,\u00a0 tienen el inter\u00e9s de formarse y participar en su desenvolvimientos social para obtener herramientas como defenderse\u201d<\/b><\/i><\/span><\/p>\n<p style=\"text-align: justify;\" align=\"justify\"><!--more--><\/p>\n<p style=\"text-align: justify;\" align=\"justify\"><span style=\"font-family: Arial,sans-serif;\"><b>TRINA PINEDA \/ Sede<\/b><\/span><\/p>\n<p style=\"text-align: justify;\" align=\"justify\"><span style=\"font-family: Arial,sans-serif;\">Con la participaci\u00f3n de estudiantes y trabajadores de la Instituci\u00f3n, finalizo el taller de Derechos Humanos, actividad que estuvo bajo la coordinaci\u00f3n de Mujer Inces Productiva y la Defensor\u00eda del Pueblo.<\/span><\/p>\n<p style=\"text-align: justify;\" align=\"justify\"><span style=\"font-family: Arial,sans-serif;\">El acto se realiz\u00f3 en el piso 12 del sal\u00f3n Vuelvan Caras, del edificio Sede de la avenida Nueva Granada. En esta ocasi\u00f3n la facilitadora Mayerlin Useche de la unidad de servicios jur\u00eddico de la Defensor\u00eda expres\u00f3 que se busca la promoci\u00f3n y la estimulaci\u00f3n en materia de derechos humanos; asimismo dijo que hay una articulaci\u00f3n entres estudiantes y personal de entes del Estado, \u201caqu\u00ed en el Inces se les dio una gama de divulgaci\u00f3n de conceptos b\u00e1sicos sobre Derechos Humanos.<\/span><\/p>\n<p style=\"text-align: justify;\" align=\"justify\"><img loading=\"lazy\" decoding=\"async\" class=\"aligncenter wp-image-20787 size-full\" src=\"http:\/\/www.inces.gob.ve\/wp-content\/uploads\/2018\/10\/3garant\u00edas-jur\u00eddicas.jpg\" alt=\"\" width=\"800\" height=\"553\" srcset=\"https:\/\/inces.gob.ve\/wp-content\/uploads\/2018\/10\/3garant\u00edas-jur\u00eddicas.jpg 800w, https:\/\/inces.gob.ve\/wp-content\/uploads\/2018\/10\/3garant\u00edas-jur\u00eddicas-300x207.jpg 300w, https:\/\/inces.gob.ve\/wp-content\/uploads\/2018\/10\/3garant\u00edas-jur\u00eddicas-768x531.jpg 768w\" sizes=\"auto, (max-width: 800px) 100vw, 800px\" \/><\/p>\n<p style=\"text-align: justify;\" align=\"justify\"><span style=\"font-family: Arial,sans-serif;\">Entre otros temas la actividad continu\u00f3 con una visi\u00f3n critica, concepto y atribuciones de la defensor\u00eda del pueblo, derechos humanos de los ni\u00f1os y ni\u00f1as, derechos de la comunidad LGBT &#8211; lesbianas, gays, bisexuales y transexuales, adem\u00e1s de temas de seguridad y defensa integral del Estado. <\/span><\/p>\n<p style=\"text-align: justify;\" align=\"justify\"><span style=\"font-family: Arial,sans-serif;\">Precis\u00f3 Useche que el tema de la diversidad sexual est\u00e1 presente en todos los aspectos de la vida, es generadora de acuerdos y desacuerdos, ya que representa uno de los principales conflictos actuales en nuestra sociedad, porque implica valores como la solidaridad y el respeto por las diferencias.<\/span><\/p>\n<p style=\"text-align: justify;\" align=\"justify\"><span style=\"font-family: Arial,sans-serif;\">La ponente advirti\u00f3 que los chicos deben de tener cuidado con las publicaciones en las redes sociales, con las fotograf\u00edas porque tienen un alto peligro. Useche este taller es para que tengan la prevenci\u00f3n para cuando se les presente un conflicto y tomen las medidas.<\/span><\/p>\n<p style=\"text-align: justify;\" align=\"justify\"><span style=\"font-family: Arial,sans-serif;\"><img loading=\"lazy\" decoding=\"async\" class=\"aligncenter wp-image-20788 size-full\" src=\"http:\/\/www.inces.gob.ve\/wp-content\/uploads\/2018\/10\/2-garant\u00edas-jur\u00eddicas.jpg\" alt=\"\" width=\"800\" height=\"486\" srcset=\"https:\/\/inces.gob.ve\/wp-content\/uploads\/2018\/10\/2-garant\u00edas-jur\u00eddicas.jpg 800w, https:\/\/inces.gob.ve\/wp-content\/uploads\/2018\/10\/2-garant\u00edas-jur\u00eddicas-300x182.jpg 300w, https:\/\/inces.gob.ve\/wp-content\/uploads\/2018\/10\/2-garant\u00edas-jur\u00eddicas-768x467.jpg 768w\" sizes=\"auto, (max-width: 800px) 100vw, 800px\" \/><\/span><\/p>\n<p style=\"text-align: justify;\" align=\"justify\"><span style=\"font-family: Arial,sans-serif;\">Para finalizar la defensora resalt\u00f3 haber dado las herramientas para resolver cualquier problem\u00e1tica y dej\u00f3 una direcci\u00f3n institucional para cuando los casos lo ameriten. <\/span><\/p>\n","protected":false},"excerpt":{"rendered":"<p>** \u201cHubo una excelente participaci\u00f3n por parte de los estudiantes,\u00a0 tienen el inter\u00e9s de formarse y participar en su desenvolvimientos social para obtener herramientas como defenderse\u201d<\/p>\n","protected":false},"author":15,"featured_media":20789,"comment_status":"closed","ping_status":"closed","sticky":false,"template":"","format":"standard","meta":{"footnotes":""},"categories":[2],"tags":[],"class_list":["post-20786","post","type-post","status-publish","format-standard","has-post-thumbnail","hentry","category-blog"],"_links":{"self":[{"href":"https:\/\/inces.gob.ve\/index.php\/wp-json\/wp\/v2\/posts\/20786","targetHints":{"allow":["GET"]}}],"collection":[{"href":"https:\/\/inces.gob.ve\/index.php\/wp-json\/wp\/v2\/posts"}],"about":[{"href":"https:\/\/inces.gob.ve\/index.php\/wp-json\/wp\/v2\/types\/post"}],"author":[{"embeddable":true,"href":"https:\/\/inces.gob.ve\/index.php\/wp-json\/wp\/v2\/users\/15"}],"replies":[{"embeddable":true,"href":"https:\/\/inces.gob.ve\/index.php\/wp-json\/wp\/v2\/comments?post=20786"}],"version-history":[{"count":3,"href":"https:\/\/inces.gob.ve\/index.php\/wp-json\/wp\/v2\/posts\/20786\/revisions"}],"predecessor-version":[{"id":20792,"href":"https:\/\/inces.gob.ve\/index.php\/wp-json\/wp\/v2\/posts\/20786\/revisions\/20792"}],"wp:featuredmedia":[{"embeddable":true,"href":"https:\/\/inces.gob.ve\/index.php\/wp-json\/wp\/v2\/media\/20789"}],"wp:attachment":[{"href":"https:\/\/inces.gob.ve\/index.php\/wp-json\/wp\/v2\/media?parent=20786"}],"wp:term":[{"taxonomy":"category","embeddable":true,"href":"https:\/\/inces.gob.ve\/index.php\/wp-json\/wp\/v2\/categories?post=20786"},{"taxonomy":"post_tag","embeddable":true,"href":"https:\/\/inces.gob.ve\/index.php\/wp-json\/wp\/v2\/tags?post=20786"}],"curies":[{"name":"wp","href":"https:\/\/api.w.org\/{rel}","templated":true}]}}