{"id":20814,"date":"2018-10-05T08:05:25","date_gmt":"2018-10-05T14:05:25","guid":{"rendered":"http:\/\/www.inces.gob.ve\/?p=20814"},"modified":"2020-05-28T20:30:57","modified_gmt":"2020-05-29T00:30:57","slug":"inces-carabobo-participo-con-exito-en-la-expo-valencia-2018","status":"publish","type":"post","link":"https:\/\/inces.gob.ve\/index.php\/2018\/10\/05\/inces-carabobo-participo-con-exito-en-la-expo-valencia-2018\/","title":{"rendered":"Inces Carabobo participo con \u00e9xito en la expo Valencia 2018"},"content":{"rendered":"<p class=\"western\" style=\"text-align: justify;\" align=\"justify\"><span style=\"font-family: Arial,sans-serif;\"><i><b>** El Gobernador de Carabobo, Rafael Lacava y el alcalde de Valencia, Alejandro Marvez felicitaron al personal del Inces por su entereza y vocaci\u00f3n de servicio llevando aprendizaje a toda la geograf\u00eda del estado Carabobo <\/b><\/i><\/span><\/p>\n<p align=\"justify\">\n<p class=\"western\" style=\"text-align: justify;\" align=\"justify\"><!--more-->\n<\/p>\n<p class=\"western\" style=\"text-align: justify;\" align=\"justify\"><span style=\"font-family: Arial,sans-serif;\"><b>SANDRA AGUILAR | CaraboboARABOBO<\/b><\/span><\/p>\n<p style=\"text-align: justify;\" align=\"justify\">\n<p class=\"western\" style=\"text-align: justify;\" align=\"justify\"><span style=\"font-family: Arial,sans-serif;\">Con gran \u00e9xito y numerosas visitas a su stand, el Inces present\u00f3 al p\u00fablico los diferentes saberes del conocimiento emp\u00edrico y cient\u00edfico que se vienen dictando en los siete Centros de Formaci\u00f3n Socialista (CFS) en donde los aprendices fueron felicitados por las autoridades organizadoras de la Expo Valencia 2018, magno evento realizado el pasado fin de semana.<\/span><\/p>\n<p class=\"western\" style=\"text-align: justify;\" align=\"justify\">\n<p class=\"western\" style=\"text-align: justify;\" align=\"justify\"><span style=\"font-family: Arial,sans-serif;\">Entre los visitantes se encontraban el gobernador Rafael Lacava, los alcaldes de Valencia y Guacara, Alejandro Marvez y Yohan Casta\u00f1eda, respectivamente, quienes evidenciaron las muestras de la producci\u00f3n contenidas en los diferentes programas que coadyuva al desarrollo econ\u00f3mico de la regi\u00f3n.<\/span><\/p>\n<p style=\"text-align: justify;\" align=\"justify\">\n<p class=\"western\" style=\"text-align: justify;\" align=\"justify\"><img loading=\"lazy\" decoding=\"async\" class=\"aligncenter wp-image-20816 size-full\" src=\"http:\/\/www.inces.gob.ve\/wp-content\/uploads\/2018\/10\/2-expo-Valencia-2018-.jpeg\" alt=\"\" width=\"800\" height=\"752\" srcset=\"https:\/\/inces.gob.ve\/wp-content\/uploads\/2018\/10\/2-expo-Valencia-2018-.jpeg 800w, https:\/\/inces.gob.ve\/wp-content\/uploads\/2018\/10\/2-expo-Valencia-2018--300x282.jpeg 300w, https:\/\/inces.gob.ve\/wp-content\/uploads\/2018\/10\/2-expo-Valencia-2018--768x722.jpeg 768w\" sizes=\"auto, (max-width: 800px) 100vw, 800px\" \/><br \/>\n<span style=\"font-family: Arial,sans-serif;\">Dieron sus palabras de felicitaciones al gerente Guy\u00e9n Soto, as\u00ed como a los coordinadores de los centros de formaci\u00f3n socialista (CFS), entre ellos, a los ubicados en la capital carabobe\u00f1a (Bicentenario, Sim\u00f3n Rodr\u00edguez, Luis Beltr\u00e1n Prieto Figueroa, Rafael Urdaneta y Centro Nacional de Soldadura), haci\u00e9ndolas extensivas a los maestros Inces quienes tienen la responsabilidad de las formaciones bajo la metodolog\u00eda \u201cFormar Produciendo, Producir Formando\u201d .<\/span><\/p>\n<p class=\"western\" style=\"text-align: justify;\" align=\"justify\"><span style=\"font-family: Arial,sans-serif;\">Guyen Soto manifest\u00f3 que \u201choy en d\u00eda el Inces vive una gran transformaci\u00f3n no solo en el \u00e1mbito de la tecnolog\u00eda, sino tambi\u00e9n en lo que respecta a la participaci\u00f3n del pueblo, quien vien en la b\u00fasqueda de aprender un oficio para contribuir con la econom\u00eda del pa\u00eds\u201d. <\/span><\/p>\n<p class=\"western\" style=\"text-align: justify;\" align=\"justify\">\n<p class=\"western\" style=\"text-align: justify;\" align=\"justify\"><span style=\"font-family: Arial,sans-serif;\">Continu\u00f3 Soro: \u201cD\u00eda a d\u00eda se capacita a centenares de j\u00f3venes y adultos de forma gratuita, con solo presentar copia de su c\u00e9dula y el deseo de aprender, mientras que en otros pa\u00edses se cobran sumas elevadas de dinero por ese servicio\u201d, se\u00f1al\u00f3. <\/span><\/p>\n<p class=\"western\" style=\"text-align: justify;\" align=\"justify\"><span style=\"font-family: Arial,sans-serif;\">Entre los programas puesto en marcha se encuentran en el \u00e1rea de Turismo la elaboraci\u00f3n de comida criolla, dulcer\u00eda, panader\u00eda, pasteler\u00eda, elaboraci\u00f3n de c\u00f3cteles. En construcci\u00f3n est\u00e1 la formaci\u00f3n de carpinter\u00eda, en donde hay organizada una brigada de producci\u00f3n, todas las formaciones coadyuva al apalancamiento de nuestra econom\u00eda. <\/span><\/p>\n<p class=\"western\" style=\"text-align: justify;\" align=\"justify\"><span style=\"font-family: Arial,sans-serif;\">Puntualiz\u00f3 adem\u00e1s que, gracias al presidente Nicol\u00e1s Maduro, los j\u00f3venes aprendices pertenecientes al programa Chamba juvenil tienen una mayor participaci\u00f3n para aprender haciendo y hacer aprendiendo. En Carabobo tenemos a m\u00e1s de 5 mil j\u00f3venes insertados en diferentes entidades de trabajo p\u00fablicas y privadas\u201d, apunt\u00f3 Soto, para luego agregar que la regi\u00f3n cuenta con siete centros de formaci\u00f3n socialista trabajando a puertas abiertas con las comunidades.<\/span><\/p>\n<p class=\"western\" style=\"text-align: justify;\" align=\"justify\"><span style=\"font-family: Arial,sans-serif;\">Los visitantes a la Expo Valencia fueron atendidos por un personal de protocolo, quienes se encargaron de dar a conocer los detalles de las diferentes actividades realizadas.<\/span><\/p>\n<p class=\"western\" style=\"text-align: justify;\" align=\"justify\"><span style=\"font-family: Arial,sans-serif;\"><img loading=\"lazy\" decoding=\"async\" class=\"aligncenter wp-image-20815 size-full\" src=\"http:\/\/www.inces.gob.ve\/wp-content\/uploads\/2018\/10\/4-expo-Valencia-2018-.jpeg\" alt=\"\" width=\"800\" height=\"600\" srcset=\"https:\/\/inces.gob.ve\/wp-content\/uploads\/2018\/10\/4-expo-Valencia-2018-.jpeg 800w, https:\/\/inces.gob.ve\/wp-content\/uploads\/2018\/10\/4-expo-Valencia-2018--300x225.jpeg 300w, https:\/\/inces.gob.ve\/wp-content\/uploads\/2018\/10\/4-expo-Valencia-2018--768x576.jpeg 768w, https:\/\/inces.gob.ve\/wp-content\/uploads\/2018\/10\/4-expo-Valencia-2018--136x102.jpeg 136w\" sizes=\"auto, (max-width: 800px) 100vw, 800px\" \/><\/span><\/p>\n<p class=\"western\" style=\"text-align: justify;\" align=\"justify\"><span style=\"font-family: Arial,sans-serif;\">Este evento conocido como Expo Feria Valencia 2018, organizada por la alcald\u00eda de Valencia y presidida por el alcalde Alejandro Marvez, como parte de la aplicaci\u00f3n de pol\u00edticas p\u00fablicas para el rescate de la ciudad y especialmente del Centro Hist\u00f3rico de la Ciudad, adem\u00e1s, mostrar el potencial econ\u00f3mico de la regi\u00f3n, donde el Inces juega un papel preponderante y de empuje para el desarrollo econ\u00f3mico ya que da a los trabajadores las herramientas para la obtenci\u00f3n de una mejor productividad.<\/span><\/p>\n<p class=\"western\" style=\"text-align: justify;\" align=\"justify\">\n","protected":false},"excerpt":{"rendered":"<p>** El Gobernador de Carabobo, Rafael Lacava y el alcalde de Valencia, Alejandro Marvez felicitaron al personal del Inces por su entereza y vocaci\u00f3n de servicio llevando aprendizaje a toda la geograf\u00eda del estado Carabobo<\/p>\n","protected":false},"author":15,"featured_media":20817,"comment_status":"closed","ping_status":"closed","sticky":false,"template":"","format":"standard","meta":{"footnotes":""},"categories":[2],"tags":[],"class_list":["post-20814","post","type-post","status-publish","format-standard","has-post-thumbnail","hentry","category-blog"],"_links":{"self":[{"href":"https:\/\/inces.gob.ve\/index.php\/wp-json\/wp\/v2\/posts\/20814","targetHints":{"allow":["GET"]}}],"collection":[{"href":"https:\/\/inces.gob.ve\/index.php\/wp-json\/wp\/v2\/posts"}],"about":[{"href":"https:\/\/inces.gob.ve\/index.php\/wp-json\/wp\/v2\/types\/post"}],"author":[{"embeddable":true,"href":"https:\/\/inces.gob.ve\/index.php\/wp-json\/wp\/v2\/users\/15"}],"replies":[{"embeddable":true,"href":"https:\/\/inces.gob.ve\/index.php\/wp-json\/wp\/v2\/comments?post=20814"}],"version-history":[{"count":1,"href":"https:\/\/inces.gob.ve\/index.php\/wp-json\/wp\/v2\/posts\/20814\/revisions"}],"predecessor-version":[{"id":20818,"href":"https:\/\/inces.gob.ve\/index.php\/wp-json\/wp\/v2\/posts\/20814\/revisions\/20818"}],"wp:featuredmedia":[{"embeddable":true,"href":"https:\/\/inces.gob.ve\/index.php\/wp-json\/wp\/v2\/media\/20817"}],"wp:attachment":[{"href":"https:\/\/inces.gob.ve\/index.php\/wp-json\/wp\/v2\/media?parent=20814"}],"wp:term":[{"taxonomy":"category","embeddable":true,"href":"https:\/\/inces.gob.ve\/index.php\/wp-json\/wp\/v2\/categories?post=20814"},{"taxonomy":"post_tag","embeddable":true,"href":"https:\/\/inces.gob.ve\/index.php\/wp-json\/wp\/v2\/tags?post=20814"}],"curies":[{"name":"wp","href":"https:\/\/api.w.org\/{rel}","templated":true}]}}