{"id":20859,"date":"2018-10-08T08:04:10","date_gmt":"2018-10-08T14:04:10","guid":{"rendered":"http:\/\/www.inces.gob.ve\/?p=20859"},"modified":"2020-05-28T20:30:56","modified_gmt":"2020-05-29T00:30:56","slug":"mujeres-del-frente-noheli-pocaterra-reciben-constancia-de-certificacion-de-inces","status":"publish","type":"post","link":"https:\/\/inces.gob.ve\/index.php\/2018\/10\/08\/mujeres-del-frente-noheli-pocaterra-reciben-constancia-de-certificacion-de-inces\/","title":{"rendered":"Mujeres del Frente \u201cNohel\u00ed Pocaterra\u201d reciben constancia de certificaci\u00f3n de Inces"},"content":{"rendered":"<p style=\"text-align: justify;\"><span style=\"font-family: Arial,sans-serif;\"><i><b>** En coordinaci\u00f3n con el Poder Popular organizado, se ratifica el compromiso de la instituci\u00f3n en reconocer los saberes hasta el m\u00e1s humilde compatriota<\/b><\/i><\/span><\/p>\n<p style=\"text-align: justify;\">\n<!--more--><\/p>\n<p style=\"text-align: justify;\"><span style=\"font-family: Arial,sans-serif;\"><b>MILAGROS GUERRER | Sucre<\/b><\/span><\/p>\n<p>&nbsp;<\/p>\n<p style=\"text-align: justify;\"><span style=\"font-family: Arial,sans-serif;\">El Instituto Nacional de Capacitaci\u00f3n y Educaci\u00f3n Socialista (Inces), en el estado Sucre, hizo la entrega de 65 constancias de acreditaci\u00f3n de oficios y saberes emp\u00edricos, a varias de las integrantes del Frente de Mujeres \u201cNohel\u00ed Pocaterra\u201d, inform\u00f3 Lesbia Ravelo responsable estatal de la organizaci\u00f3n. <\/span><\/p>\n<p style=\"text-align: justify;\">\n<p style=\"text-align: justify;\"><span style=\"font-family: Arial,sans-serif;\">Los saberes y oficios que fueron certificados a trav\u00e9s de la acci\u00f3n del equipo del centro de formaci\u00f3n socialista (CFS) Comercio, son los siguientes: Elaboradora de Dulce Criollo, Repostera, Panadera, Corte y Costura, Elaboradora de Bisuter\u00eda, Confecci\u00f3n de Ropa \u00cdntima y Trajes de Ba\u00f1o.<\/span><\/p>\n<p style=\"text-align: justify;\"><span style=\"font-family: Arial,sans-serif;\"><img loading=\"lazy\" decoding=\"async\" class=\"aligncenter wp-image-20860 size-full\" src=\"http:\/\/www.inces.gob.ve\/wp-content\/uploads\/2018\/10\/3certificaci\u00f3n-de-Inces.jpeg\" alt=\"\" width=\"800\" height=\"600\" srcset=\"https:\/\/inces.gob.ve\/wp-content\/uploads\/2018\/10\/3certificaci\u00f3n-de-Inces.jpeg 800w, https:\/\/inces.gob.ve\/wp-content\/uploads\/2018\/10\/3certificaci\u00f3n-de-Inces-300x225.jpeg 300w, https:\/\/inces.gob.ve\/wp-content\/uploads\/2018\/10\/3certificaci\u00f3n-de-Inces-768x576.jpeg 768w, https:\/\/inces.gob.ve\/wp-content\/uploads\/2018\/10\/3certificaci\u00f3n-de-Inces-136x102.jpeg 136w\" sizes=\"auto, (max-width: 800px) 100vw, 800px\" \/><\/span><\/p>\n<p style=\"text-align: justify;\"><span style=\"font-family: Arial,sans-serif;\">Las femeninas, objeto de acreditaci\u00f3n, pertenecientes al Frente \u201cNohel\u00ed Pocaterra\u201d, base de la revoluci\u00f3n de la mujer ind\u00edgena, manifestaron total agrado y dijeron sentirse debidamente atendidas por la instituci\u00f3n socialista, al tiempo que expresaron lo importante que es para ellas que el Inces les entregue sus constancias de certificaci\u00f3n de saberes. Que por primera vez alguien les reconoce que tienen un oficio y que pueden ejercelo con propiedad. <\/span><\/p>\n<p style=\"text-align: justify;\">\n<img loading=\"lazy\" decoding=\"async\" class=\"aligncenter wp-image-20861 size-full\" src=\"http:\/\/www.inces.gob.ve\/wp-content\/uploads\/2018\/10\/2certificaci\u00f3n-de-Inces.jpeg\" alt=\"\" width=\"800\" height=\"533\" srcset=\"https:\/\/inces.gob.ve\/wp-content\/uploads\/2018\/10\/2certificaci\u00f3n-de-Inces.jpeg 800w, https:\/\/inces.gob.ve\/wp-content\/uploads\/2018\/10\/2certificaci\u00f3n-de-Inces-300x200.jpeg 300w, https:\/\/inces.gob.ve\/wp-content\/uploads\/2018\/10\/2certificaci\u00f3n-de-Inces-768x512.jpeg 768w\" sizes=\"auto, (max-width: 800px) 100vw, 800px\" \/><\/p>\n<p style=\"text-align: justify;\"><span style=\"font-family: Arial,sans-serif;\">Piensan adem\u00e1s organizarse en l\u00edneas de producci\u00f3n, especialmente en ropa para damas, caballeros y ni\u00f1os, con lo cual, contribuir\u00e1n en buena medida a mitigar los efectos de la guerra econ\u00f3mica impuesta por la oligarqu\u00eda latinoamericana contra Venezuela, y con su aporte aspiran surtir de vestimenta de calidad al pueblo cuman\u00e9s.<\/span><\/p>\n","protected":false},"excerpt":{"rendered":"<p>** En coordinaci\u00f3n con el Poder Popular organizado, se ratifica el compromiso de la instituci\u00f3n en reconocer los saberes hasta el m\u00e1s humilde compatriota<\/p>\n","protected":false},"author":15,"featured_media":20862,"comment_status":"closed","ping_status":"closed","sticky":false,"template":"","format":"standard","meta":{"footnotes":""},"categories":[2],"tags":[],"class_list":["post-20859","post","type-post","status-publish","format-standard","has-post-thumbnail","hentry","category-blog"],"_links":{"self":[{"href":"https:\/\/inces.gob.ve\/index.php\/wp-json\/wp\/v2\/posts\/20859","targetHints":{"allow":["GET"]}}],"collection":[{"href":"https:\/\/inces.gob.ve\/index.php\/wp-json\/wp\/v2\/posts"}],"about":[{"href":"https:\/\/inces.gob.ve\/index.php\/wp-json\/wp\/v2\/types\/post"}],"author":[{"embeddable":true,"href":"https:\/\/inces.gob.ve\/index.php\/wp-json\/wp\/v2\/users\/15"}],"replies":[{"embeddable":true,"href":"https:\/\/inces.gob.ve\/index.php\/wp-json\/wp\/v2\/comments?post=20859"}],"version-history":[{"count":1,"href":"https:\/\/inces.gob.ve\/index.php\/wp-json\/wp\/v2\/posts\/20859\/revisions"}],"predecessor-version":[{"id":20863,"href":"https:\/\/inces.gob.ve\/index.php\/wp-json\/wp\/v2\/posts\/20859\/revisions\/20863"}],"wp:featuredmedia":[{"embeddable":true,"href":"https:\/\/inces.gob.ve\/index.php\/wp-json\/wp\/v2\/media\/20862"}],"wp:attachment":[{"href":"https:\/\/inces.gob.ve\/index.php\/wp-json\/wp\/v2\/media?parent=20859"}],"wp:term":[{"taxonomy":"category","embeddable":true,"href":"https:\/\/inces.gob.ve\/index.php\/wp-json\/wp\/v2\/categories?post=20859"},{"taxonomy":"post_tag","embeddable":true,"href":"https:\/\/inces.gob.ve\/index.php\/wp-json\/wp\/v2\/tags?post=20859"}],"curies":[{"name":"wp","href":"https:\/\/api.w.org\/{rel}","templated":true}]}}