{"id":20876,"date":"2018-10-08T11:22:21","date_gmt":"2018-10-08T17:22:21","guid":{"rendered":"http:\/\/www.inces.gob.ve\/?p=20876"},"modified":"2020-05-28T20:30:56","modified_gmt":"2020-05-29T00:30:56","slug":"hidro-chamba-juvenil-2018-se-activa-con-formacion-de-capital-humano","status":"publish","type":"post","link":"https:\/\/inces.gob.ve\/index.php\/2018\/10\/08\/hidro-chamba-juvenil-2018-se-activa-con-formacion-de-capital-humano\/","title":{"rendered":"Hidro-chamba Juvenil 2018 se activa con formaci\u00f3n de capital humano"},"content":{"rendered":"<p class=\"western\" style=\"text-align: justify;\"><span style=\"font-family: Arial,sans-serif;\"><span style=\"font-size: medium;\"><i><b>** Proceso de transferencia de los servicios menores de Hidrocapital fortalecer\u00e1 comunidades del punto y c\u00edrculo<\/b><\/i><\/span><\/span><\/p>\n<p class=\"western\" style=\"text-align: justify;\"><!--more--><\/p>\n<p class=\"western\" style=\"text-align: justify;\"><span style=\"font-family: Arial,sans-serif;\"><span style=\"font-size: medium;\"><b>ZUVALQUI DUARTE | Vargas<\/b><\/span><\/span><\/p>\n<p>&nbsp;<\/p>\n<p class=\"western\" style=\"text-align: justify;\"><span style=\"font-family: Arial,sans-serif;\"><span style=\"font-size: medium;\">En los espacios de Hidrocapital, en el estado Vargas, se desarrolla un ambicioso plan de formaci\u00f3n integral para los j\u00f3venes que se conformar\u00e1n en unidades productivas, y as\u00ed organizar una sala de gesti\u00f3n de respuestas comunitaria y atender el punto y c\u00edrculo de estas instituciones.<\/span><\/span><\/p>\n<p>&nbsp;<\/p>\n<p class=\"western\" style=\"text-align: justify;\"><span style=\"font-family: Arial,sans-serif;\"><span style=\"font-size: medium;\">Con autoridades de la empresa del Estado, Ministerio de la Juventud, voceros y voceras comunitarias, chambistas y el Inces se dio inicio al primer encuentro donde se explic\u00f3 el alcance nacional del proyecto, exponiendo las caracter\u00edsticas del mismo y resaltando la intenci\u00f3n de transferir los servicios menores a unidades de producci\u00f3n social, fin \u00faltimo de este proyecto.<\/span><\/span><\/p>\n<p class=\"western\" style=\"text-align: justify;\"><span style=\"font-family: Arial,sans-serif;\"><span style=\"font-size: medium;\"><img loading=\"lazy\" decoding=\"async\" class=\"aligncenter wp-image-20878 size-full\" src=\"http:\/\/www.inces.gob.ve\/wp-content\/uploads\/2018\/10\/2Hidro-chamba-Juvenil.jpg\" alt=\"\" width=\"800\" height=\"473\" srcset=\"https:\/\/inces.gob.ve\/wp-content\/uploads\/2018\/10\/2Hidro-chamba-Juvenil.jpg 800w, https:\/\/inces.gob.ve\/wp-content\/uploads\/2018\/10\/2Hidro-chamba-Juvenil-300x177.jpg 300w, https:\/\/inces.gob.ve\/wp-content\/uploads\/2018\/10\/2Hidro-chamba-Juvenil-768x454.jpg 768w\" sizes=\"auto, (max-width: 800px) 100vw, 800px\" \/><\/span><\/span><\/p>\n<p class=\"western\" style=\"text-align: justify;\"><span style=\"font-family: Arial,sans-serif;\"><span style=\"font-size: medium;\">Eduardo S\u00e1nchez, de la sala de gesti\u00f3n de la Gran Misi\u00f3n Chamba Juvenil por el Ministerio de la Juventud manifest\u00f3: \u201cEstos chambistas recibir\u00e1n la formaci\u00f3n totalmente integral en oficios productivos tales como: Alba\u00f1iler\u00eda, Soldadura, Plomer\u00eda y Administraci\u00f3n, y ser\u00e1n incorporadas e incorporados a la n\u00f3mina de Chamba Juvenil para la recepci\u00f3n de beneficios econ\u00f3micos.\u201d<\/span><\/span><\/p>\n<p>&nbsp;<\/p>\n<p class=\"western\" style=\"text-align: justify;\"><span style=\"font-family: Arial,sans-serif;\"><span style=\"font-size: medium;\">Johny L\u00f3pez, coordinador del Programa Nacional de Aprendizaje del Inces guaire\u00f1o, mostr\u00f3 su satisfacci\u00f3n de incorporarse a estas mesas de trabajo y formar parte del proceso de formaci\u00f3n y acreditaci\u00f3n de estos j\u00f3venes, y apuesta a la calidad de servicio que estos muchachos le llevar\u00e1n a las comunidades. <\/span><\/span><\/p>\n<p>&nbsp;<\/p>\n<p class=\"western\" style=\"text-align: justify;\"><img loading=\"lazy\" decoding=\"async\" class=\"aligncenter wp-image-20877 size-full\" src=\"http:\/\/www.inces.gob.ve\/wp-content\/uploads\/2018\/10\/4Hidro-chamba-Juvenil.jpg\" alt=\"\" width=\"800\" height=\"600\" srcset=\"https:\/\/inces.gob.ve\/wp-content\/uploads\/2018\/10\/4Hidro-chamba-Juvenil.jpg 800w, https:\/\/inces.gob.ve\/wp-content\/uploads\/2018\/10\/4Hidro-chamba-Juvenil-300x225.jpg 300w, https:\/\/inces.gob.ve\/wp-content\/uploads\/2018\/10\/4Hidro-chamba-Juvenil-768x576.jpg 768w, https:\/\/inces.gob.ve\/wp-content\/uploads\/2018\/10\/4Hidro-chamba-Juvenil-136x102.jpg 136w\" sizes=\"auto, (max-width: 800px) 100vw, 800px\" \/><\/p>\n<p class=\"western\" style=\"text-align: justify;\"><span style=\"font-family: Arial,sans-serif;\"><span style=\"font-size: medium;\">Este proyecto beneficiar\u00e1 de manera directa a la poblaci\u00f3n, ya que se pretende mejorar la capacidad de respuesta a diversas problem\u00e1ticas planteadas e igualmente se incorporar\u00e1 un nutrido grupo de j\u00f3venes a estos ambientes de trabajo ampliando sus conocimientos en el \u00e1rea<\/span><\/span><\/p>\n","protected":false},"excerpt":{"rendered":"<p>** Proceso de transferencia de los servicios menores de Hidrocapital fortalecer\u00e1 comunidades del punto y c\u00edrculo<\/p>\n","protected":false},"author":15,"featured_media":20879,"comment_status":"closed","ping_status":"closed","sticky":false,"template":"","format":"standard","meta":{"footnotes":""},"categories":[2],"tags":[],"class_list":["post-20876","post","type-post","status-publish","format-standard","has-post-thumbnail","hentry","category-blog"],"_links":{"self":[{"href":"https:\/\/inces.gob.ve\/index.php\/wp-json\/wp\/v2\/posts\/20876","targetHints":{"allow":["GET"]}}],"collection":[{"href":"https:\/\/inces.gob.ve\/index.php\/wp-json\/wp\/v2\/posts"}],"about":[{"href":"https:\/\/inces.gob.ve\/index.php\/wp-json\/wp\/v2\/types\/post"}],"author":[{"embeddable":true,"href":"https:\/\/inces.gob.ve\/index.php\/wp-json\/wp\/v2\/users\/15"}],"replies":[{"embeddable":true,"href":"https:\/\/inces.gob.ve\/index.php\/wp-json\/wp\/v2\/comments?post=20876"}],"version-history":[{"count":2,"href":"https:\/\/inces.gob.ve\/index.php\/wp-json\/wp\/v2\/posts\/20876\/revisions"}],"predecessor-version":[{"id":20881,"href":"https:\/\/inces.gob.ve\/index.php\/wp-json\/wp\/v2\/posts\/20876\/revisions\/20881"}],"wp:featuredmedia":[{"embeddable":true,"href":"https:\/\/inces.gob.ve\/index.php\/wp-json\/wp\/v2\/media\/20879"}],"wp:attachment":[{"href":"https:\/\/inces.gob.ve\/index.php\/wp-json\/wp\/v2\/media?parent=20876"}],"wp:term":[{"taxonomy":"category","embeddable":true,"href":"https:\/\/inces.gob.ve\/index.php\/wp-json\/wp\/v2\/categories?post=20876"},{"taxonomy":"post_tag","embeddable":true,"href":"https:\/\/inces.gob.ve\/index.php\/wp-json\/wp\/v2\/tags?post=20876"}],"curies":[{"name":"wp","href":"https:\/\/api.w.org\/{rel}","templated":true}]}}