{"id":20882,"date":"2018-10-08T11:34:00","date_gmt":"2018-10-08T17:34:00","guid":{"rendered":"http:\/\/www.inces.gob.ve\/?p=20882"},"modified":"2020-05-28T20:30:56","modified_gmt":"2020-05-29T00:30:56","slug":"finaliza-formacion-en-el-area-automotriz-en-el-cfs-huayra","status":"publish","type":"post","link":"https:\/\/inces.gob.ve\/index.php\/2018\/10\/08\/finaliza-formacion-en-el-area-automotriz-en-el-cfs-huayra\/","title":{"rendered":"Finaliza formaci\u00f3n en el \u00e1rea automotriz en el CFS Huayra"},"content":{"rendered":"<p class=\"western\" align=\"justify\"><span style=\"font-family: Arial,sans-serif;\"><span style=\"font-size: medium;\"><i><b>** Participantes seguir\u00e1n form\u00e1ndose en cursos que permitan ampliar sus conocimientos en el \u00e1rea<\/b><\/i><\/span><\/span><\/p>\n<p class=\"western\" align=\"justify\">\n<!--more--><\/p>\n<p class=\"western\" align=\"justify\"><span style=\"font-family: Arial,sans-serif;\"><span style=\"font-size: medium;\"><b>ZUVALQUI DUARTE | Vargas<\/b><\/span><\/span><\/p>\n<p class=\"western\" align=\"justify\">\n<p class=\"western\" align=\"justify\"><span style=\"font-family: Arial,sans-serif;\"><span style=\"font-size: medium;\">El curso Electricidad del Autom\u00f3vil, que se dicta en el centro de formaci\u00f3n socialista (CFS) Huayra, es una de las formaciones con m\u00e1s demanda, ya que permite adquirir conocimientos que permiten la incorporaci\u00f3n inmediata a puestos de trabajo y la organizaci\u00f3n de unidades productivas.<\/span><\/span><\/p>\n<p class=\"western\" align=\"justify\">\n<p class=\"western\" align=\"justify\"><span style=\"font-family: Arial,sans-serif;\"><span style=\"font-size: medium;\">En un encuentro de saberes, los participantes se\u00f1alaron cada una de las partes el\u00e9ctricas de un veh\u00edculo, sus caracter\u00edsticas, funciones, forma de instalaci\u00f3n y reparaci\u00f3n as\u00ed como los detalles necesarios de la seguridad industrial, en el uso de herramientas y durante el proceso del trabajo mec\u00e1nico.<\/span><\/span><\/p>\n<p align=\"justify\">\n<p class=\"western\" align=\"justify\"><span style=\"font-family: Arial,sans-serif;\"><span style=\"font-size: medium;\"><img loading=\"lazy\" decoding=\"async\" class=\"aligncenter wp-image-20886 size-full\" src=\"http:\/\/www.inces.gob.ve\/wp-content\/uploads\/2018\/10\/1\u00e1rea-automotriz-.jpg\" alt=\"\" width=\"800\" height=\"600\" srcset=\"https:\/\/inces.gob.ve\/wp-content\/uploads\/2018\/10\/1\u00e1rea-automotriz-.jpg 800w, https:\/\/inces.gob.ve\/wp-content\/uploads\/2018\/10\/1\u00e1rea-automotriz--300x225.jpg 300w, https:\/\/inces.gob.ve\/wp-content\/uploads\/2018\/10\/1\u00e1rea-automotriz--768x576.jpg 768w, https:\/\/inces.gob.ve\/wp-content\/uploads\/2018\/10\/1\u00e1rea-automotriz--136x102.jpg 136w\" sizes=\"auto, (max-width: 800px) 100vw, 800px\" \/><\/span><\/span><\/p>\n<p class=\"western\" align=\"justify\"><span style=\"font-family: Arial,sans-serif;\"><span style=\"font-size: medium;\">Ronald Orozco maestro t\u00e9cnico productivo manifest\u00f3 sentirse satisfecho con la socializaci\u00f3n de saberes que realizaron los participantes ya que el tiempo invertido gener\u00f3 frutos buenos ante lo cual se\u00f1al\u00f3: \u201cCada formaci\u00f3n es diferente, enfrento nuevos retos y es mi deber actualizarme con la tecnolog\u00eda necesaria para dar conocimientos de calidad, igualmente ellos traen sus saberes que fortalecen los m\u00edos\u201d.<\/span><\/span><\/p>\n<p align=\"justify\">\n<p class=\"western\" align=\"justify\"><span style=\"font-family: Arial,sans-serif;\"><span style=\"font-size: medium;\"><img loading=\"lazy\" decoding=\"async\" class=\"aligncenter wp-image-20885 size-full\" src=\"http:\/\/www.inces.gob.ve\/wp-content\/uploads\/2018\/10\/3\u00e1rea-automotriz-.jpg\" alt=\"\" width=\"800\" height=\"600\" srcset=\"https:\/\/inces.gob.ve\/wp-content\/uploads\/2018\/10\/3\u00e1rea-automotriz-.jpg 800w, https:\/\/inces.gob.ve\/wp-content\/uploads\/2018\/10\/3\u00e1rea-automotriz--300x225.jpg 300w, https:\/\/inces.gob.ve\/wp-content\/uploads\/2018\/10\/3\u00e1rea-automotriz--768x576.jpg 768w, https:\/\/inces.gob.ve\/wp-content\/uploads\/2018\/10\/3\u00e1rea-automotriz--136x102.jpg 136w\" sizes=\"auto, (max-width: 800px) 100vw, 800px\" \/><\/span><\/span><\/p>\n<p class=\"western\" align=\"justify\"><span style=\"font-family: Arial,sans-serif;\"><span style=\"font-size: medium;\">Actualmente esta formaci\u00f3n tambi\u00e9n se dicta en el Centro de Inclusi\u00f3n Armando Rever\u00f3n de Macuto, a los ciudadanos que est\u00e1n siendo atendidos por diversos problemas sociales y ellos fueron invitados al compartir como m\u00e9todo de integraci\u00f3n y reinserci\u00f3n social.<\/span><\/span><\/p>\n<p class=\"western\" align=\"justify\">\n<p class=\"western\" align=\"justify\"><span style=\"font-family: Arial,sans-serif;\"><span style=\"font-size: medium;\"><img loading=\"lazy\" decoding=\"async\" class=\"aligncenter wp-image-20883 size-full\" src=\"http:\/\/www.inces.gob.ve\/wp-content\/uploads\/2018\/10\/6\u00e1rea-automotriz-.jpg\" alt=\"\" width=\"800\" height=\"588\" srcset=\"https:\/\/inces.gob.ve\/wp-content\/uploads\/2018\/10\/6\u00e1rea-automotriz-.jpg 800w, https:\/\/inces.gob.ve\/wp-content\/uploads\/2018\/10\/6\u00e1rea-automotriz--300x221.jpg 300w, https:\/\/inces.gob.ve\/wp-content\/uploads\/2018\/10\/6\u00e1rea-automotriz--768x564.jpg 768w\" sizes=\"auto, (max-width: 800px) 100vw, 800px\" \/><\/span><\/span><\/p>\n","protected":false},"excerpt":{"rendered":"<p>** Participantes seguir\u00e1n form\u00e1ndose en cursos que permitan ampliar sus conocimientos en el \u00e1rea<\/p>\n","protected":false},"author":15,"featured_media":20884,"comment_status":"closed","ping_status":"closed","sticky":false,"template":"","format":"standard","meta":{"footnotes":""},"categories":[2],"tags":[],"class_list":["post-20882","post","type-post","status-publish","format-standard","has-post-thumbnail","hentry","category-blog"],"_links":{"self":[{"href":"https:\/\/inces.gob.ve\/index.php\/wp-json\/wp\/v2\/posts\/20882","targetHints":{"allow":["GET"]}}],"collection":[{"href":"https:\/\/inces.gob.ve\/index.php\/wp-json\/wp\/v2\/posts"}],"about":[{"href":"https:\/\/inces.gob.ve\/index.php\/wp-json\/wp\/v2\/types\/post"}],"author":[{"embeddable":true,"href":"https:\/\/inces.gob.ve\/index.php\/wp-json\/wp\/v2\/users\/15"}],"replies":[{"embeddable":true,"href":"https:\/\/inces.gob.ve\/index.php\/wp-json\/wp\/v2\/comments?post=20882"}],"version-history":[{"count":1,"href":"https:\/\/inces.gob.ve\/index.php\/wp-json\/wp\/v2\/posts\/20882\/revisions"}],"predecessor-version":[{"id":20887,"href":"https:\/\/inces.gob.ve\/index.php\/wp-json\/wp\/v2\/posts\/20882\/revisions\/20887"}],"wp:featuredmedia":[{"embeddable":true,"href":"https:\/\/inces.gob.ve\/index.php\/wp-json\/wp\/v2\/media\/20884"}],"wp:attachment":[{"href":"https:\/\/inces.gob.ve\/index.php\/wp-json\/wp\/v2\/media?parent=20882"}],"wp:term":[{"taxonomy":"category","embeddable":true,"href":"https:\/\/inces.gob.ve\/index.php\/wp-json\/wp\/v2\/categories?post=20882"},{"taxonomy":"post_tag","embeddable":true,"href":"https:\/\/inces.gob.ve\/index.php\/wp-json\/wp\/v2\/tags?post=20882"}],"curies":[{"name":"wp","href":"https:\/\/api.w.org\/{rel}","templated":true}]}}