{"id":20897,"date":"2018-10-08T13:41:19","date_gmt":"2018-10-08T19:41:19","guid":{"rendered":"http:\/\/www.inces.gob.ve\/?p=20897"},"modified":"2020-05-28T20:30:56","modified_gmt":"2020-05-29T00:30:56","slug":"mesa-de-trabajo-se-constituye-para-ejecutar-controlar-y-evaluar-convenio-entre-inces-y-cnac","status":"publish","type":"post","link":"https:\/\/inces.gob.ve\/index.php\/2018\/10\/08\/mesa-de-trabajo-se-constituye-para-ejecutar-controlar-y-evaluar-convenio-entre-inces-y-cnac\/","title":{"rendered":"Mesa de trabajo se constituye para ejecutar, controlar y evaluar convenio entre Inces y CNAC"},"content":{"rendered":"<p align=\"justify\"><span style=\"font-family: Arial,sans-serif;\"><i><b>**La reuni\u00f3n estuvo dirigida por Luisa Veloz, Gerente general de Cooperaci\u00f3n Nacional e Internacional <\/b><\/i><\/span><\/p>\n<p align=\"justify\"><!--more--><\/p>\n<p align=\"justify\"><span style=\"font-family: Arial,sans-serif;\"><b>FREDDY MARTINEZ\/Inces sede<\/b><\/span><\/p>\n<p align=\"justify\">\n<p align=\"justify\"><span style=\"font-family: Arial,sans-serif;\">Inces y el Centro Aut\u00f3nomo de Cinematograf\u00eda (CNAC) realizaron una mesa de trabajo con el fin de trazar planes de acci\u00f3n para la ejecuci\u00f3n de los acuerdos recientemente firmados y que tienen como objetivos el dise\u00f1o de programas formativos en el \u00e1rea cinematogr\u00e1fica.<\/span><\/p>\n<p align=\"justify\">\n<p align=\"justify\"><span style=\"font-family: Arial,sans-serif;\">El acuerdo interinstitucional abre un abanico de posibilidades a la poblaci\u00f3n venezolana para formarse en diversas \u00e1reas de la industria del cine como gui\u00f3n, vestuario, maquillaje, carpinter\u00eda, electricidad, escenograf\u00eda, entre otras. Adem\u00e1s, el Inces ofrece sus diversas modalidades formativas como cursos, talleres, proyectos, programas y acreditaci\u00f3n de saberes como v\u00edas para la adquisici\u00f3n de conocimientos en los oficios t\u00e9cnicos del cine. <\/span><\/p>\n<p align=\"justify\">\n<p align=\"justify\"><span style=\"font-family: Arial,sans-serif;\">La Mesa, realizada en el sal\u00f3n de reuniones de la gerencia de Formaci\u00f3n Profesional, estuvo integrada por <b>Beatriz Sequera y Liz Marcano (Formaci\u00f3n profesional); Hugo Chirinos y Omar Ru\u00edz (Encadenamiento productivo) Emilio Mundarain e Irma D&#8217;Santiago (Cooperaci\u00f3n Nacional e Internacional). <\/b><\/span><\/p>\n<p align=\"justify\">\n<p align=\"justify\"><span style=\"font-family: Arial,sans-serif;\">Por el CNAC estuvieron presentes Mar\u00eda Sierra y Morella Mundarain, (Asesor\u00eda legal); Rodolfo Santana y Vanessa Torres (Gerencia de Laboratorio del Cine y Audiovisual de Venezuela); Armando Carrieri, Carlos Bol\u00edvar y Tonny Varela (Comunidad cinematogr\u00e1fica). <\/span><\/p>\n<p align=\"justify\">\n<p align=\"justify\"><span style=\"font-family: Arial,sans-serif;\"> <img loading=\"lazy\" decoding=\"async\" class=\"aligncenter wp-image-20908 size-full\" src=\"http:\/\/www.inces.gob.ve\/wp-content\/uploads\/2018\/10\/1-Inces-y-CNAC.jpg\" alt=\"\" width=\"800\" height=\"533\" srcset=\"https:\/\/inces.gob.ve\/wp-content\/uploads\/2018\/10\/1-Inces-y-CNAC.jpg 800w, https:\/\/inces.gob.ve\/wp-content\/uploads\/2018\/10\/1-Inces-y-CNAC-300x200.jpg 300w, https:\/\/inces.gob.ve\/wp-content\/uploads\/2018\/10\/1-Inces-y-CNAC-768x512.jpg 768w\" sizes=\"auto, (max-width: 800px) 100vw, 800px\" \/><\/span><\/p>\n<p align=\"justify\"><span style=\"font-family: Arial,sans-serif;\">En la reuni\u00f3n se constituy\u00f3 un Comit\u00e9 t\u00e9cnico coordinador que tendr\u00e1 la tarea de seguir la ejecuci\u00f3n de los acuerdos en el inter\u00e9s de alcanzar los objetivos propuestos. <\/span><\/p>\n<p align=\"justify\"><span style=\"font-family: Arial,sans-serif;\">En ese sentido, la Mesa se comprometi\u00f3 a presentar a las autoridades un plan estrat\u00e9gico global para el cumplimiento de lo establecido, asimismo, esta instancia se reunir\u00e1 una vez al mes para el seguimiento, el control y la evaluaci\u00f3n del convenio. <\/span><\/p>\n<p align=\"justify\">\n<p align=\"justify\"><span style=\"font-family: Arial,sans-serif;\"><img loading=\"lazy\" decoding=\"async\" class=\"aligncenter wp-image-20907 size-full\" src=\"http:\/\/www.inces.gob.ve\/wp-content\/uploads\/2018\/10\/3-Inces-y-CNAC.jpg\" alt=\"\" width=\"800\" height=\"516\" srcset=\"https:\/\/inces.gob.ve\/wp-content\/uploads\/2018\/10\/3-Inces-y-CNAC.jpg 800w, https:\/\/inces.gob.ve\/wp-content\/uploads\/2018\/10\/3-Inces-y-CNAC-300x194.jpg 300w, https:\/\/inces.gob.ve\/wp-content\/uploads\/2018\/10\/3-Inces-y-CNAC-768x495.jpg 768w\" sizes=\"auto, (max-width: 800px) 100vw, 800px\" \/><\/span><\/p>\n<p align=\"justify\"><span style=\"font-family: Arial,sans-serif;\">Hace justamente una semana el Inces y el CNAC firmaron un acuerdo institucional en un acto realizado en la sede de la Universidad de las artes (Unearte). <\/span><\/p>\n","protected":false},"excerpt":{"rendered":"<p>**La reuni\u00f3n estuvo dirigida por Luisa Veloz, Gerente general de Cooperaci\u00f3n Nacional e Internacional<\/p>\n","protected":false},"author":15,"featured_media":20906,"comment_status":"closed","ping_status":"closed","sticky":false,"template":"","format":"standard","meta":{"footnotes":""},"categories":[2],"tags":[],"class_list":["post-20897","post","type-post","status-publish","format-standard","has-post-thumbnail","hentry","category-blog"],"_links":{"self":[{"href":"https:\/\/inces.gob.ve\/index.php\/wp-json\/wp\/v2\/posts\/20897","targetHints":{"allow":["GET"]}}],"collection":[{"href":"https:\/\/inces.gob.ve\/index.php\/wp-json\/wp\/v2\/posts"}],"about":[{"href":"https:\/\/inces.gob.ve\/index.php\/wp-json\/wp\/v2\/types\/post"}],"author":[{"embeddable":true,"href":"https:\/\/inces.gob.ve\/index.php\/wp-json\/wp\/v2\/users\/15"}],"replies":[{"embeddable":true,"href":"https:\/\/inces.gob.ve\/index.php\/wp-json\/wp\/v2\/comments?post=20897"}],"version-history":[{"count":4,"href":"https:\/\/inces.gob.ve\/index.php\/wp-json\/wp\/v2\/posts\/20897\/revisions"}],"predecessor-version":[{"id":20910,"href":"https:\/\/inces.gob.ve\/index.php\/wp-json\/wp\/v2\/posts\/20897\/revisions\/20910"}],"wp:featuredmedia":[{"embeddable":true,"href":"https:\/\/inces.gob.ve\/index.php\/wp-json\/wp\/v2\/media\/20906"}],"wp:attachment":[{"href":"https:\/\/inces.gob.ve\/index.php\/wp-json\/wp\/v2\/media?parent=20897"}],"wp:term":[{"taxonomy":"category","embeddable":true,"href":"https:\/\/inces.gob.ve\/index.php\/wp-json\/wp\/v2\/categories?post=20897"},{"taxonomy":"post_tag","embeddable":true,"href":"https:\/\/inces.gob.ve\/index.php\/wp-json\/wp\/v2\/tags?post=20897"}],"curies":[{"name":"wp","href":"https:\/\/api.w.org\/{rel}","templated":true}]}}