{"id":20900,"date":"2018-10-08T14:03:54","date_gmt":"2018-10-08T20:03:54","guid":{"rendered":"http:\/\/www.inces.gob.ve\/?p=20900"},"modified":"2020-05-28T20:30:56","modified_gmt":"2020-05-29T00:30:56","slug":"somos-inces-destaco-convenio-de-cooperacion-entre-inces-y-el-centro-nacional-de-cinematografia","status":"publish","type":"post","link":"https:\/\/inces.gob.ve\/index.php\/2018\/10\/08\/somos-inces-destaco-convenio-de-cooperacion-entre-inces-y-el-centro-nacional-de-cinematografia\/","title":{"rendered":"Somos Inces destac\u00f3 convenio de cooperaci\u00f3n entre Inces y el Centro Nacional de Cinematograf\u00eda"},"content":{"rendered":"<p style=\"text-align: justify;\" align=\"justify\"><span style=\"font-family: Arial,sans-serif;\"><i><b>**Esta vez el programa radial fue conducido por el presidente del Inces Wuikelman Angel y Virginia Morales aprendiz del \u00e1rea inform\u00e1tica<\/b><\/i><\/span><\/p>\n<p style=\"text-align: justify;\" align=\"justify\"><!--more--><\/p>\n<p style=\"text-align: justify;\" align=\"justify\"><span style=\"font-family: Arial,sans-serif;\"><i><b>FREDDY MARTINEZ \/ INCES SEDE<\/b><\/i><\/span><\/p>\n<p align=\"justify\">\n<p style=\"text-align: justify;\" align=\"justify\"><span style=\"font-family: Arial,sans-serif;\">Firma del convenio entre el Inces y el Cnac, cosecha de veinte hect\u00e1reas entre arroz y ma\u00edz en Inces Portuguesa, inauguraci\u00f3n del Cafet\u00edn Wuadaka en Unearte y dise\u00f1o de nuevos cursos para la industria cinematogr\u00e1fica, fueron algunos de los temas desarrollados en el programa radial Somos Inces, difundido todos los jueves por Radio Miraflores 95.9 FM. <\/span><\/p>\n<p align=\"justify\">\n<p style=\"text-align: justify;\" align=\"justify\"><span style=\"font-family: Arial,sans-serif;\">En esta oportunidad se activ\u00f3 para la interacci\u00f3n con el p\u00fablico la etiqueta #SomosIncesYCnac en la cual el usuario @Inces_Vargs escribi\u00f3: \u201cHoy se aborda el tema del convenio de cooperaci\u00f3n entre el Inces y el CNAC para fortalecer el cine venezolano a trav\u00e9s del abanico de la formaci\u00f3n t\u00e9cnico profesional del Inces en sus diversas modalidades\u201d. <\/span><\/p>\n<p align=\"justify\">\n<p style=\"text-align: justify;\" align=\"justify\"><span style=\"font-family: Arial,sans-serif;\">Por su parte el usuario @Imetalminero de La Victoria estado Aragua, aprovech\u00f3 la etiqueta para promocionar una formaci\u00f3n donde los participantes elaboraron un tornillo patr\u00f3n, esto a trav\u00e9s de un curso de tornado c\u00f3nico donde el maestro t\u00e9cnico Oscar Pico mostr\u00f3 una foto de la pieza construida.<\/span><\/p>\n<p align=\"justify\">\n<p style=\"text-align: justify;\" align=\"justify\"><span style=\"font-family: Arial,sans-serif;\"><img loading=\"lazy\" decoding=\"async\" class=\"aligncenter wp-image-20903 size-full\" src=\"http:\/\/www.inces.gob.ve\/wp-content\/uploads\/2018\/10\/1-Somos-Inces.jpg\" alt=\"\" width=\"850\" height=\"638\" srcset=\"https:\/\/inces.gob.ve\/wp-content\/uploads\/2018\/10\/1-Somos-Inces.jpg 850w, https:\/\/inces.gob.ve\/wp-content\/uploads\/2018\/10\/1-Somos-Inces-300x225.jpg 300w, https:\/\/inces.gob.ve\/wp-content\/uploads\/2018\/10\/1-Somos-Inces-768x576.jpg 768w, https:\/\/inces.gob.ve\/wp-content\/uploads\/2018\/10\/1-Somos-Inces-136x102.jpg 136w\" sizes=\"auto, (max-width: 850px) 100vw, 850px\" \/><\/span><\/p>\n<p style=\"text-align: justify;\" align=\"justify\"><span style=\"font-family: Arial,sans-serif;\">Seguidamente la cuenta @IncesGuarico difundi\u00f3 el mensaje \u201c<span lang=\"es-ES\">Brigada de aprendices Inces realizan diagn\u00f3stico y reparaciones a las conexiones el\u00e9ctricas a las instalaciones del Idessa en la Universidad \u00abR\u00f3mulo Gallegos\u00bb de san Juan de Los Morros. <\/span><\/span><\/p>\n<p align=\"justify\">\n<p style=\"text-align: justify;\" align=\"justify\"><span style=\"font-family: Arial,sans-serif;\">Ya en el desarrollo del programa la gerente general de cooperaci\u00f3n nacional e internacional, Luisa Veloz habl\u00f3 sobre las particularidades del convenio firmado entre el Inces y el Centro Nacional Aut\u00f3nomo de Cinematograf\u00eda -Cnac- como un acuerdo para el dise\u00f1o y desarrollo de un abanico de cursos destinados a todos los interesados en formarse en varias \u00e1reas del conocimiento cinematogr\u00e1fico. <\/span><\/p>\n<p align=\"justify\">\n<p style=\"text-align: justify;\" align=\"justify\"><span style=\"font-family: Arial,sans-serif;\">Veloz precis\u00f3 que la industria cinematogr\u00e1fica es muy amplia y, en ese sentido, la gama de opciones parte desde cursos para guionistas, camar\u00f3grafos, sonidistas, luminitos, electricidad y carpinter\u00eda para cine hasta maquillaje, peluquer\u00eda y vestuario, entre otras especialidades del mundo del cine. <\/span><\/p>\n<p align=\"justify\">\n<p style=\"text-align: justify;\" align=\"justify\"><span style=\"font-family: Arial,sans-serif;\">Desde la l\u00ednea telef\u00f3nica Veloz apunt\u00f3 que este tipo de formaci\u00f3n es muy valiosa porque la hacen personas que tienen mucho conocimiento en el \u00e1rea; por ello la gerencia de Tecnolog\u00eda Educativa trabaja junto a estos especialistas para la creaci\u00f3n de los contenidos. <\/span><\/p>\n<p align=\"justify\">\n<p style=\"text-align: justify;\" align=\"justify\"><span style=\"font-family: Arial,sans-serif;\">Asimismo, la gerente se\u00f1al\u00f3 que es tambi\u00e9n importante el proceso de acreditaci\u00f3n y reconocimiento de saberes, porque en esta industria hay especialistas con muchos a\u00f1os de experiencia en distintas especializaciones. Veloz destac\u00f3 que en este momento hay unos cincuenta especialistas de la industria certificados para impartir conocimientos a trav\u00e9s de los cursos. <\/span><\/p>\n<p align=\"justify\">\n<p style=\"text-align: justify;\" align=\"justify\"><span style=\"font-family: Arial,sans-serif;\">Veloz aprovech\u00f3 la oportunidad para expresar que el Inces tiene reconocimiento internacional con organizaciones como la OIT, pues los certificados y las acreditaciones que se emiten tienen valor en cualquier pa\u00eds del mundo, \u201cpara ello el Inces articula con el Ministerio de Relaciones Exteriores y con organizaciones hom\u00f3logas de Argentina, Colombia, Brasil y otros pa\u00edses\u201d. <\/span><\/p>\n<p style=\"text-align: justify;\" align=\"justify\">\n<p style=\"text-align: justify;\" align=\"justify\"><span style=\"font-family: Arial,sans-serif;\"><img loading=\"lazy\" decoding=\"async\" class=\"aligncenter wp-image-20904 size-full\" src=\"http:\/\/www.inces.gob.ve\/wp-content\/uploads\/2018\/10\/3Somos-Inces.jpg\" alt=\"\" width=\"800\" height=\"600\" srcset=\"https:\/\/inces.gob.ve\/wp-content\/uploads\/2018\/10\/3Somos-Inces.jpg 800w, https:\/\/inces.gob.ve\/wp-content\/uploads\/2018\/10\/3Somos-Inces-300x225.jpg 300w, https:\/\/inces.gob.ve\/wp-content\/uploads\/2018\/10\/3Somos-Inces-768x576.jpg 768w, https:\/\/inces.gob.ve\/wp-content\/uploads\/2018\/10\/3Somos-Inces-136x102.jpg 136w\" sizes=\"auto, (max-width: 800px) 100vw, 800px\" \/><\/span><\/p>\n<p style=\"text-align: justify;\" align=\"justify\"><span style=\"font-family: Arial,sans-serif;\">Finalmente Wuikelman Angel envi\u00f3 un mensaje a las empresas privadas y p\u00fablicas del pa\u00eds en el sentido de que esta instituci\u00f3n est\u00e1 abierta al llamado de cualquier iniciativa formativa y productiva porque se tata de trascender al esquema rentista que ha caracterizado la din\u00e1mica econ\u00f3mica del pa\u00eds y as\u00ed impulsar la producci\u00f3n en todos los sectores en funci\u00f3n del desarrollo de la naci\u00f3n venezolana. <\/span><\/p>\n<p style=\"text-align: justify;\" align=\"justify\">\n","protected":false},"excerpt":{"rendered":"<p>**Esta vez el programa radial fue conducido por el presidente del Inces Wuikelman Angel y Virginia Morales aprendiz del \u00e1rea inform\u00e1tica<\/p>\n","protected":false},"author":15,"featured_media":20902,"comment_status":"closed","ping_status":"closed","sticky":false,"template":"","format":"standard","meta":{"footnotes":""},"categories":[2],"tags":[],"class_list":["post-20900","post","type-post","status-publish","format-standard","has-post-thumbnail","hentry","category-blog"],"_links":{"self":[{"href":"https:\/\/inces.gob.ve\/index.php\/wp-json\/wp\/v2\/posts\/20900","targetHints":{"allow":["GET"]}}],"collection":[{"href":"https:\/\/inces.gob.ve\/index.php\/wp-json\/wp\/v2\/posts"}],"about":[{"href":"https:\/\/inces.gob.ve\/index.php\/wp-json\/wp\/v2\/types\/post"}],"author":[{"embeddable":true,"href":"https:\/\/inces.gob.ve\/index.php\/wp-json\/wp\/v2\/users\/15"}],"replies":[{"embeddable":true,"href":"https:\/\/inces.gob.ve\/index.php\/wp-json\/wp\/v2\/comments?post=20900"}],"version-history":[{"count":2,"href":"https:\/\/inces.gob.ve\/index.php\/wp-json\/wp\/v2\/posts\/20900\/revisions"}],"predecessor-version":[{"id":20905,"href":"https:\/\/inces.gob.ve\/index.php\/wp-json\/wp\/v2\/posts\/20900\/revisions\/20905"}],"wp:featuredmedia":[{"embeddable":true,"href":"https:\/\/inces.gob.ve\/index.php\/wp-json\/wp\/v2\/media\/20902"}],"wp:attachment":[{"href":"https:\/\/inces.gob.ve\/index.php\/wp-json\/wp\/v2\/media?parent=20900"}],"wp:term":[{"taxonomy":"category","embeddable":true,"href":"https:\/\/inces.gob.ve\/index.php\/wp-json\/wp\/v2\/categories?post=20900"},{"taxonomy":"post_tag","embeddable":true,"href":"https:\/\/inces.gob.ve\/index.php\/wp-json\/wp\/v2\/tags?post=20900"}],"curies":[{"name":"wp","href":"https:\/\/api.w.org\/{rel}","templated":true}]}}