{"id":20929,"date":"2018-10-10T07:10:49","date_gmt":"2018-10-10T13:10:49","guid":{"rendered":"http:\/\/www.inces.gob.ve\/?p=20929"},"modified":"2020-05-28T20:30:56","modified_gmt":"2020-05-29T00:30:56","slug":"entregados-certificados-inces-a-clase-trabajadora-del-motor-minero","status":"publish","type":"post","link":"https:\/\/inces.gob.ve\/index.php\/2018\/10\/10\/entregados-certificados-inces-a-clase-trabajadora-del-motor-minero\/","title":{"rendered":"Entregados certificados Inces a clase trabajadora del motor minero"},"content":{"rendered":"<p class=\"western\" style=\"text-align: justify;\"><span style=\"font-family: Arial,sans-serif;\"><span style=\"font-size: medium;\"><i><b>** Se crea alianza estrat\u00e9gica entre la Secretar\u00eda de Minas de la gobernaci\u00f3n bolivariana de Cojedes y el Inces<\/b><\/i><\/span><\/span><\/p>\n<p class=\"western\" style=\"text-align: justify;\"><!--more--><\/p>\n<p style=\"text-align: justify;\">\n<p class=\"western\" style=\"text-align: justify;\"><span style=\"font-family: Arial,sans-serif;\"><span style=\"font-size: medium;\"><b>SANDRA LOAIZA-NATHALIE REYES | Cojedes<\/b><\/span><\/span><\/p>\n<p class=\"western\" style=\"text-align: justify;\">\n<p class=\"western\" style=\"text-align: justify;\"><span style=\"font-family: Arial,sans-serif;\"><span style=\"font-size: medium;\">La clase trabajadora del sector minero del estado Cojedes recibi\u00f3 m\u00e1s 40 de certificados que acreditan su experiencia en ejercicio y reconoce su saber en diversos oficios del motor minero. La entrega se realiz\u00f3 en Tinaquillo, junto a la gobernadora del estado bolivariano de Cojedes, Margaud Godoy; el alcalde bolivariano, Luis Yoyote y Jos\u00e9 Antonio Mart\u00ednez, gerente regional del Inces. <\/span><\/span><\/p>\n<p class=\"western\" style=\"text-align: justify;\">\n<p class=\"western\" style=\"text-align: justify;\"><span style=\"font-family: Arial,sans-serif;\"><span style=\"font-size: medium;\">Es importante destacar que la certificaci\u00f3n se dio tras las reuniones de planificaci\u00f3n que mantuvo el Inces junto a Cojedes Productivo. La alianza estrat\u00e9gica entre ambos institutos permiti\u00f3 la atenci\u00f3n integral en lo que respecta a miner\u00eda. No solo se atendi\u00f3 a la clase trabajadora, sino que tambi\u00e9n se estudiaron los avances en productividad minera con el plan de desarrollo econ\u00f3mico de la regi\u00f3n. <\/span><\/span><\/p>\n<p class=\"western\" style=\"text-align: justify;\">\n<p class=\"western\" style=\"text-align: justify;\"><span style=\"font-family: Arial,sans-serif;\"><span style=\"font-size: medium;\">Entre los acuerdos se estableci\u00f3 la certificaci\u00f3n de saberes, el fortalecimiento de la producci\u00f3n a trav\u00e9s de cursos, talleres, formaciones y dem\u00e1s servicios educativos que imparte el Inces.<\/span><\/span><\/p>\n<p style=\"text-align: justify;\">\n<p class=\"western\" style=\"text-align: justify;\"><img loading=\"lazy\" decoding=\"async\" class=\"aligncenter wp-image-20931 size-full\" src=\"http:\/\/www.inces.gob.ve\/wp-content\/uploads\/2018\/10\/1certificados-Inces.jpg\" alt=\"\" width=\"750\" height=\"488\" srcset=\"https:\/\/inces.gob.ve\/wp-content\/uploads\/2018\/10\/1certificados-Inces.jpg 750w, https:\/\/inces.gob.ve\/wp-content\/uploads\/2018\/10\/1certificados-Inces-300x195.jpg 300w\" sizes=\"auto, (max-width: 750px) 100vw, 750px\" \/><span style=\"font-family: Arial,sans-serif;\"><span style=\"font-size: medium;\">Entre las formaciones que ya se llevaron a cabo destacan: \u201cSeguridad Industrial y Ambiente de Trabajo\u201d, \u201cConstrucci\u00f3n Colectiva de la Sensibilidad\u201d y seis Jornadas para la acreditaci\u00f3n de saberes ocupacionales y emp\u00edricos, seg\u00fan inform\u00f3 Jos\u00e9 Antonio Mart\u00ednez.<\/span><\/span><\/p>\n<p class=\"western\" style=\"text-align: justify;\"><span style=\"font-family: Arial,sans-serif;\"><span style=\"font-size: medium;\">En las mencionadas jornadas se permiti\u00f3 la certificaci\u00f3n de 100 oficios a m\u00e1s de 40 trabajadores en la empresa mixta Cojedes Productivo, minas Taguanes 200 y minas Taoro, explic\u00f3 el gerente regional \u201ccon este programa del Inces se reconocen y se legitiman los conocimientos y saberes ancestrales del poder popular para incentivar su emprendimiento, as\u00ed como tambi\u00e9n, se ofrece el soporte t\u00e9cnico y valor a los conocimientos acad\u00e9micos, ascensos en los puestos de trabajo, entre otros\u201d, finaliz\u00f3 Mart\u00ednez. <\/span><\/span><\/p>\n","protected":false},"excerpt":{"rendered":"<p>** Se crea alianza estrat\u00e9gica entre la Secretar\u00eda de Minas de la gobernaci\u00f3n bolivariana de Cojedes y el Inces<\/p>\n","protected":false},"author":15,"featured_media":20930,"comment_status":"closed","ping_status":"closed","sticky":false,"template":"","format":"standard","meta":{"footnotes":""},"categories":[2],"tags":[],"class_list":["post-20929","post","type-post","status-publish","format-standard","has-post-thumbnail","hentry","category-blog"],"_links":{"self":[{"href":"https:\/\/inces.gob.ve\/index.php\/wp-json\/wp\/v2\/posts\/20929","targetHints":{"allow":["GET"]}}],"collection":[{"href":"https:\/\/inces.gob.ve\/index.php\/wp-json\/wp\/v2\/posts"}],"about":[{"href":"https:\/\/inces.gob.ve\/index.php\/wp-json\/wp\/v2\/types\/post"}],"author":[{"embeddable":true,"href":"https:\/\/inces.gob.ve\/index.php\/wp-json\/wp\/v2\/users\/15"}],"replies":[{"embeddable":true,"href":"https:\/\/inces.gob.ve\/index.php\/wp-json\/wp\/v2\/comments?post=20929"}],"version-history":[{"count":1,"href":"https:\/\/inces.gob.ve\/index.php\/wp-json\/wp\/v2\/posts\/20929\/revisions"}],"predecessor-version":[{"id":20932,"href":"https:\/\/inces.gob.ve\/index.php\/wp-json\/wp\/v2\/posts\/20929\/revisions\/20932"}],"wp:featuredmedia":[{"embeddable":true,"href":"https:\/\/inces.gob.ve\/index.php\/wp-json\/wp\/v2\/media\/20930"}],"wp:attachment":[{"href":"https:\/\/inces.gob.ve\/index.php\/wp-json\/wp\/v2\/media?parent=20929"}],"wp:term":[{"taxonomy":"category","embeddable":true,"href":"https:\/\/inces.gob.ve\/index.php\/wp-json\/wp\/v2\/categories?post=20929"},{"taxonomy":"post_tag","embeddable":true,"href":"https:\/\/inces.gob.ve\/index.php\/wp-json\/wp\/v2\/tags?post=20929"}],"curies":[{"name":"wp","href":"https:\/\/api.w.org\/{rel}","templated":true}]}}