{"id":20933,"date":"2018-10-10T08:27:46","date_gmt":"2018-10-10T14:27:46","guid":{"rendered":"http:\/\/www.inces.gob.ve\/?p=20933"},"modified":"2020-05-28T20:30:56","modified_gmt":"2020-05-29T00:30:56","slug":"gerencia-de-cultura-reune-a-jovenes-para-lanzamiento-de-la-movida-digital","status":"publish","type":"post","link":"https:\/\/inces.gob.ve\/index.php\/2018\/10\/10\/gerencia-de-cultura-reune-a-jovenes-para-lanzamiento-de-la-movida-digital\/","title":{"rendered":"Gerencia de Cultura re\u00fane a j\u00f3venes para lanzamiento de \u00abla movida digital\u201d"},"content":{"rendered":"<p class=\"western\" lang=\"es-ES\" style=\"text-align: justify;\" align=\"justify\"><span style=\"color: #000000;\"><span style=\"font-family: Arial,sans-serif;\"><span style=\"font-size: medium;\"><b>**La gerencia de Cultura convoc\u00f3 a un grupo de voceros del Movimiento Nacional de Aprendices a objeto de mejorar las iniciativas comunicacionales y de incentivar la participaci\u00f3n de los j\u00f3venes aprendices en la din\u00e1mica cultural e institucional del Inces. <\/b><\/span><\/span><\/span><\/p>\n<p class=\"western\" lang=\"es-ES\" style=\"text-align: justify;\" align=\"justify\"><!--more--><\/p>\n<h3 class=\"western\" lang=\"es-ES\" style=\"text-align: justify;\" align=\"justify\"><span style=\"color: #000000;\"><span style=\"font-family: Arial,sans-serif;\"><span style=\"font-size: medium;\"><b>FREDDY MARTINEZ\/Inces Sede<\/b><\/span><\/span><\/span><\/h3>\n<p style=\"text-align: justify;\">\n<p class=\"western\" lang=\"es-ES\" style=\"text-align: justify;\" align=\"justify\"><span style=\"color: #000000;\"><span style=\"font-family: Arial,sans-serif;\"><span style=\"font-size: medium;\">Se trata de construir una plataforma de comunicaci\u00f3n desde las redes sociales que se ha denominado \u201c<b>la <\/b><b>movida digital\u201d,<\/b> que no es m\u00e1s que un plan transversal que conecta al joven con cualquier situaci\u00f3n o eventualidad que amerite de su participaci\u00f3n como ciudadano consciente que debe proyectar optimismo. <\/span><\/span><\/span><\/p>\n<p lang=\"es-ES\" align=\"justify\">\n<p class=\"western\" lang=\"es-ES\" style=\"text-align: justify;\" align=\"justify\"><span style=\"color: #000000;\"><span style=\"font-family: Arial,sans-serif;\"><span style=\"font-size: medium;\">Para el gerente de Cultura del Inces, Jos\u00e9 Luis Tovar, \u201ctodos andamos en algo, pero \u00bfc\u00f3mo y qu\u00e9 nos une esa din\u00e1mica que nos envuelve como trabajadores, aprendices o como ciudadanos? el espacio com\u00fan de la movida que est\u00e1 en el diario vivir de cada quien, donde generamos conciencia para la lucha social\u201d. <\/span><\/span><\/span><\/p>\n<p lang=\"es-ES\" align=\"justify\">\n<p class=\"western\" lang=\"es-ES\" style=\"text-align: justify;\" align=\"justify\"><span style=\"color: #000000;\"><span style=\"font-family: Arial,sans-serif;\"><span style=\"font-size: medium;\">De esa manera \u201cla movida digital\u201d es un programa operativo de gesti\u00f3n juvenil que permite desarrollar din\u00e1micas en todas las gerencias del Inces y, a su vez, se constituye en un factor vinculante entra la instituci\u00f3n y la comunidad. <\/span><\/span><\/span><\/p>\n<p class=\"western\" lang=\"es-ES\" style=\"text-align: justify;\" align=\"justify\"><span style=\"color: #000000;\"><span style=\"font-family: Arial,sans-serif;\"><span style=\"font-size: medium;\"><img loading=\"lazy\" decoding=\"async\" class=\"aligncenter wp-image-20935 size-full\" src=\"http:\/\/www.inces.gob.ve\/wp-content\/uploads\/2018\/10\/2la-movida-digital.jpg\" alt=\"\" width=\"800\" height=\"476\" srcset=\"https:\/\/inces.gob.ve\/wp-content\/uploads\/2018\/10\/2la-movida-digital.jpg 800w, https:\/\/inces.gob.ve\/wp-content\/uploads\/2018\/10\/2la-movida-digital-300x179.jpg 300w, https:\/\/inces.gob.ve\/wp-content\/uploads\/2018\/10\/2la-movida-digital-768x457.jpg 768w\" sizes=\"auto, (max-width: 800px) 100vw, 800px\" \/><\/span><\/span><\/span><\/p>\n<p class=\"western\" lang=\"es-ES\" style=\"text-align: justify;\" align=\"justify\"><span style=\"color: #000000;\"><span style=\"font-family: Arial,sans-serif;\"><span style=\"font-size: medium;\">Creemos as\u00ed que la movida es para fortalecer y vincular la fuerza biol\u00f3gica del Inces con sus j\u00f3venes y sus trabajadores en una relaci\u00f3n de intercambio y de experiencias mutuas. <\/span><\/span><\/span><\/p>\n<p lang=\"es-ES\" align=\"justify\">\n<p class=\"western\" style=\"text-align: justify;\" align=\"justify\"><span style=\"color: #000000;\">\u201c<span style=\"font-family: Arial,sans-serif;\"><span style=\"font-size: medium;\"><span lang=\"es-ES\">La movida se va a desarrollar en todos los espacios donde nos encontremos, incluso, desde el plano de lo individual como reflejo para nuestros semejantes, partiendo de que el optimismo es una fuerza espiritual que nos convence de que solo en<\/span><\/span><\/span> <span style=\"font-family: Arial,sans-serif;\"><span style=\"font-size: medium;\"><span lang=\"es-ES\">nosotros est\u00e1n los ingredientes para la transformaci\u00f3n verdadera de la patria\u201d. <\/span><\/span><\/span><\/span><\/p>\n<p class=\"western\" style=\"text-align: justify;\" align=\"justify\"><span style=\"color: #000000;\"><span style=\"font-family: Arial,sans-serif;\"><span style=\"font-size: medium;\"><span lang=\"es-ES\"><img loading=\"lazy\" decoding=\"async\" class=\"aligncenter wp-image-20934 size-full\" src=\"http:\/\/www.inces.gob.ve\/wp-content\/uploads\/2018\/10\/3la-movida-digital.jpg\" alt=\"\" width=\"800\" height=\"471\" srcset=\"https:\/\/inces.gob.ve\/wp-content\/uploads\/2018\/10\/3la-movida-digital.jpg 800w, https:\/\/inces.gob.ve\/wp-content\/uploads\/2018\/10\/3la-movida-digital-300x177.jpg 300w, https:\/\/inces.gob.ve\/wp-content\/uploads\/2018\/10\/3la-movida-digital-768x452.jpg 768w\" sizes=\"auto, (max-width: 800px) 100vw, 800px\" \/><\/span><\/span><\/span><\/span><\/p>\n<p class=\"western\" style=\"text-align: justify;\">\n","protected":false},"excerpt":{"rendered":"<p>**La gerencia de Cultura convoc\u00f3 a un grupo de voceros del Movimiento Nacional de Aprendices a objeto de mejorar las iniciativas comunicacionales y de incentivar la participaci\u00f3n de los j\u00f3venes aprendices en la din\u00e1mica cultural e institucional del Inces.<\/p>\n","protected":false},"author":15,"featured_media":20936,"comment_status":"closed","ping_status":"closed","sticky":false,"template":"","format":"standard","meta":{"footnotes":""},"categories":[2],"tags":[],"class_list":["post-20933","post","type-post","status-publish","format-standard","has-post-thumbnail","hentry","category-blog"],"_links":{"self":[{"href":"https:\/\/inces.gob.ve\/index.php\/wp-json\/wp\/v2\/posts\/20933","targetHints":{"allow":["GET"]}}],"collection":[{"href":"https:\/\/inces.gob.ve\/index.php\/wp-json\/wp\/v2\/posts"}],"about":[{"href":"https:\/\/inces.gob.ve\/index.php\/wp-json\/wp\/v2\/types\/post"}],"author":[{"embeddable":true,"href":"https:\/\/inces.gob.ve\/index.php\/wp-json\/wp\/v2\/users\/15"}],"replies":[{"embeddable":true,"href":"https:\/\/inces.gob.ve\/index.php\/wp-json\/wp\/v2\/comments?post=20933"}],"version-history":[{"count":1,"href":"https:\/\/inces.gob.ve\/index.php\/wp-json\/wp\/v2\/posts\/20933\/revisions"}],"predecessor-version":[{"id":20937,"href":"https:\/\/inces.gob.ve\/index.php\/wp-json\/wp\/v2\/posts\/20933\/revisions\/20937"}],"wp:featuredmedia":[{"embeddable":true,"href":"https:\/\/inces.gob.ve\/index.php\/wp-json\/wp\/v2\/media\/20936"}],"wp:attachment":[{"href":"https:\/\/inces.gob.ve\/index.php\/wp-json\/wp\/v2\/media?parent=20933"}],"wp:term":[{"taxonomy":"category","embeddable":true,"href":"https:\/\/inces.gob.ve\/index.php\/wp-json\/wp\/v2\/categories?post=20933"},{"taxonomy":"post_tag","embeddable":true,"href":"https:\/\/inces.gob.ve\/index.php\/wp-json\/wp\/v2\/tags?post=20933"}],"curies":[{"name":"wp","href":"https:\/\/api.w.org\/{rel}","templated":true}]}}