{"id":20970,"date":"2018-10-10T13:48:23","date_gmt":"2018-10-10T19:48:23","guid":{"rendered":"http:\/\/www.inces.gob.ve\/?p=20970"},"modified":"2020-05-28T20:30:55","modified_gmt":"2020-05-29T00:30:55","slug":"reparada-y-rehabilitada-gerencia-regional-de-inces-trujillo-y-cfs-ali-primera","status":"publish","type":"post","link":"https:\/\/inces.gob.ve\/index.php\/2018\/10\/10\/reparada-y-rehabilitada-gerencia-regional-de-inces-trujillo-y-cfs-ali-primera\/","title":{"rendered":"Reparada y rehabilitada gerencia regional de Inces Trujillo y CFS Al\u00ed Primera"},"content":{"rendered":"<p style=\"text-align: justify;\" align=\"justify\"><span style=\"font-family: Arial,sans-serif;\"><i><b>** La inversi\u00f3n super\u00f3 los 8.920 Bs.S<\/b><\/i><\/span><\/p>\n<p style=\"text-align: justify;\" align=\"justify\"><a name=\"more-11237\"><\/a><!--more--><\/p>\n<p align=\"justify\">\n<p style=\"text-align: justify;\" align=\"justify\"><span style=\"font-family: Arial,sans-serif;\"><b>LONGINA TOVAR | Sede<\/b><\/span><\/p>\n<p align=\"justify\">\n<p style=\"text-align: justify;\" align=\"justify\"><span style=\"font-family: Arial,sans-serif;\"><b>La Gerencia General de Infraestructura y Servicios repar\u00f3 y rehabilit\u00f3<\/b> <b>el edificio administrativo del Inces Trujillo<\/b>, espacio donde tambi\u00e9n funciona el centro de formaci\u00f3n socialista <b>(CFS) <\/b>\u201c<b>Al\u00ed Primera\u201d<\/b>, lo cual contribuye con el fortalecimiento de los espacios formativos y con el bienestar del personal que labora en esa sede.<\/span><\/p>\n<p align=\"justify\">\n<p style=\"text-align: justify;\" align=\"justify\"><span style=\"font-family: Arial,sans-serif;\">Estos trabajos realizados en la entidad andina fueron reflejados, junto a otros 10, para desarrollarse en distintas regiones del pa\u00eds. Lo cual est\u00e1 incluido en el Plan Operativo Anual (POA) del Inces, as\u00ed como en el Plan Excepcional del Seniat.<\/span><\/p>\n<p align=\"justify\">\n<p style=\"text-align: justify;\" align=\"justify\"><span style=\"font-family: Arial,sans-serif;\"><b>Trabajos realizados<\/b><\/span><\/p>\n<p style=\"text-align: justify;\" align=\"justify\"><span style=\"font-family: Arial,sans-serif;\">La infraestructura de la sede del Inces Trujillo, que presentaba problemas de <b>filtraci\u00f3n en la cubierta del techo<\/b>, fue <b>reparada por completo <\/b>gracias a los trabajos de remoci\u00f3n del manto asf\u00e1ltico en sus tres pa\u00f1os, lo cual fue contemplado por el Inces como Obras por Ejecutar \u2013 2018. Posteriormente se procedi\u00f3 a realizar un <b>trabajo profundo de impermeabilizaci\u00f3n<\/b>, el cual consisti\u00f3 en la colocaci\u00f3n de un nuevo manto y la aplicaci\u00f3n de pintura asf\u00e1ltica elastom\u00e9rica para garantizar una mayor durabilidad del trabajo.<\/span><\/p>\n<p align=\"justify\">\n<p style=\"text-align: justify;\" align=\"justify\"><span style=\"font-family: Arial,sans-serif;\"><img loading=\"lazy\" decoding=\"async\" class=\"aligncenter wp-image-20971 size-full\" src=\"http:\/\/www.inces.gob.ve\/wp-content\/uploads\/2018\/10\/002-.jpg\" alt=\"\" width=\"631\" height=\"444\" srcset=\"https:\/\/inces.gob.ve\/wp-content\/uploads\/2018\/10\/002-.jpg 631w, https:\/\/inces.gob.ve\/wp-content\/uploads\/2018\/10\/002--300x211.jpg 300w\" sizes=\"auto, (max-width: 631px) 100vw, 631px\" \/><\/span><\/p>\n<p align=\"justify\">\n<p style=\"text-align: justify;\" align=\"justify\"><span style=\"font-family: Arial,sans-serif;\">En una segunda fase, patrocinada por el Plan Excepcional del Seniat, y para dar continuidad a los trabajos realizados desde principios de a\u00f1o, tanto en la gerencia regional de Trujillo como en el CFS Al\u00ed Primera, se procedi\u00f3 a la <b>impermeabilizaci\u00f3n de la losa del techo del edificio<\/b>, solventando as\u00ed los problemas de filtraci\u00f3n existentes.<\/span><\/p>\n<p align=\"justify\">\n<p style=\"text-align: justify;\" align=\"justify\"><span style=\"font-family: Arial,sans-serif;\">La informaci\u00f3n la dio a conocer Mois\u00e9s Palacios, Apoyo de Arquitectura, adscrito a la Gerencia General de Infraestructura y Servicios, quien inform\u00f3 que tambi\u00e9n se est\u00e1n haciendo trabajos similares en otros Inces del pa\u00eds, espec\u00edficamente los ubicados en los estados: <b>Falc\u00f3n, Monagas, Bol\u00edvar, M\u00e9rida, Portuguesa, Yaracuy, Lara, Carabobo<\/b> <b>y Distrito Capital <\/b>(San Mart\u00edn).<\/span><\/p>\n","protected":false},"excerpt":{"rendered":"<p>** La inversi\u00f3n super\u00f3 los 8.920 Bs.S<\/p>\n","protected":false},"author":15,"featured_media":20972,"comment_status":"closed","ping_status":"closed","sticky":false,"template":"","format":"standard","meta":{"footnotes":""},"categories":[2],"tags":[],"class_list":["post-20970","post","type-post","status-publish","format-standard","has-post-thumbnail","hentry","category-blog"],"_links":{"self":[{"href":"https:\/\/inces.gob.ve\/index.php\/wp-json\/wp\/v2\/posts\/20970","targetHints":{"allow":["GET"]}}],"collection":[{"href":"https:\/\/inces.gob.ve\/index.php\/wp-json\/wp\/v2\/posts"}],"about":[{"href":"https:\/\/inces.gob.ve\/index.php\/wp-json\/wp\/v2\/types\/post"}],"author":[{"embeddable":true,"href":"https:\/\/inces.gob.ve\/index.php\/wp-json\/wp\/v2\/users\/15"}],"replies":[{"embeddable":true,"href":"https:\/\/inces.gob.ve\/index.php\/wp-json\/wp\/v2\/comments?post=20970"}],"version-history":[{"count":4,"href":"https:\/\/inces.gob.ve\/index.php\/wp-json\/wp\/v2\/posts\/20970\/revisions"}],"predecessor-version":[{"id":20980,"href":"https:\/\/inces.gob.ve\/index.php\/wp-json\/wp\/v2\/posts\/20970\/revisions\/20980"}],"wp:featuredmedia":[{"embeddable":true,"href":"https:\/\/inces.gob.ve\/index.php\/wp-json\/wp\/v2\/media\/20972"}],"wp:attachment":[{"href":"https:\/\/inces.gob.ve\/index.php\/wp-json\/wp\/v2\/media?parent=20970"}],"wp:term":[{"taxonomy":"category","embeddable":true,"href":"https:\/\/inces.gob.ve\/index.php\/wp-json\/wp\/v2\/categories?post=20970"},{"taxonomy":"post_tag","embeddable":true,"href":"https:\/\/inces.gob.ve\/index.php\/wp-json\/wp\/v2\/tags?post=20970"}],"curies":[{"name":"wp","href":"https:\/\/api.w.org\/{rel}","templated":true}]}}