{"id":21019,"date":"2018-10-11T13:52:37","date_gmt":"2018-10-11T19:52:37","guid":{"rendered":"http:\/\/www.inces.gob.ve\/?p=21019"},"modified":"2020-05-28T20:30:55","modified_gmt":"2020-05-29T00:30:55","slug":"bachillerato-productivo-establecio-sus-procedimientos-tecnicos-y-administrativos","status":"publish","type":"post","link":"https:\/\/inces.gob.ve\/index.php\/2018\/10\/11\/bachillerato-productivo-establecio-sus-procedimientos-tecnicos-y-administrativos\/","title":{"rendered":"Bachillerato Productivo estableci\u00f3 sus procedimientos t\u00e9cnicos y administrativos"},"content":{"rendered":"<p align=\"justify\"><span style=\"font-family: Arial,sans-serif;\"><i><b>**Esta modalidad de inclusi\u00f3n orientado a la formaci\u00f3n de bachilleres egresar\u00e1n con conocimientos productivos y eficientes para todas las edades de j\u00f3venes adultos <\/b><\/i><\/span><\/p>\n<p align=\"justify\"><!--more--><\/p>\n<p align=\"justify\"><span style=\"font-family: Arial,sans-serif;\"><b>TRINA PINEDA\/Inces Sede<\/b><\/span><\/p>\n<p align=\"justify\"><span style=\"font-family: Arial,sans-serif;\">Continuando con la presentaci\u00f3n y procedimientos t\u00e9cnicos medios, Bachillerato Productivo realz\u00f3 la 2da promoci\u00f3n de 37 j\u00f3venes en la modalidad de operadores de sistemas en una graduaci\u00f3n que se realiz\u00f3 en el auditorio del Instituto Nacional de Capacitaci\u00f3n y Educaci\u00f3n socialista en la avenida Nueva Granada. <\/span><\/p>\n<p align=\"justify\"><span style=\"font-family: Arial,sans-serif;\">Maribel Lugo responsable de la jefatura del proceso y ense\u00f1anza de aprendizaje de la gerencia de Formaci\u00f3n, expres\u00f3 que es un proyecto que viene impulsando el Inces, que comenz\u00f3 a tener fuerza en el a\u00f1o 2015 con el perfil Bachillerato Productivo en diferentes \u00e1reas.<\/span><\/p>\n<p align=\"justify\"><span style=\"font-family: Arial,sans-serif;\"><img loading=\"lazy\" decoding=\"async\" class=\"aligncenter wp-image-21020 size-full\" src=\"http:\/\/www.inces.gob.ve\/wp-content\/uploads\/2018\/10\/6Bachillerato-Productivo.jpg\" alt=\"\" width=\"800\" height=\"533\" srcset=\"https:\/\/inces.gob.ve\/wp-content\/uploads\/2018\/10\/6Bachillerato-Productivo.jpg 800w, https:\/\/inces.gob.ve\/wp-content\/uploads\/2018\/10\/6Bachillerato-Productivo-300x200.jpg 300w, https:\/\/inces.gob.ve\/wp-content\/uploads\/2018\/10\/6Bachillerato-Productivo-768x512.jpg 768w\" sizes=\"auto, (max-width: 800px) 100vw, 800px\" \/><\/span><\/p>\n<p align=\"justify\"><span style=\"font-family: Arial,sans-serif;\">En el marco de la pol\u00edtica que viene impulsando el Ministerio de Educaci\u00f3n, es un esfuerzo que vienen haciendo el ministro de educaci\u00f3n con el Inces y el presidente Wuikelman Angel apuntalando con los j\u00f3venes que est\u00e1n sin culminar el bachillerato.<\/span><\/p>\n<p align=\"justify\"><span style=\"font-family: Arial,sans-serif;\"><img loading=\"lazy\" decoding=\"async\" class=\"aligncenter wp-image-21021 size-full\" src=\"http:\/\/www.inces.gob.ve\/wp-content\/uploads\/2018\/10\/4Bachillerato-Productivo.jpg\" alt=\"\" width=\"800\" height=\"533\" srcset=\"https:\/\/inces.gob.ve\/wp-content\/uploads\/2018\/10\/4Bachillerato-Productivo.jpg 800w, https:\/\/inces.gob.ve\/wp-content\/uploads\/2018\/10\/4Bachillerato-Productivo-300x200.jpg 300w, https:\/\/inces.gob.ve\/wp-content\/uploads\/2018\/10\/4Bachillerato-Productivo-768x512.jpg 768w\" sizes=\"auto, (max-width: 800px) 100vw, 800px\" \/><\/span><\/p>\n<p align=\"justify\"><span style=\"font-family: Arial,sans-serif;\">Richard Delgado gerente general de formaci\u00f3n Profesional resalt\u00f3 que se trata de la segunda promoci\u00f3n de bachilleres productivos, quienes culminaron sus estudios en el mes de julio del a\u00f1o 2018 en diversas \u00e1reas, estos 37 graduandos tienen la oportunidad de darle continuidad a sus estudios <\/span><\/p>\n<p align=\"justify\"><span style=\"font-family: Arial,sans-serif;\"><img loading=\"lazy\" decoding=\"async\" class=\"aligncenter wp-image-21022 size-full\" src=\"http:\/\/www.inces.gob.ve\/wp-content\/uploads\/2018\/10\/3Bachillerato-Productivo.jpg\" alt=\"\" width=\"800\" height=\"433\" srcset=\"https:\/\/inces.gob.ve\/wp-content\/uploads\/2018\/10\/3Bachillerato-Productivo.jpg 800w, https:\/\/inces.gob.ve\/wp-content\/uploads\/2018\/10\/3Bachillerato-Productivo-300x162.jpg 300w, https:\/\/inces.gob.ve\/wp-content\/uploads\/2018\/10\/3Bachillerato-Productivo-768x416.jpg 768w\" sizes=\"auto, (max-width: 800px) 100vw, 800px\" \/><\/span><\/p>\n<p align=\"justify\"><span style=\"font-family: Arial,sans-serif;\">Eder Atencio: Coordinador Nacional de las unidades educativas de la gerencia general de Formaci\u00f3n Profesional puntualiz\u00f3, que \u201choy tenemos un acto de graduaci\u00f3n de nuestros bachilleres productivos enmarcado en el ep\u00f3nimo del natalicio de Cecilio Acosta, ya que se realiz\u00f3 la primera promoci\u00f3n que fue la de Distrito Capital, en esta ocasi\u00f3n nuestros bachilleres son del estado Miranda\u201d. <\/span><\/p>\n<p align=\"justify\"><span style=\"font-family: Arial,sans-serif;\"><img loading=\"lazy\" decoding=\"async\" class=\"aligncenter wp-image-21024 size-full\" src=\"http:\/\/www.inces.gob.ve\/wp-content\/uploads\/2018\/10\/1Bachillerato-Productivo.jpg\" alt=\"\" width=\"800\" height=\"518\" srcset=\"https:\/\/inces.gob.ve\/wp-content\/uploads\/2018\/10\/1Bachillerato-Productivo.jpg 800w, https:\/\/inces.gob.ve\/wp-content\/uploads\/2018\/10\/1Bachillerato-Productivo-300x194.jpg 300w, https:\/\/inces.gob.ve\/wp-content\/uploads\/2018\/10\/1Bachillerato-Productivo-768x497.jpg 768w\" sizes=\"auto, (max-width: 800px) 100vw, 800px\" \/><\/span><\/p>\n<p align=\"justify\"><span style=\"font-family: Arial,sans-serif;\">Testimonios <\/span><\/p>\n<p align=\"justify\"><span style=\"font-family: Arial,sans-serif;\">Leydi Hern\u00e1ndez: \u201choy me estoy graduando de bachiller productivo con el perfil de operadora de micros; es la principal puerta para ingresar a la universidad, sue\u00f1o ser licenciada en Educaci\u00f3n, le doy las gracias al Inces por esta oportunidad\u201d.<\/span><\/p>\n<p align=\"justify\"><span style=\"font-family: Arial,sans-serif;\">Gabriel Guti\u00e9rrez: \u201cacabo de lograr una de mis grandes metas como es ser bachiller de la Rep\u00fablica en la menci\u00f3n t\u00e9cnico medio en inform\u00e1tica, ahora voy a profesionalizarme en una licenciatura, este logro me hace crecer como persona y aprender como es lo correcto en un ser humano, gracias a esta instituci\u00f3n por darme la oportunidad de lograr mi gran sue\u00f1o\u201d. <\/span><\/p>\n","protected":false},"excerpt":{"rendered":"<p>**Esta modalidad de inclusi\u00f3n orientado a la formaci\u00f3n de bachilleres egresar\u00e1n con conocimientos productivos y eficientes para todas las edades de j\u00f3venes adultos<\/p>\n","protected":false},"author":15,"featured_media":21023,"comment_status":"closed","ping_status":"closed","sticky":false,"template":"","format":"standard","meta":{"footnotes":""},"categories":[2],"tags":[],"class_list":["post-21019","post","type-post","status-publish","format-standard","has-post-thumbnail","hentry","category-blog"],"_links":{"self":[{"href":"https:\/\/inces.gob.ve\/index.php\/wp-json\/wp\/v2\/posts\/21019","targetHints":{"allow":["GET"]}}],"collection":[{"href":"https:\/\/inces.gob.ve\/index.php\/wp-json\/wp\/v2\/posts"}],"about":[{"href":"https:\/\/inces.gob.ve\/index.php\/wp-json\/wp\/v2\/types\/post"}],"author":[{"embeddable":true,"href":"https:\/\/inces.gob.ve\/index.php\/wp-json\/wp\/v2\/users\/15"}],"replies":[{"embeddable":true,"href":"https:\/\/inces.gob.ve\/index.php\/wp-json\/wp\/v2\/comments?post=21019"}],"version-history":[{"count":2,"href":"https:\/\/inces.gob.ve\/index.php\/wp-json\/wp\/v2\/posts\/21019\/revisions"}],"predecessor-version":[{"id":21026,"href":"https:\/\/inces.gob.ve\/index.php\/wp-json\/wp\/v2\/posts\/21019\/revisions\/21026"}],"wp:featuredmedia":[{"embeddable":true,"href":"https:\/\/inces.gob.ve\/index.php\/wp-json\/wp\/v2\/media\/21023"}],"wp:attachment":[{"href":"https:\/\/inces.gob.ve\/index.php\/wp-json\/wp\/v2\/media?parent=21019"}],"wp:term":[{"taxonomy":"category","embeddable":true,"href":"https:\/\/inces.gob.ve\/index.php\/wp-json\/wp\/v2\/categories?post=21019"},{"taxonomy":"post_tag","embeddable":true,"href":"https:\/\/inces.gob.ve\/index.php\/wp-json\/wp\/v2\/tags?post=21019"}],"curies":[{"name":"wp","href":"https:\/\/api.w.org\/{rel}","templated":true}]}}