{"id":21081,"date":"2018-10-15T10:10:55","date_gmt":"2018-10-15T16:10:55","guid":{"rendered":"http:\/\/www.inces.gob.ve\/?p=21081"},"modified":"2020-05-28T20:33:27","modified_gmt":"2020-05-29T00:33:27","slug":"27-estudiantes-consolidaron-sus-suenos-con-inces-monagas","status":"publish","type":"post","link":"https:\/\/inces.gob.ve\/index.php\/2018\/10\/15\/27-estudiantes-consolidaron-sus-suenos-con-inces-monagas\/","title":{"rendered":"27 estudiantes consolidaron sus sue\u00f1os con Inces Monagas"},"content":{"rendered":"<p style=\"text-align: justify;\" align=\"justify\"><i><b>** En acto de grado, las autoridades regionales entregaron los t\u00edtulos que acreditan a los bachilleres con perfil productivo <\/b><\/i><\/p>\n<p style=\"text-align: justify;\" align=\"justify\">\n<!--more--><\/p>\n<p style=\"text-align: justify;\" align=\"justify\"><b>MARI\u00c1NGEL HENR\u00cdQUEZ | Monagas<\/b><\/p>\n<p style=\"text-align: justify;\" align=\"justify\">\n<p style=\"text-align: justify;\" align=\"justify\">En las instalaciones de la sala de usos m\u00faltiples del Inces, en en Monagas, se llev\u00f3 a cabo el acto de grado de 27 hombres y mujeres que cursaron estudios de bachillerato en la modalidad de Educaci\u00f3n Media de J\u00f3venes, Adultas y Adultos, en el que recibieron de parte de las autoridades regionales el t\u00edtulo que los acredita como Bachilleres de la Rep\u00fablica con un perfil productivo.<\/p>\n<p style=\"text-align: justify;\" align=\"justify\">\n<p style=\"text-align: justify;\" align=\"justify\">Luego de participar en el proceso formativo, el Inces tambi\u00e9n les brind\u00f3 la oportunidad de desarrollar formaciones de Panificaci\u00f3n Dom\u00e9stica, Electr\u00f3nica, Word Avanzado, entre otras; adem\u00e1s de acreditar sus saberes en las \u00e1reas de: Operador de Micro, Cocina, Mantenimiento de Aires Acondicionados y Peluquer\u00eda, todo esto para contribuir en su vinculaci\u00f3n laboral en el campo productivo nacional.<\/p>\n<p align=\"justify\">\n<p style=\"text-align: justify;\" align=\"justify\"><img loading=\"lazy\" decoding=\"async\" class=\"aligncenter wp-image-21082 size-full\" src=\"http:\/\/www.inces.gob.ve\/wp-content\/uploads\/2018\/10\/5estudiantes.jpg\" alt=\"\" width=\"800\" height=\"449\" srcset=\"https:\/\/inces.gob.ve\/wp-content\/uploads\/2018\/10\/5estudiantes.jpg 800w, https:\/\/inces.gob.ve\/wp-content\/uploads\/2018\/10\/5estudiantes-300x168.jpg 300w, https:\/\/inces.gob.ve\/wp-content\/uploads\/2018\/10\/5estudiantes-768x431.jpg 768w\" sizes=\"auto, (max-width: 800px) 100vw, 800px\" \/><br \/>\nEn la actividad, se cont\u00f3 con la presencia del gerente regional, William N\u00fa\u00f1ez, quien les reconoci\u00f3 el esfuerzo y el compromiso que manifestaron en tiempos de guerra econ\u00f3mica, \u201clos invito a continuar capacit\u00e1ndose, form\u00e1ndose, pues la revoluci\u00f3n bolivariana ha reivindicado al estudiante creando miles de universidades, misiones educativas y oportunidades acad\u00e9micas para que el pueblo estudie y se integre al desarrollo productivo del pa\u00eds\u201d.<\/p>\n<p style=\"text-align: justify;\" align=\"justify\">\n<p style=\"text-align: justify;\" align=\"justify\">Por su parte, Beatriz Betancourt, contagiada de emoci\u00f3n y alegr\u00eda, resalt\u00f3 en nombre de sus compa\u00f1eros y compa\u00f1eras la satisfacci\u00f3n de haber logrado sus sue\u00f1os con la ayuda y apoyo del Inces, es por ello que hizo la petici\u00f3n a las autoridades presentes de los t\u00edtulos que los acreditan como Bachilleres con Perfil Productivo.<\/p>\n<p style=\"text-align: justify;\" align=\"justify\">\n<p style=\"text-align: justify;\" align=\"justify\">En el Inces Monagas se construye el pa\u00eds cada d\u00eda, el reto cotidiano es el de la esperanza y el desarrollo patrio, por eso, esos 27 j\u00f3venes, con su felicidad, su satisfacci\u00f3n y el acompa\u00f1amiento de su familia ratifican la acci\u00f3n institucional de la necesidad de seguir formando a los j\u00f3venes de la patria.<\/p>\n<p style=\"text-align: justify;\" align=\"justify\">\n<p style=\"text-align: justify;\" align=\"justify\"><b>Nuevos ingresos<\/b><\/p>\n<p style=\"text-align: justify;\" align=\"justify\">\n<p style=\"text-align: justify;\" align=\"justify\">Por otro lado, Maura Cabello, coordinadora del Programa de Educaci\u00f3n Media General en el estado indic\u00f3 \u201ctenemos la responsabilidad de cumplir con esta hermosa tarea, de incorporar y motivar a la mayor cantidad de j\u00f3venes y adultos a que culminen sus estudios de bachiller\u201d.<\/p>\n<p style=\"text-align: justify;\" align=\"justify\"><img loading=\"lazy\" decoding=\"async\" class=\"aligncenter wp-image-21083 size-full\" src=\"http:\/\/www.inces.gob.ve\/wp-content\/uploads\/2018\/10\/3estudiantes.jpg\" alt=\"\" width=\"800\" height=\"335\" srcset=\"https:\/\/inces.gob.ve\/wp-content\/uploads\/2018\/10\/3estudiantes.jpg 800w, https:\/\/inces.gob.ve\/wp-content\/uploads\/2018\/10\/3estudiantes-300x126.jpg 300w, https:\/\/inces.gob.ve\/wp-content\/uploads\/2018\/10\/3estudiantes-768x322.jpg 768w\" sizes=\"auto, (max-width: 800px) 100vw, 800px\" \/><\/p>\n<p style=\"text-align: justify;\" align=\"justify\">\u201cEs por ello que recientemente iniciaron clases 179 personas en el liceo \u201cRafael Mar\u00eda Pe\u00f1a Saavedra\u201d en el horario de fin semana, cuya poblaci\u00f3n apuesta al programa formativo y de acreditaci\u00f3n que ofrece el Inces para insertarse en el proceso productivo desde el ejercicio de la dignidad y desde el compromiso de la aportaci\u00f3n sistem\u00e1tica\u201d, apunt\u00f3 Cabello.<\/p>\n","protected":false},"excerpt":{"rendered":"<p>** En acto de grado, las autoridades regionales entregaron los t\u00edtulos que acreditan a los bachilleres con perfil productivo<\/p>\n","protected":false},"author":15,"featured_media":21084,"comment_status":"closed","ping_status":"closed","sticky":false,"template":"","format":"standard","meta":{"footnotes":""},"categories":[2],"tags":[],"class_list":["post-21081","post","type-post","status-publish","format-standard","has-post-thumbnail","hentry","category-blog"],"_links":{"self":[{"href":"https:\/\/inces.gob.ve\/index.php\/wp-json\/wp\/v2\/posts\/21081","targetHints":{"allow":["GET"]}}],"collection":[{"href":"https:\/\/inces.gob.ve\/index.php\/wp-json\/wp\/v2\/posts"}],"about":[{"href":"https:\/\/inces.gob.ve\/index.php\/wp-json\/wp\/v2\/types\/post"}],"author":[{"embeddable":true,"href":"https:\/\/inces.gob.ve\/index.php\/wp-json\/wp\/v2\/users\/15"}],"replies":[{"embeddable":true,"href":"https:\/\/inces.gob.ve\/index.php\/wp-json\/wp\/v2\/comments?post=21081"}],"version-history":[{"count":1,"href":"https:\/\/inces.gob.ve\/index.php\/wp-json\/wp\/v2\/posts\/21081\/revisions"}],"predecessor-version":[{"id":21085,"href":"https:\/\/inces.gob.ve\/index.php\/wp-json\/wp\/v2\/posts\/21081\/revisions\/21085"}],"wp:featuredmedia":[{"embeddable":true,"href":"https:\/\/inces.gob.ve\/index.php\/wp-json\/wp\/v2\/media\/21084"}],"wp:attachment":[{"href":"https:\/\/inces.gob.ve\/index.php\/wp-json\/wp\/v2\/media?parent=21081"}],"wp:term":[{"taxonomy":"category","embeddable":true,"href":"https:\/\/inces.gob.ve\/index.php\/wp-json\/wp\/v2\/categories?post=21081"},{"taxonomy":"post_tag","embeddable":true,"href":"https:\/\/inces.gob.ve\/index.php\/wp-json\/wp\/v2\/tags?post=21081"}],"curies":[{"name":"wp","href":"https:\/\/api.w.org\/{rel}","templated":true}]}}