{"id":21108,"date":"2018-10-16T10:24:25","date_gmt":"2018-10-16T16:24:25","guid":{"rendered":"http:\/\/www.inces.gob.ve\/?p=21108"},"modified":"2020-05-28T20:30:54","modified_gmt":"2020-05-29T00:30:54","slug":"gobernacion-de-carabobo-presta-apoyo-al-inces-para-obras-de-infraestructura","status":"publish","type":"post","link":"https:\/\/inces.gob.ve\/index.php\/2018\/10\/16\/gobernacion-de-carabobo-presta-apoyo-al-inces-para-obras-de-infraestructura\/","title":{"rendered":"Gobernaci\u00f3n de Carabobo presta apoyo al Inces para obras de infraestructura"},"content":{"rendered":"<p align=\"justify\"><span style=\"font-family: Arial,sans-serif;\"><i><b>**El origen de la erosi\u00f3n del terreno tuvo relaci\u00f3n con el bombeo de agua subterr\u00e1nea <\/b><\/i><\/span><\/p>\n<p align=\"justify\">\n<!--more--><\/p>\n<p align=\"justify\"><span style=\"font-family: Arial,sans-serif;\"><b>SANDRA AGUILAR | Carabobo <\/b><\/span><\/p>\n<p align=\"justify\">\n<p align=\"justify\"><span style=\"font-family: Arial,sans-serif;\">El gobernador del estado Carabobo, Rafael Lacava, aprob\u00f3 en conjunto con la Hidrol\u00f3gica del Centro (Hidrocentro) y el Instituto de la Vivienda del Estado Carabobo (IVEC) la realizaci\u00f3n de trabajos de infraestructura para controlar el hundimiento del terreno donde funciona la gerencia regional del Inces carabobe\u00f1o.<\/span><\/p>\n<p align=\"justify\">\n<p align=\"justify\"><span style=\"font-family: Arial,sans-serif;\">La infraestructura, ubicada en la urbanizaci\u00f3n Los Colorados, present\u00f3 problemas cerca de su base, dada la cercan\u00eda de un paso de agua subterr\u00e1nea.<\/span><\/p>\n<p align=\"justify\">\n<img loading=\"lazy\" decoding=\"async\" class=\"aligncenter wp-image-21109 size-full\" src=\"http:\/\/www.inces.gob.ve\/wp-content\/uploads\/2018\/10\/2Carabobo-presta-apoyo-al-Inces-.jpg\" alt=\"\" width=\"800\" height=\"807\" srcset=\"https:\/\/inces.gob.ve\/wp-content\/uploads\/2018\/10\/2Carabobo-presta-apoyo-al-Inces-.jpg 800w, https:\/\/inces.gob.ve\/wp-content\/uploads\/2018\/10\/2Carabobo-presta-apoyo-al-Inces--150x150.jpg 150w, https:\/\/inces.gob.ve\/wp-content\/uploads\/2018\/10\/2Carabobo-presta-apoyo-al-Inces--297x300.jpg 297w, https:\/\/inces.gob.ve\/wp-content\/uploads\/2018\/10\/2Carabobo-presta-apoyo-al-Inces--768x775.jpg 768w, https:\/\/inces.gob.ve\/wp-content\/uploads\/2018\/10\/2Carabobo-presta-apoyo-al-Inces--761x768.jpg 761w\" sizes=\"auto, (max-width: 800px) 100vw, 800px\" \/><span style=\"font-family: Arial,sans-serif;\">As\u00ed lo manifest\u00f3 el arquitecto Jos\u00e9 Ram\u00f3n Padrino, del Departamento de Infraestructura del Inces Los Colorados, quien conjuntamente con el ingeniero Guyen Soto, gerente regional, realizaron la gesti\u00f3n ante la gobernaci\u00f3n, Hidrocentro e IVEC; entes que ahora se encuentran brindando el apoyo necesario con sus trabajadores y su maquinaria pesada para solucionar el problema existente.<\/span><\/p>\n<p align=\"justify\">\n<p align=\"justify\"><span style=\"font-family: Arial,sans-serif;\">Padrino hizo un recuento e indic\u00f3 que en esa \u00e1rea pasa una quebrada subterr\u00e1nea de aguas servidas, las cuales vienen de las piscinas del Acuario de Valencia y cada vez que hacen labores de mantenimiento sus aguas se desbordan hasta la quebrada, para luego llegar al rio Cabriales.<\/span><\/p>\n<p align=\"justify\">\n<p align=\"justify\"><span style=\"font-family: Arial,sans-serif;\">Destac\u00f3 el arquitecto que los trabajos a realizar implican elevar todo el material degradado del relleno, estructurando la primera parte del destape. En una segunda etapa, se trabajar\u00e1 en el montaje de anillos con cemento de alta resistencia y granz\u00f3n. \u201cYa se elimin\u00f3 un tanque de agua y se cambiar\u00e1n las tuber\u00edas de aguas servidas\u201d, indic\u00f3.<\/span><\/p>\n<p align=\"justify\">\n<p align=\"justify\">\u201c<span style=\"font-family: Arial,sans-serif;\">El origen tuvo relaci\u00f3n con el bombeo de agua en el tiempo y en el espacio. Las principales capas que se consolidan son las capas blandas de sedimento; sin embargo, en el estudio realizado para esta \u00e1rea espec\u00edfica se concluye que la compresibilidad de las capas arenosas confinadas no deben ignorarse. En este caso en especifico, se encontr\u00f3 quemas del 30% de la subsidencia total, lo cual se debe a los estratos arenosos que se deforman de diversas maneras, bajo diferentes condiciones de esfuerzos\u201d, explic\u00f3 el especialista.<\/span><\/p>\n<p align=\"justify\">\n<p align=\"justify\">\u201c<span style=\"font-family: Arial,sans-serif;\">Gracias a Dios no sucedi\u00f3 nada que lamentar y hoy le agradecemos al gobernador Rafael Lacava por su gesti\u00f3n y pronta respuesta para el inicio de los trabajos de reparaci\u00f3n\u201d, indicaron las autoridades del Inces regional.<\/span><\/p>\n","protected":false},"excerpt":{"rendered":"<p>**El origen de la erosi\u00f3n del terreno tuvo relaci\u00f3n con el bombeo de agua subterr\u00e1nea<\/p>\n","protected":false},"author":15,"featured_media":21110,"comment_status":"closed","ping_status":"closed","sticky":false,"template":"","format":"standard","meta":{"footnotes":""},"categories":[2],"tags":[],"class_list":["post-21108","post","type-post","status-publish","format-standard","has-post-thumbnail","hentry","category-blog"],"_links":{"self":[{"href":"https:\/\/inces.gob.ve\/index.php\/wp-json\/wp\/v2\/posts\/21108","targetHints":{"allow":["GET"]}}],"collection":[{"href":"https:\/\/inces.gob.ve\/index.php\/wp-json\/wp\/v2\/posts"}],"about":[{"href":"https:\/\/inces.gob.ve\/index.php\/wp-json\/wp\/v2\/types\/post"}],"author":[{"embeddable":true,"href":"https:\/\/inces.gob.ve\/index.php\/wp-json\/wp\/v2\/users\/15"}],"replies":[{"embeddable":true,"href":"https:\/\/inces.gob.ve\/index.php\/wp-json\/wp\/v2\/comments?post=21108"}],"version-history":[{"count":1,"href":"https:\/\/inces.gob.ve\/index.php\/wp-json\/wp\/v2\/posts\/21108\/revisions"}],"predecessor-version":[{"id":21111,"href":"https:\/\/inces.gob.ve\/index.php\/wp-json\/wp\/v2\/posts\/21108\/revisions\/21111"}],"wp:featuredmedia":[{"embeddable":true,"href":"https:\/\/inces.gob.ve\/index.php\/wp-json\/wp\/v2\/media\/21110"}],"wp:attachment":[{"href":"https:\/\/inces.gob.ve\/index.php\/wp-json\/wp\/v2\/media?parent=21108"}],"wp:term":[{"taxonomy":"category","embeddable":true,"href":"https:\/\/inces.gob.ve\/index.php\/wp-json\/wp\/v2\/categories?post=21108"},{"taxonomy":"post_tag","embeddable":true,"href":"https:\/\/inces.gob.ve\/index.php\/wp-json\/wp\/v2\/tags?post=21108"}],"curies":[{"name":"wp","href":"https:\/\/api.w.org\/{rel}","templated":true}]}}