{"id":21142,"date":"2018-10-17T12:03:15","date_gmt":"2018-10-17T18:03:15","guid":{"rendered":"http:\/\/www.inces.gob.ve\/?p=21142"},"modified":"2020-05-28T20:30:54","modified_gmt":"2020-05-29T00:30:54","slug":"inces-carabobo-participo-en-la-conformacion-de-las-mesas-tecnicas-ecosocialista","status":"publish","type":"post","link":"https:\/\/inces.gob.ve\/index.php\/2018\/10\/17\/inces-carabobo-participo-en-la-conformacion-de-las-mesas-tecnicas-ecosocialista\/","title":{"rendered":"Inces Carabobo particip\u00f3 en la Conformaci\u00f3n de las Mesas T\u00e9cnicas Ecosocialista"},"content":{"rendered":"<p align=\"justify\"><span style=\"font-family: Arial,sans-serif;\"><i><b>**La instituci\u00f3n aportar\u00e1 con la formaci\u00f3n en materia del reciclaje de los desechos s\u00f3lidos de las comunidades organizadas<\/b><\/i><\/span><\/p>\n<p align=\"justify\"><!--more--><\/p>\n<p align=\"justify\"><span style=\"font-family: Arial,sans-serif;\"><b>SANDRA AGUILAR | Carabobo<\/b><\/span><\/p>\n<p align=\"justify\">\n<p align=\"justify\"><span style=\"font-family: Arial,sans-serif;\">El Instituto Nacional de Capacitaci\u00f3n y Educaci\u00f3n Socialista (Inces) Carabobo, a trav\u00e9s del Ministerio del Poder Popular para el Ecosocialismo y Aguas (Minea), tuvo participaci\u00f3n en la las instalaciones de la sala de monitoreo para el tema de las mesas t\u00e9cnicas ecosocialista<\/span><\/p>\n<p align=\"justify\"><span style=\"font-family: Arial,sans-serif;\">As\u00ed los inform\u00f3 Guyen Soto, gerente de Inces en la regi\u00f3n, quien dijo que contaron con la presencia de la Unidad Territorial del Ministerio de Educaci\u00f3n (UTE) de Carabobo, Misi\u00f3n \u00c1rbol, Guarder\u00eda Ambiental, Funda Comunidad, La Comisi\u00f3n de las Comunas del PSUV, Secretaria de Ambiente de la Gobernaci\u00f3n del estado Carabobo, y los diferentes institutos municipales de ambiente de las alcald\u00edas.<\/span><\/p>\n<p align=\"justify\"><span style=\"font-family: Arial,sans-serif;\"><img loading=\"lazy\" decoding=\"async\" class=\"aligncenter wp-image-21144 size-full\" src=\"http:\/\/www.inces.gob.ve\/wp-content\/uploads\/2018\/10\/1Mesas-T\u00e9cnicas-Ecosocialista.jpg\" alt=\"\" width=\"1020\" height=\"655\" srcset=\"https:\/\/inces.gob.ve\/wp-content\/uploads\/2018\/10\/1Mesas-T\u00e9cnicas-Ecosocialista.jpg 1020w, https:\/\/inces.gob.ve\/wp-content\/uploads\/2018\/10\/1Mesas-T\u00e9cnicas-Ecosocialista-300x193.jpg 300w, https:\/\/inces.gob.ve\/wp-content\/uploads\/2018\/10\/1Mesas-T\u00e9cnicas-Ecosocialista-768x493.jpg 768w\" sizes=\"auto, (max-width: 1020px) 100vw, 1020px\" \/><\/span><\/p>\n<p align=\"justify\"><span style=\"font-family: Arial,sans-serif;\">Soto, explic\u00f3 que se activaran mesas t\u00e9cnicas ecosocialista en cada comuna. Siendo el Inces el ente encargado de la formaciones sobre el reciclaje de los desechos s\u00f3lidos, \u201cnos estaremos reuniendo conjuntamente con los entes antes mencionados en los 14 municipios del estado revisando todas las mesas t\u00e9cnicas conformadas en cada comunidad\u201d, coment\u00f3. <\/span><\/p>\n<p align=\"justify\"><span style=\"font-family: Arial,sans-serif;\">Agreg\u00f3 que es importante destacar el ecosocialismo para respetar los recursos de la naturaleza con el fin de aprovechar el desarrollo end\u00f3geno de la colectividad. \u201cAdemas estaremos impulsando el reciclaje y cumpliendo con el quinto objetivo hist\u00f3rico de nuestro plan de la patria, donde las comunidades ser\u00e1n participes y se formaran con herramientas necesarias logrando un aporte a la soluci\u00f3n del colapso de los vertederos y evitaremos que salgan fuera del pa\u00eds los desechos s\u00f3lidos creando proyectos socioproductivos\u201d, finaliz\u00f3.<\/span><\/p>\n<p align=\"justify\"><span style=\"font-family: Arial,sans-serif;\">L.A.<\/span><\/p>\n","protected":false},"excerpt":{"rendered":"<p>**La instituci\u00f3n aportar\u00e1 con la formaci\u00f3n en materia del reciclaje de los desechos s\u00f3lidos de las comunidades organizadas<\/p>\n","protected":false},"author":15,"featured_media":21143,"comment_status":"closed","ping_status":"closed","sticky":false,"template":"","format":"standard","meta":{"footnotes":""},"categories":[2],"tags":[],"class_list":["post-21142","post","type-post","status-publish","format-standard","has-post-thumbnail","hentry","category-blog"],"_links":{"self":[{"href":"https:\/\/inces.gob.ve\/index.php\/wp-json\/wp\/v2\/posts\/21142","targetHints":{"allow":["GET"]}}],"collection":[{"href":"https:\/\/inces.gob.ve\/index.php\/wp-json\/wp\/v2\/posts"}],"about":[{"href":"https:\/\/inces.gob.ve\/index.php\/wp-json\/wp\/v2\/types\/post"}],"author":[{"embeddable":true,"href":"https:\/\/inces.gob.ve\/index.php\/wp-json\/wp\/v2\/users\/15"}],"replies":[{"embeddable":true,"href":"https:\/\/inces.gob.ve\/index.php\/wp-json\/wp\/v2\/comments?post=21142"}],"version-history":[{"count":2,"href":"https:\/\/inces.gob.ve\/index.php\/wp-json\/wp\/v2\/posts\/21142\/revisions"}],"predecessor-version":[{"id":21146,"href":"https:\/\/inces.gob.ve\/index.php\/wp-json\/wp\/v2\/posts\/21142\/revisions\/21146"}],"wp:featuredmedia":[{"embeddable":true,"href":"https:\/\/inces.gob.ve\/index.php\/wp-json\/wp\/v2\/media\/21143"}],"wp:attachment":[{"href":"https:\/\/inces.gob.ve\/index.php\/wp-json\/wp\/v2\/media?parent=21142"}],"wp:term":[{"taxonomy":"category","embeddable":true,"href":"https:\/\/inces.gob.ve\/index.php\/wp-json\/wp\/v2\/categories?post=21142"},{"taxonomy":"post_tag","embeddable":true,"href":"https:\/\/inces.gob.ve\/index.php\/wp-json\/wp\/v2\/tags?post=21142"}],"curies":[{"name":"wp","href":"https:\/\/api.w.org\/{rel}","templated":true}]}}