{"id":21147,"date":"2018-10-17T13:09:44","date_gmt":"2018-10-17T19:09:44","guid":{"rendered":"http:\/\/www.inces.gob.ve\/?p=21147"},"modified":"2020-05-28T20:30:54","modified_gmt":"2020-05-29T00:30:54","slug":"inapymi-alcaldia-de-vargas-e-inces-coordinan-feria-navidena-productiva","status":"publish","type":"post","link":"https:\/\/inces.gob.ve\/index.php\/2018\/10\/17\/inapymi-alcaldia-de-vargas-e-inces-coordinan-feria-navidena-productiva\/","title":{"rendered":"Inapymi,  alcald\u00eda de Vargas e Inces coordinan \u201cFeria Navide\u00f1a Productiva\u201d"},"content":{"rendered":"<p class=\"western\" align=\"justify\"><span style=\"font-family: Arial,sans-serif;\"><span style=\"font-size: medium;\"><i><b>** La coordinaci\u00f3n de procesos formativos, dirigida a los emprendedores, as\u00ed como la planificaci\u00f3n de actividades en conjunto, forman parte del encuentro<\/b><\/i><\/span><\/span><\/p>\n<p class=\"western\" align=\"justify\"><!--more-->\n<\/p>\n<p class=\"western\" align=\"justify\"><span style=\"font-family: Arial,sans-serif;\"><span style=\"font-size: medium;\"><b>PLINIO MARCANO | Vargas<\/b><\/span><\/span><\/p>\n<p align=\"justify\">\n<p class=\"western\" align=\"justify\"><span style=\"font-family: Arial,sans-serif;\"><span style=\"font-size: medium;\">Con una breve reuni\u00f3n que se llev\u00f3 a cabo en la sede del Instituto de Desarrollo de la Peque\u00f1a y Mediana Industria (Inapymi), se inician los preparativos para la realizaci\u00f3n de una Feria Navide\u00f1a para productores y productoras del municipio Vargas.<\/span><\/span><\/p>\n<p class=\"western\" align=\"justify\">\n<p class=\"western\" align=\"justify\"><span style=\"font-family: Arial,sans-serif;\"><span style=\"font-size: medium;\">La actividad cont\u00f3 con la asistencia de Deinis Quijada, jefe estadal; Lourdes de Toledo, directora del Poder Popular Para la Econom\u00eda Comunal de la alcald\u00eda del estado Vargas y Jes\u00fas Oramas, jefe de centro de formaci\u00f3n socialista Urimare.<\/span><\/span><\/p>\n<p><img loading=\"lazy\" decoding=\"async\" class=\"wp-image-21148 size-full\" src=\"http:\/\/www.inces.gob.ve\/wp-content\/uploads\/2018\/10\/4Feria-Navide\u00f1a-Productiva.jpg\" alt=\"\" width=\"800\" height=\"600\" srcset=\"https:\/\/inces.gob.ve\/wp-content\/uploads\/2018\/10\/4Feria-Navide\u00f1a-Productiva.jpg 800w, https:\/\/inces.gob.ve\/wp-content\/uploads\/2018\/10\/4Feria-Navide\u00f1a-Productiva-300x225.jpg 300w, https:\/\/inces.gob.ve\/wp-content\/uploads\/2018\/10\/4Feria-Navide\u00f1a-Productiva-768x576.jpg 768w, https:\/\/inces.gob.ve\/wp-content\/uploads\/2018\/10\/4Feria-Navide\u00f1a-Productiva-136x102.jpg 136w\" sizes=\"auto, (max-width: 800px) 100vw, 800px\" \/><\/p>\n<p class=\"western\" align=\"justify\"><span style=\"font-family: Arial,sans-serif;\"><span style=\"font-size: medium;\">El momento fue propicio para planificar talleres de formaci\u00f3n de elaboraci\u00f3n de proyectos y estructuras de costos, en una alianza estrat\u00e9gica Inces-inapymi, para el personal interesado en conocer lo relacionado con esta materia. Estas formaciones, est\u00e1n pautadas para iniciar el pr\u00f3ximo viernes 19 de octubre de 2018 en las instalaciones del N\u00facleo de Desarrollo End\u00f3geno (NUDE) PDVSA, ubicado en la avenida El Ej\u00e9rcito, de la parroquia Catia la Mar.<\/span><\/span><\/p>\n<p class=\"western\" align=\"justify\"><span style=\"font-family: Arial,sans-serif;\"><span style=\"font-size: medium;\">En la planificaci\u00f3n inicial de la feria, se plante\u00f3 hacerla en el mes de noviembre en las instalaciones del Complejo Cultural Pedro El\u00edas Guti\u00e9rrez, de la parroquia Carlos Soublette.<\/span><\/span><\/p>\n<p><img loading=\"lazy\" decoding=\"async\" class=\"wp-image-21149 size-full\" src=\"http:\/\/www.inces.gob.ve\/wp-content\/uploads\/2018\/10\/2Feria-Navide\u00f1a-Productiva.jpg\" alt=\"\" width=\"800\" height=\"553\" srcset=\"https:\/\/inces.gob.ve\/wp-content\/uploads\/2018\/10\/2Feria-Navide\u00f1a-Productiva.jpg 800w, https:\/\/inces.gob.ve\/wp-content\/uploads\/2018\/10\/2Feria-Navide\u00f1a-Productiva-300x207.jpg 300w, https:\/\/inces.gob.ve\/wp-content\/uploads\/2018\/10\/2Feria-Navide\u00f1a-Productiva-768x531.jpg 768w\" sizes=\"auto, (max-width: 800px) 100vw, 800px\" \/><\/p>\n<p><a name=\"_GoBack\"><\/a><span style=\"font-family: Arial,sans-serif;\"><span style=\"font-size: medium;\">Estar\u00e1n involucrados en su coordinaci\u00f3n Inapymi, la alcald\u00eda del municipio Vargas y el Inces guaire\u00f1o.<\/span><\/span><\/div>\n","protected":false},"excerpt":{"rendered":"<p>** La coordinaci\u00f3n de procesos formativos, dirigida a los emprendedores, as\u00ed como la planificaci\u00f3n de actividades en conjunto, forman parte del encuentro<\/p>\n","protected":false},"author":15,"featured_media":21150,"comment_status":"closed","ping_status":"closed","sticky":false,"template":"","format":"standard","meta":{"footnotes":""},"categories":[2],"tags":[],"class_list":["post-21147","post","type-post","status-publish","format-standard","has-post-thumbnail","hentry","category-blog"],"_links":{"self":[{"href":"https:\/\/inces.gob.ve\/index.php\/wp-json\/wp\/v2\/posts\/21147","targetHints":{"allow":["GET"]}}],"collection":[{"href":"https:\/\/inces.gob.ve\/index.php\/wp-json\/wp\/v2\/posts"}],"about":[{"href":"https:\/\/inces.gob.ve\/index.php\/wp-json\/wp\/v2\/types\/post"}],"author":[{"embeddable":true,"href":"https:\/\/inces.gob.ve\/index.php\/wp-json\/wp\/v2\/users\/15"}],"replies":[{"embeddable":true,"href":"https:\/\/inces.gob.ve\/index.php\/wp-json\/wp\/v2\/comments?post=21147"}],"version-history":[{"count":1,"href":"https:\/\/inces.gob.ve\/index.php\/wp-json\/wp\/v2\/posts\/21147\/revisions"}],"predecessor-version":[{"id":21151,"href":"https:\/\/inces.gob.ve\/index.php\/wp-json\/wp\/v2\/posts\/21147\/revisions\/21151"}],"wp:featuredmedia":[{"embeddable":true,"href":"https:\/\/inces.gob.ve\/index.php\/wp-json\/wp\/v2\/media\/21150"}],"wp:attachment":[{"href":"https:\/\/inces.gob.ve\/index.php\/wp-json\/wp\/v2\/media?parent=21147"}],"wp:term":[{"taxonomy":"category","embeddable":true,"href":"https:\/\/inces.gob.ve\/index.php\/wp-json\/wp\/v2\/categories?post=21147"},{"taxonomy":"post_tag","embeddable":true,"href":"https:\/\/inces.gob.ve\/index.php\/wp-json\/wp\/v2\/tags?post=21147"}],"curies":[{"name":"wp","href":"https:\/\/api.w.org\/{rel}","templated":true}]}}