{"id":21190,"date":"2018-10-18T12:08:23","date_gmt":"2018-10-18T18:08:23","guid":{"rendered":"http:\/\/www.inces.gob.ve\/?p=21190"},"modified":"2020-05-28T20:30:54","modified_gmt":"2020-05-29T00:30:54","slug":"inces-vargas-y-fedes-fortalecen-brigadas-de-mantenimiento-integral","status":"publish","type":"post","link":"https:\/\/inces.gob.ve\/index.php\/2018\/10\/18\/inces-vargas-y-fedes-fortalecen-brigadas-de-mantenimiento-integral\/","title":{"rendered":"Inces Vargas y Fedes fortalecen Brigadas de Mantenimiento Integral"},"content":{"rendered":"<p class=\"western\" align=\"justify\"><span style=\"font-family: Arial,sans-serif;\"><span style=\"font-size: medium;\"><i><b>** La reparaci\u00f3n de la bomba de agua de la EBN Sergio Mar\u00eda Recgno es indispensable para el funcionamiento de la plata educativa<\/b><\/i><\/span><\/span><\/p>\n<p class=\"western\" align=\"justify\"><!--more--><\/p>\n<p class=\"western\" align=\"justify\"><span style=\"font-family: Arial,sans-serif;\"><span style=\"font-size: medium;\">Cumpliendo instrucciones del ministro del Poder Popular para la Educaci\u00f3n, Arist\u00f3bulo Ist\u00fariz y del presidente del Inces, Wuikelman Angel Paredes, actualmente se coordina la conformaci\u00f3n de las Brigadas de Mantenimiento Integral de las escuelas del estado Vargas.<\/span><\/span><\/p>\n<p class=\"western\" align=\"justify\"><span style=\"font-family: Arial,sans-serif;\"><span style=\"font-size: medium;\">En compa\u00f1\u00eda del general Tom\u00e1s Mart\u00ednez Mac\u00edas, director regional de la Fundaci\u00f3n de Edificaciones y Dotaciones Educativas (Vargas), el Inces acudi\u00f3 a la Unidad Educativa Nacional Bolivariana \u201cSergio Mar\u00eda Recagno\u201d, en Las Cabrer\u00edas, parroquia la Guaira, con el objetivo de entregar materiales pinturas, bombillos, grifer\u00edas, toma-corrientes, kit de herrajes para piezas sanitarias, l\u00e1mparas, tubos fluorescentes, entre otros; materiales indispensables para iniciar reparaciones menores en la instituci\u00f3n.<\/span><\/span><\/p>\n<p class=\"western\" align=\"justify\"><img loading=\"lazy\" decoding=\"async\" class=\"aligncenter wp-image-21191 size-full\" src=\"http:\/\/www.inces.gob.ve\/wp-content\/uploads\/2018\/10\/4Mantenimiento-Integral.jpg\" alt=\"\" width=\"800\" height=\"593\" srcset=\"https:\/\/inces.gob.ve\/wp-content\/uploads\/2018\/10\/4Mantenimiento-Integral.jpg 800w, https:\/\/inces.gob.ve\/wp-content\/uploads\/2018\/10\/4Mantenimiento-Integral-300x222.jpg 300w, https:\/\/inces.gob.ve\/wp-content\/uploads\/2018\/10\/4Mantenimiento-Integral-768x569.jpg 768w, https:\/\/inces.gob.ve\/wp-content\/uploads\/2018\/10\/4Mantenimiento-Integral-136x102.jpg 136w\" sizes=\"auto, (max-width: 800px) 100vw, 800px\" \/><span style=\"font-family: Arial,sans-serif;\"><span style=\"font-size: medium;\">As\u00ed mismo, se procedido a la revisi\u00f3n y posterior reparaci\u00f3n de la bomba de agua de 4 HP, la cual se encontraba inoperativa, causando inconvenientes en la distribuci\u00f3n del vital liquido, tan importante para el funcionamiento de la escuela.<\/span><\/span><\/p>\n<p class=\"western\" align=\"justify\"><span style=\"font-family: Arial,sans-serif;\"><span style=\"font-size: medium;\">Hern\u00e1n Garboza, gerente regional del Inces Varga, reiter\u00f3 el compromiso del Inces en lo que respecta al acompa\u00f1amiento del proceso formativo de las personas que integrar\u00e1n las brigadas de mantenimiento de la regi\u00f3n. \u201cHemos asumido en conjunto con FEDE Vargas y los maestros t\u00e9cnicos productivos del Inces, la reparaci\u00f3n de la bomba de agua. Para ello, trasladamos la bomba a los talleres de la Escuela T\u00e9cnica \u2018Carlos Fiol\u2019, en Catia la Mar, con el fin de realizar el mantenimiento adecuado con los equipos apropiados\u201d, sela\u00f1\u00f3 Garboza.<\/span><\/span><\/p>\n<p class=\"western\" align=\"justify\"><span style=\"font-family: Arial,sans-serif;\"><span style=\"font-size: medium;\">Por su parte, Tom\u00e1s Mart\u00ednez Mac\u00edas, director regional de FEDE Vargas, habl\u00f3 de la importancia de los enlaces interinstitucionales para dar una respuesta efectiva, humana y oportuna a las comunidades que hacen vida en las escuelas y manifest\u00f3: \u201cUnidos seremos invencibles. Seguiremos venciendo y todo por el semillero de la Patria\u201d.<img loading=\"lazy\" decoding=\"async\" class=\"aligncenter wp-image-21194 \" src=\"http:\/\/www.inces.gob.ve\/wp-content\/uploads\/2018\/10\/6mantyenimiento.jpg\" alt=\"\" width=\"582\" height=\"758\" srcset=\"https:\/\/inces.gob.ve\/wp-content\/uploads\/2018\/10\/6mantyenimiento.jpg 688w, https:\/\/inces.gob.ve\/wp-content\/uploads\/2018\/10\/6mantyenimiento-230x300.jpg 230w, https:\/\/inces.gob.ve\/wp-content\/uploads\/2018\/10\/6mantyenimiento-590x768.jpg 590w\" sizes=\"auto, (max-width: 582px) 100vw, 582px\" \/><\/span><\/span><\/p>\n<p class=\"western\" align=\"justify\"><span style=\"font-family: Arial,sans-serif;\"><span style=\"font-size: medium;\">lt<\/span><\/span><\/p>\n","protected":false},"excerpt":{"rendered":"<p>** La reparaci\u00f3n de la bomba de agua de la EBN Sergio Mar\u00eda Recgno es indispensable para el funcionamiento de la plata educativa<\/p>\n","protected":false},"author":15,"featured_media":21192,"comment_status":"closed","ping_status":"closed","sticky":false,"template":"","format":"standard","meta":{"footnotes":""},"categories":[2],"tags":[],"class_list":["post-21190","post","type-post","status-publish","format-standard","has-post-thumbnail","hentry","category-blog"],"_links":{"self":[{"href":"https:\/\/inces.gob.ve\/index.php\/wp-json\/wp\/v2\/posts\/21190","targetHints":{"allow":["GET"]}}],"collection":[{"href":"https:\/\/inces.gob.ve\/index.php\/wp-json\/wp\/v2\/posts"}],"about":[{"href":"https:\/\/inces.gob.ve\/index.php\/wp-json\/wp\/v2\/types\/post"}],"author":[{"embeddable":true,"href":"https:\/\/inces.gob.ve\/index.php\/wp-json\/wp\/v2\/users\/15"}],"replies":[{"embeddable":true,"href":"https:\/\/inces.gob.ve\/index.php\/wp-json\/wp\/v2\/comments?post=21190"}],"version-history":[{"count":3,"href":"https:\/\/inces.gob.ve\/index.php\/wp-json\/wp\/v2\/posts\/21190\/revisions"}],"predecessor-version":[{"id":21196,"href":"https:\/\/inces.gob.ve\/index.php\/wp-json\/wp\/v2\/posts\/21190\/revisions\/21196"}],"wp:featuredmedia":[{"embeddable":true,"href":"https:\/\/inces.gob.ve\/index.php\/wp-json\/wp\/v2\/media\/21192"}],"wp:attachment":[{"href":"https:\/\/inces.gob.ve\/index.php\/wp-json\/wp\/v2\/media?parent=21190"}],"wp:term":[{"taxonomy":"category","embeddable":true,"href":"https:\/\/inces.gob.ve\/index.php\/wp-json\/wp\/v2\/categories?post=21190"},{"taxonomy":"post_tag","embeddable":true,"href":"https:\/\/inces.gob.ve\/index.php\/wp-json\/wp\/v2\/tags?post=21190"}],"curies":[{"name":"wp","href":"https:\/\/api.w.org\/{rel}","templated":true}]}}