{"id":21249,"date":"2018-10-23T07:37:02","date_gmt":"2018-10-23T13:37:02","guid":{"rendered":"http:\/\/www.inces.gob.ve\/?p=21249"},"modified":"2020-05-28T20:30:53","modified_gmt":"2020-05-29T00:30:53","slug":"rehabilitacion-del-cfs-san-felipe-y-cfs-gastronomico-simon-rodriguez-realizo-infraestructura-en-yaracuy-y-monagas","status":"publish","type":"post","link":"https:\/\/inces.gob.ve\/index.php\/2018\/10\/23\/rehabilitacion-del-cfs-san-felipe-y-cfs-gastronomico-simon-rodriguez-realizo-infraestructura-en-yaracuy-y-monagas\/","title":{"rendered":"Rehabilitaci\u00f3n del CFS San Felipe y CFS Gastron\u00f3mico Sim\u00f3n Rodr\u00edguez realiz\u00f3 Infraestructura en Yaracuy y Monagas"},"content":{"rendered":"<p style=\"text-align: justify;\" align=\"justify\"><span style=\"font-family: Arial,sans-serif;\"><b>** <i>La Gerencia General de Infraestructura y Servicios realiz\u00f3 trabajos de rehabilitaci\u00f3n en el CFS \u201cSan Felipe\u201d, en el estado Yaracuy, y en el CFS Gastron\u00f3mico \u201cSim\u00f3n Rodr\u00edguez\u201d de la ciudad de Matur\u00edn, estado Monagas.<\/i><\/b><\/span><\/p>\n<p style=\"text-align: justify;\" align=\"justify\"><!--more--><\/p>\n<p style=\"text-align: justify;\" align=\"justify\"><span style=\"font-family: Arial,sans-serif;\"><b>FREDDY MARTINEZ\/Inces Sede<\/b><\/span><\/p>\n<p style=\"text-align: justify;\" align=\"justify\"><span style=\"font-family: Arial,sans-serif;\">Las reparaciones consistieron en la sustituci\u00f3n de la cubierta del techo del galp\u00f3n de torner\u00eda (CFS \u201cSan Felipe\u201d) e igualmente en el acondicionamiento y sustituci\u00f3n del techo en el gastron\u00f3mico de la antigua sede regional del Inces Monagas, hoy CFS \u201cSim\u00f3n Rodr\u00edguez\u201d, inform\u00f3, Mois\u00e9s Palacios, arquitecto adscrito a la Gerencia General de Infraestructura y Servicios.<\/span><\/p>\n<p style=\"text-align: justify;\" align=\"justify\"><span style=\"font-family: Arial,sans-serif;\">Precis\u00f3 Palacios que, en el caso del galp\u00f3n de torner\u00eda, se procedi\u00f3 a la sustituci\u00f3n de la cubierta de techo, la cual generaba filtraciones en diversas \u00e1reas, motivado a la deformaci\u00f3n y hundimiento de l\u00e1minas del tipo \u201cacerolit\u201d, adem\u00e1s del agrietamiento de las l\u00e1minas de asbesto, este \u00faltimo con el agravante de ser un material de alto riesgo por no ser apto para la construcci\u00f3n, aunado a la posibilidad de desprendimiento. <\/span><\/p>\n<p style=\"text-align: justify;\" align=\"justify\"><img loading=\"lazy\" decoding=\"async\" class=\"aligncenter wp-image-21254 size-full\" src=\"http:\/\/www.inces.gob.ve\/wp-content\/uploads\/2018\/10\/1Rehabilitaci\u00f3n-del-CFS-.png\" alt=\"\" width=\"650\" height=\"560\" srcset=\"https:\/\/inces.gob.ve\/wp-content\/uploads\/2018\/10\/1Rehabilitaci\u00f3n-del-CFS-.png 650w, https:\/\/inces.gob.ve\/wp-content\/uploads\/2018\/10\/1Rehabilitaci\u00f3n-del-CFS--300x258.png 300w\" sizes=\"auto, (max-width: 650px) 100vw, 650px\" \/><\/p>\n<p style=\"text-align: justify;\" align=\"justify\">\u201c<span style=\"font-family: Arial,sans-serif;\">Estas filtraciones afectaban el acabado de pisos, cerramientos y dem\u00e1s equipos, vitales para las actividades formativas\u201d. <\/span><\/p>\n<p style=\"text-align: justify;\" align=\"justify\">\u201c<span style=\"font-family: Arial,sans-serif;\">En cuanto a la estructura del Gastron\u00f3mico, las condiciones que presentaba la cubierta de este centro de formaci\u00f3n requer\u00edan de una inmediata reparaci\u00f3n, pues el techo presentaba \u00f3xido y pintura agrietada. Para ello se lijaron todas sus partes y se aplic\u00f3 fondo anticorrosivo y pintura esmalte en toda su superficie\u201d, dijo el arqutecto. <\/span><\/p>\n<p style=\"text-align: justify;\" align=\"justify\"><span style=\"font-family: Arial,sans-serif;\"><img loading=\"lazy\" decoding=\"async\" class=\"aligncenter wp-image-21251 size-full\" src=\"http:\/\/www.inces.gob.ve\/wp-content\/uploads\/2018\/10\/8Rehabilitaci\u00f3n-del-CFS-.png\" alt=\"\" width=\"650\" height=\"596\" srcset=\"https:\/\/inces.gob.ve\/wp-content\/uploads\/2018\/10\/8Rehabilitaci\u00f3n-del-CFS-.png 650w, https:\/\/inces.gob.ve\/wp-content\/uploads\/2018\/10\/8Rehabilitaci\u00f3n-del-CFS--300x275.png 300w\" sizes=\"auto, (max-width: 650px) 100vw, 650px\" \/><\/span><\/p>\n<p style=\"text-align: justify;\" align=\"justify\"><span style=\"font-family: Arial,sans-serif;\">En ese sentido, se logr\u00f3 cubrir un \u00e1rea total aproximada de 95 m2 de cubierta de techo y adicionalmente se coloc\u00f3 una ventana panor\u00e1mica con rejas protectoras de hierro a objeto de favorecer el ambiente del comedor, destinado para 150 personas. De igual modo se sustituyeron dos l\u00e1mparas del tipo fluorescente para mejorar la iluminaci\u00f3n. <\/span><\/p>\n<p style=\"text-align: justify;\" align=\"justify\"><img loading=\"lazy\" decoding=\"async\" class=\"aligncenter wp-image-21253 size-full\" src=\"http:\/\/www.inces.gob.ve\/wp-content\/uploads\/2018\/10\/4Rehabilitaci\u00f3n-del-CFS-.png\" alt=\"\" width=\"650\" height=\"479\" srcset=\"https:\/\/inces.gob.ve\/wp-content\/uploads\/2018\/10\/4Rehabilitaci\u00f3n-del-CFS-.png 650w, https:\/\/inces.gob.ve\/wp-content\/uploads\/2018\/10\/4Rehabilitaci\u00f3n-del-CFS--300x221.png 300w\" sizes=\"auto, (max-width: 650px) 100vw, 650px\" \/><\/p>\n<p style=\"text-align: justify;\" align=\"justify\"><span style=\"font-family: Arial,sans-serif;\">Con esta rehabilitaci\u00f3n, el Inces como organismo encargado de la formaci\u00f3n y autoformaci\u00f3n integral, colectiva, continua y permanente de sus participantes, se genera un impacto positivo tanto para las comunidades cercanas interesadas en recibir una formaci\u00f3n gastron\u00f3mica, como para los trabajadores que laboran en dicho centro, ya que pueden hacer uso de dicho comedor. <\/span><\/p>\n<p style=\"text-align: justify;\" align=\"justify\"><img loading=\"lazy\" decoding=\"async\" class=\"aligncenter wp-image-21250 size-full\" src=\"http:\/\/www.inces.gob.ve\/wp-content\/uploads\/2018\/10\/9Rehabilitaci\u00f3n-del-CFS-.png\" alt=\"\" width=\"800\" height=\"480\" srcset=\"https:\/\/inces.gob.ve\/wp-content\/uploads\/2018\/10\/9Rehabilitaci\u00f3n-del-CFS-.png 800w, https:\/\/inces.gob.ve\/wp-content\/uploads\/2018\/10\/9Rehabilitaci\u00f3n-del-CFS--300x180.png 300w, https:\/\/inces.gob.ve\/wp-content\/uploads\/2018\/10\/9Rehabilitaci\u00f3n-del-CFS--768x461.png 768w\" sizes=\"auto, (max-width: 800px) 100vw, 800px\" \/><\/p>\n<p align=\"justify\">lt<\/p>\n","protected":false},"excerpt":{"rendered":"<p>** La Gerencia General de Infraestructura y Servicios realiz\u00f3 trabajos de rehabilitaci\u00f3n en el CFS \u201cSan Felipe\u201d, en el estado Yaracuy, y en el CFS Gastron\u00f3mico \u201cSim\u00f3n Rodr\u00edguez\u201d de la ciudad de Matur\u00edn, estado Monagas.<\/p>\n","protected":false},"author":15,"featured_media":21252,"comment_status":"closed","ping_status":"closed","sticky":false,"template":"","format":"standard","meta":{"footnotes":""},"categories":[2],"tags":[],"class_list":["post-21249","post","type-post","status-publish","format-standard","has-post-thumbnail","hentry","category-blog"],"_links":{"self":[{"href":"https:\/\/inces.gob.ve\/index.php\/wp-json\/wp\/v2\/posts\/21249","targetHints":{"allow":["GET"]}}],"collection":[{"href":"https:\/\/inces.gob.ve\/index.php\/wp-json\/wp\/v2\/posts"}],"about":[{"href":"https:\/\/inces.gob.ve\/index.php\/wp-json\/wp\/v2\/types\/post"}],"author":[{"embeddable":true,"href":"https:\/\/inces.gob.ve\/index.php\/wp-json\/wp\/v2\/users\/15"}],"replies":[{"embeddable":true,"href":"https:\/\/inces.gob.ve\/index.php\/wp-json\/wp\/v2\/comments?post=21249"}],"version-history":[{"count":4,"href":"https:\/\/inces.gob.ve\/index.php\/wp-json\/wp\/v2\/posts\/21249\/revisions"}],"predecessor-version":[{"id":21280,"href":"https:\/\/inces.gob.ve\/index.php\/wp-json\/wp\/v2\/posts\/21249\/revisions\/21280"}],"wp:featuredmedia":[{"embeddable":true,"href":"https:\/\/inces.gob.ve\/index.php\/wp-json\/wp\/v2\/media\/21252"}],"wp:attachment":[{"href":"https:\/\/inces.gob.ve\/index.php\/wp-json\/wp\/v2\/media?parent=21249"}],"wp:term":[{"taxonomy":"category","embeddable":true,"href":"https:\/\/inces.gob.ve\/index.php\/wp-json\/wp\/v2\/categories?post=21249"},{"taxonomy":"post_tag","embeddable":true,"href":"https:\/\/inces.gob.ve\/index.php\/wp-json\/wp\/v2\/tags?post=21249"}],"curies":[{"name":"wp","href":"https:\/\/api.w.org\/{rel}","templated":true}]}}