{"id":21271,"date":"2018-10-22T06:52:10","date_gmt":"2018-10-22T12:52:10","guid":{"rendered":"http:\/\/www.inces.gob.ve\/?p=21271"},"modified":"2020-05-28T20:30:53","modified_gmt":"2020-05-29T00:30:53","slug":"el-inces-bolivar-graduo-panaderos-artesanales","status":"publish","type":"post","link":"https:\/\/inces.gob.ve\/index.php\/2018\/10\/22\/el-inces-bolivar-graduo-panaderos-artesanales\/","title":{"rendered":"El Inces Bol\u00edvar gradu\u00f3 panaderos artesanales"},"content":{"rendered":"<p style=\"text-align: justify;\" align=\"justify\"><span style=\"font-family: Arial,sans-serif;\"><i><b>** Los egresados aspiran convertirse en multiplicadores de saberes <\/b><\/i><\/span><\/p>\n<p style=\"text-align: justify;\" align=\"justify\">\n<!--more--><\/p>\n<p style=\"text-align: justify;\" align=\"justify\"><span style=\"font-family: Arial,sans-serif;\"><b>ALEXSSIA THOMAS | Bol\u00edvar <\/b><\/span><\/p>\n<p style=\"text-align: justify;\" align=\"justify\">\n<p style=\"text-align: justify;\" align=\"justify\"><span style=\"font-family: Arial,sans-serif;\">En el Inces Bol\u00edvar, 27 participantes culminaron el curso Panificaci\u00f3n Dom\u00e9stica en el CFS (centro de formaci\u00f3n socialista) \u201cManuel Carlos Piar\u201d, de Puerto Ordaz.<\/span><\/p>\n<p style=\"text-align: justify;\" align=\"justify\">\n<p style=\"text-align: justify;\" align=\"justify\"><span style=\"font-family: Arial,sans-serif;\">La actividad la inici\u00f3 la gerente regional, Ruth Jim\u00e9nez, quien felicit\u00f3 a los emprendedores certificados como panaderos artesanales,\u201cme siento orgullosa de que hayan culminado su formaci\u00f3n en este oficio productivo, que no solo les permite tener el conocimiento, sino que les sirve para emprender sus proyectos socio productivos en el \u00e1rea de panader\u00eda\u201d.<\/span><\/p>\n<p style=\"text-align: justify;\" align=\"justify\">\n<p style=\"text-align: justify;\" align=\"justify\"><span style=\"font-family: Arial,sans-serif;\">El maestro t\u00e9cnico voluntario, Santiago Granardy, explic\u00f3 que los participantes de este curso aprendieron diferentes t\u00e9cnicas para elaborar un pan de calidad, lo cual es un conocimiento muy \u00fatil para quienes deseen tener sus propias unidades de producci\u00f3n.<\/span><\/p>\n<p style=\"text-align: justify;\" align=\"justify\">\n<p style=\"text-align: justify;\" align=\"justify\"><span style=\"font-family: Arial,sans-serif;\">Gracias al Instituto Nacional de Capacitaci\u00f3n y Educaci\u00f3n Socialista, nosotros estamos capacitados para elaborar m\u00e1s de 30 tipos de panes y eso se lo debemos a estos facilitadores que con amor y dedicaci\u00f3n, nos brindan la mejor formaci\u00f3n\u201d, agreg\u00f3 la participante Leyla Tovar.<\/span><\/p>\n<p style=\"text-align: justify;\" align=\"justify\">\n<p style=\"text-align: justify;\" align=\"justify\"><span style=\"font-family: Arial,sans-serif;\">Como cierre de curso, los participantes realizaron una exposici\u00f3n donde presentaron los diferentes tipos de panes aprendidos en su formaci\u00f3n te\u00f3rica. Adem\u00e1s, como acto de agradecimiento, los participantes entregaron un presente al maestro t\u00e9cnico voluntario por su destacada labor.<\/span><\/p>\n<p style=\"text-align: justify;\" align=\"justify\">\n<p style=\"text-align: justify;\" align=\"justify\">\n<p style=\"text-align: justify;\" align=\"justify\"><span style=\"font-family: Arial,sans-serif;\">lt <\/span><\/p>\n<p style=\"text-align: justify;\" align=\"justify\">\n<p style=\"text-align: justify;\" align=\"justify\">\n","protected":false},"excerpt":{"rendered":"<p>** Los egresados aspiran convertirse en multiplicadores de saberes<\/p>\n","protected":false},"author":15,"featured_media":21272,"comment_status":"closed","ping_status":"closed","sticky":false,"template":"","format":"standard","meta":{"footnotes":""},"categories":[2],"tags":[],"class_list":["post-21271","post","type-post","status-publish","format-standard","has-post-thumbnail","hentry","category-blog"],"_links":{"self":[{"href":"https:\/\/inces.gob.ve\/index.php\/wp-json\/wp\/v2\/posts\/21271","targetHints":{"allow":["GET"]}}],"collection":[{"href":"https:\/\/inces.gob.ve\/index.php\/wp-json\/wp\/v2\/posts"}],"about":[{"href":"https:\/\/inces.gob.ve\/index.php\/wp-json\/wp\/v2\/types\/post"}],"author":[{"embeddable":true,"href":"https:\/\/inces.gob.ve\/index.php\/wp-json\/wp\/v2\/users\/15"}],"replies":[{"embeddable":true,"href":"https:\/\/inces.gob.ve\/index.php\/wp-json\/wp\/v2\/comments?post=21271"}],"version-history":[{"count":1,"href":"https:\/\/inces.gob.ve\/index.php\/wp-json\/wp\/v2\/posts\/21271\/revisions"}],"predecessor-version":[{"id":21273,"href":"https:\/\/inces.gob.ve\/index.php\/wp-json\/wp\/v2\/posts\/21271\/revisions\/21273"}],"wp:featuredmedia":[{"embeddable":true,"href":"https:\/\/inces.gob.ve\/index.php\/wp-json\/wp\/v2\/media\/21272"}],"wp:attachment":[{"href":"https:\/\/inces.gob.ve\/index.php\/wp-json\/wp\/v2\/media?parent=21271"}],"wp:term":[{"taxonomy":"category","embeddable":true,"href":"https:\/\/inces.gob.ve\/index.php\/wp-json\/wp\/v2\/categories?post=21271"},{"taxonomy":"post_tag","embeddable":true,"href":"https:\/\/inces.gob.ve\/index.php\/wp-json\/wp\/v2\/tags?post=21271"}],"curies":[{"name":"wp","href":"https:\/\/api.w.org\/{rel}","templated":true}]}}