{"id":21348,"date":"2018-10-24T11:24:11","date_gmt":"2018-10-24T17:24:11","guid":{"rendered":"http:\/\/www.inces.gob.ve\/?p=21348"},"modified":"2020-05-28T20:30:53","modified_gmt":"2020-05-29T00:30:53","slug":"lista-primera-cosecha-de-lechugas-del-cfs-jorge-rodriguez","status":"publish","type":"post","link":"https:\/\/inces.gob.ve\/index.php\/2018\/10\/24\/lista-primera-cosecha-de-lechugas-del-cfs-jorge-rodriguez\/","title":{"rendered":"Lista primera cosecha de lechugas del CFS Jorge Rodr\u00edguez"},"content":{"rendered":"<p style=\"text-align: justify;\" align=\"justify\"><span style=\"font-family: Arial,sans-serif;\"><b>**<i>Comienzan a recogerse las primeras lechugas sembradas por aprendices del Inces Caracas<\/i><\/b><\/span><\/p>\n<p style=\"text-align: justify;\" align=\"justify\"><!--more--><\/p>\n<p style=\"text-align: justify;\" align=\"justify\"><span style=\"font-family: Arial,sans-serif;\"><b>Jos\u00e9 Eugenio Mendoza | Caracas<\/b><\/span><\/p>\n<p style=\"text-align: justify;\" align=\"justify\"><span style=\"font-family: Arial,sans-serif;\">Las lechugas son el primer rubro que ser\u00e1 producido desde el peque\u00f1o conuco elaborado sobre mesas de madera en el centro de formaci\u00f3n socialista (CFS) \u00abJorge Rodr\u00edguez\u00bb. Esta iniciativa ha sido producto del esfuerzo del Inces Caracas por desarrollar la formaci\u00f3n agr\u00edcola en todos los espacios de la regional. <\/span><\/p>\n<p style=\"text-align: justify;\" align=\"justify\"><img loading=\"lazy\" decoding=\"async\" class=\"aligncenter wp-image-21349 size-full\" src=\"http:\/\/www.inces.gob.ve\/wp-content\/uploads\/2018\/10\/4primera-cosecha-de-lechugas.jpeg\" alt=\"\" width=\"600\" height=\"412\" srcset=\"https:\/\/inces.gob.ve\/wp-content\/uploads\/2018\/10\/4primera-cosecha-de-lechugas.jpeg 600w, https:\/\/inces.gob.ve\/wp-content\/uploads\/2018\/10\/4primera-cosecha-de-lechugas-300x206.jpeg 300w\" sizes=\"auto, (max-width: 600px) 100vw, 600px\" \/><\/p>\n<p style=\"text-align: justify;\" align=\"justify\"><span style=\"font-family: Arial,sans-serif;\">La jefa del \u00abJorge Rodr\u00edguez\u00bb, Yelena Le\u00f3n, apunt\u00f3: \u00abnuestra cosecha de lechugas cultivadas en el incipiente conuco nace desde la utop\u00eda, con el esfuerzo de aprendices Inces, bajo la esmerada conducci\u00f3n de los maestros t\u00e9cnicos productivos del CFS\u00bb. <\/span><\/p>\n<p style=\"text-align: justify;\" align=\"justify\"><span style=\"font-family: Arial,sans-serif;\">La idea de contar con conucos por cada centro de formaci\u00f3nforma parte del plan de siembra escolar, en la que el Inces juega un rol importante en articulaci\u00f3n permanente con las zonas educativas del pa\u00eds.<\/span><\/p>\n<p style=\"text-align: justify;\" align=\"justify\"><span style=\"font-family: Arial,sans-serif;\"><img loading=\"lazy\" decoding=\"async\" class=\"aligncenter wp-image-21351 size-full\" src=\"http:\/\/www.inces.gob.ve\/wp-content\/uploads\/2018\/10\/1primera-cosecha-de-lechugas.jpg\" alt=\"\" width=\"750\" height=\"530\" srcset=\"https:\/\/inces.gob.ve\/wp-content\/uploads\/2018\/10\/1primera-cosecha-de-lechugas.jpg 750w, https:\/\/inces.gob.ve\/wp-content\/uploads\/2018\/10\/1primera-cosecha-de-lechugas-300x212.jpg 300w\" sizes=\"auto, (max-width: 750px) 100vw, 750px\" \/><\/span><\/p>\n<p style=\"text-align: justify;\" align=\"justify\"><span style=\"font-family: Arial,sans-serif;\">lt<\/span><\/p>\n","protected":false},"excerpt":{"rendered":"<p>**Comienzan a recogerse las primeras lechugas sembradas por aprendices del Inces Caracas<\/p>\n","protected":false},"author":15,"featured_media":21350,"comment_status":"closed","ping_status":"closed","sticky":false,"template":"","format":"standard","meta":{"footnotes":""},"categories":[2],"tags":[],"class_list":["post-21348","post","type-post","status-publish","format-standard","has-post-thumbnail","hentry","category-blog"],"_links":{"self":[{"href":"https:\/\/inces.gob.ve\/index.php\/wp-json\/wp\/v2\/posts\/21348","targetHints":{"allow":["GET"]}}],"collection":[{"href":"https:\/\/inces.gob.ve\/index.php\/wp-json\/wp\/v2\/posts"}],"about":[{"href":"https:\/\/inces.gob.ve\/index.php\/wp-json\/wp\/v2\/types\/post"}],"author":[{"embeddable":true,"href":"https:\/\/inces.gob.ve\/index.php\/wp-json\/wp\/v2\/users\/15"}],"replies":[{"embeddable":true,"href":"https:\/\/inces.gob.ve\/index.php\/wp-json\/wp\/v2\/comments?post=21348"}],"version-history":[{"count":2,"href":"https:\/\/inces.gob.ve\/index.php\/wp-json\/wp\/v2\/posts\/21348\/revisions"}],"predecessor-version":[{"id":21353,"href":"https:\/\/inces.gob.ve\/index.php\/wp-json\/wp\/v2\/posts\/21348\/revisions\/21353"}],"wp:featuredmedia":[{"embeddable":true,"href":"https:\/\/inces.gob.ve\/index.php\/wp-json\/wp\/v2\/media\/21350"}],"wp:attachment":[{"href":"https:\/\/inces.gob.ve\/index.php\/wp-json\/wp\/v2\/media?parent=21348"}],"wp:term":[{"taxonomy":"category","embeddable":true,"href":"https:\/\/inces.gob.ve\/index.php\/wp-json\/wp\/v2\/categories?post=21348"},{"taxonomy":"post_tag","embeddable":true,"href":"https:\/\/inces.gob.ve\/index.php\/wp-json\/wp\/v2\/tags?post=21348"}],"curies":[{"name":"wp","href":"https:\/\/api.w.org\/{rel}","templated":true}]}}