{"id":21354,"date":"2018-10-24T11:31:42","date_gmt":"2018-10-24T17:31:42","guid":{"rendered":"http:\/\/www.inces.gob.ve\/?p=21354"},"modified":"2020-05-28T20:30:53","modified_gmt":"2020-05-29T00:30:53","slug":"programa-luisa-caceres-de-arismendi-entrego-constancias-de-culminacion-de-curso","status":"publish","type":"post","link":"https:\/\/inces.gob.ve\/index.php\/2018\/10\/24\/programa-luisa-caceres-de-arismendi-entrego-constancias-de-culminacion-de-curso\/","title":{"rendered":"Programa \u00abLuisa C\u00e1ceres de Arismendi\u00bb entreg\u00f3 constancias de culminaci\u00f3n de curso"},"content":{"rendered":"<p style=\"text-align: justify;\" align=\"justify\"><span style=\"font-family: arial,sans-serif;\"><i><b>**132 participantes fueron acreditados en diferentes oficios: Cr\u00eda de Cerdos, Cultivo de Hortalizas en \u00c1reas Urbanas, Producci\u00f3n de Hortalizas y Panificaci\u00f3n Dom\u00e9stica<\/b><\/i><\/span><\/p>\n<p style=\"text-align: justify;\" align=\"justify\"><!--more--><\/p>\n<p style=\"text-align: justify;\" align=\"justify\"><span style=\"font-family: arial,sans-serif;\"><b>SANDRA AGUILAR | Carabobo<\/b><\/span><\/p>\n<p style=\"text-align: justify;\" align=\"justify\"><span style=\"font-family: Arial,sans-serif;\">En el Centro de Formaci\u00f3n del Hombre Nuevo \u00abEl Libertador\u00bb se hizo entrega de constancias de culminaci\u00f3n de cursos, donde estuvieron presentes el director del recinto penitenciario Ronald Zapata y por el Inces Carabobo, la jefa de Formaci\u00f3n, Mar\u00eda Celis Lira; el Coordinador del Programa \u00abLuisa C\u00e1ceres de Arismendi\u00bb Jos\u00e9 Ram\u00f3n P\u00e9rez; el maestro t\u00e9cnico productivo (MTP) Juan Tamayo y el promotor t\u00e9cnico productivo (PTP) Hosfman Cardenas.<\/span><\/p>\n<p style=\"text-align: justify;\" align=\"justify\"><span style=\"font-family: Arial,sans-serif;\">Ronald Zapata manifest\u00f3 su satisfacci\u00f3n por las formaciones que se han desarrollado en estos espacios, lo cual permite capacitar al Hombre Nuevo en diferentes oficios para su desarrollo integral. As\u00ed mismo, han sido beneficiados ocho participantes de cr\u00eda de cerdos ya que han salido en libertad y fueron contratados por el Ministerio del Poder Popular para el Servicio Penitenciario (MSP) para trabajar en la granja porcina de la caja de trabajo de ese ente.<\/span><\/p>\n<p style=\"text-align: justify;\" align=\"justify\"><span style=\"font-family: Arial,sans-serif;\">Zapata manifest\u00f3 su agradecimiento por el inicio de la formaci\u00f3n de bachilleres productivos a trav\u00e9s de la unidad b\u00e1sica del Inces, considerando que es un gran avance para la poblaci\u00f3n privada de libertad \u00aby esperamos que para el pr\u00f3ximo a\u00f1o nos puedan aumentar el n\u00famero de cursos en diferentes formaciones\u00bb.<\/span><\/p>\n<p style=\"text-align: justify;\" align=\"justify\"><img loading=\"lazy\" decoding=\"async\" class=\"aligncenter wp-image-21356 \" src=\"http:\/\/www.inces.gob.ve\/wp-content\/uploads\/2018\/10\/1constancias-de-culminaci\u00f3n.jpeg\" alt=\"\" width=\"577\" height=\"556\" srcset=\"https:\/\/inces.gob.ve\/wp-content\/uploads\/2018\/10\/1constancias-de-culminaci\u00f3n.jpeg 670w, https:\/\/inces.gob.ve\/wp-content\/uploads\/2018\/10\/1constancias-de-culminaci\u00f3n-300x289.jpeg 300w\" sizes=\"auto, (max-width: 577px) 100vw, 577px\" \/><span style=\"font-family: Arial,sans-serif;\">Mar\u00eda Celis Lira expres\u00f3 que las Formaciones que se dictan son de gran importancia y cumplen al menos con los objetivos inmediatos que persigue un modelo socioeducativo en los Centros de Reclusi\u00f3n: <\/span><\/p>\n<p style=\"text-align: justify;\" align=\"justify\"><span style=\"font-family: Arial,sans-serif;\">1) mejora de la convivencia y la vida cotidiana en contexto de privaci\u00f3n de libertad,<\/span><\/p>\n<p style=\"text-align: justify;\" align=\"justify\"><span style=\"font-family: Arial,sans-serif;\">2) incremento de la autoestima de la poblaci\u00f3n privada de libertad (PPL), favoreciendo en los sujetos la creaci\u00f3n de un proyecto de vida dentro de la c\u00e1rcel,<\/span><\/p>\n<p style=\"text-align: justify;\" align=\"justify\"><span style=\"font-family: Arial,sans-serif;\">3) la oferta de diferentes herramientas, conocimientos y competencias que permitan la superaci\u00f3n personal, y finalmente,<\/span><\/p>\n<p style=\"text-align: justify;\" align=\"justify\"><span style=\"font-family: Arial,sans-serif;\">4) la oferta de mecanismos de acreditaci\u00f3n formal de los aprendizajes con el fin de completar ciclos educativos. Dichos objetivos se encuentran \u00edntimamente relacionados entre s\u00ed, conformando as\u00ed un modelo integral de educaci\u00f3n durante la privaci\u00f3n de libertad.<\/span><\/p>\n<p style=\"text-align: justify;\" align=\"justify\"><span style=\"font-family: Arial,sans-serif;\">lt<\/span><\/p>\n","protected":false},"excerpt":{"rendered":"<p>**132 participantes fueron acreditados en diferentes oficios: Cr\u00eda de Cerdos, Cultivo de Hortalizas en \u00c1reas Urbanas, Producci\u00f3n de Hortalizas y Panificaci\u00f3n Dom\u00e9stica<\/p>\n","protected":false},"author":15,"featured_media":21355,"comment_status":"closed","ping_status":"closed","sticky":false,"template":"","format":"standard","meta":{"footnotes":""},"categories":[2],"tags":[],"class_list":["post-21354","post","type-post","status-publish","format-standard","has-post-thumbnail","hentry","category-blog"],"_links":{"self":[{"href":"https:\/\/inces.gob.ve\/index.php\/wp-json\/wp\/v2\/posts\/21354","targetHints":{"allow":["GET"]}}],"collection":[{"href":"https:\/\/inces.gob.ve\/index.php\/wp-json\/wp\/v2\/posts"}],"about":[{"href":"https:\/\/inces.gob.ve\/index.php\/wp-json\/wp\/v2\/types\/post"}],"author":[{"embeddable":true,"href":"https:\/\/inces.gob.ve\/index.php\/wp-json\/wp\/v2\/users\/15"}],"replies":[{"embeddable":true,"href":"https:\/\/inces.gob.ve\/index.php\/wp-json\/wp\/v2\/comments?post=21354"}],"version-history":[{"count":2,"href":"https:\/\/inces.gob.ve\/index.php\/wp-json\/wp\/v2\/posts\/21354\/revisions"}],"predecessor-version":[{"id":21358,"href":"https:\/\/inces.gob.ve\/index.php\/wp-json\/wp\/v2\/posts\/21354\/revisions\/21358"}],"wp:featuredmedia":[{"embeddable":true,"href":"https:\/\/inces.gob.ve\/index.php\/wp-json\/wp\/v2\/media\/21355"}],"wp:attachment":[{"href":"https:\/\/inces.gob.ve\/index.php\/wp-json\/wp\/v2\/media?parent=21354"}],"wp:term":[{"taxonomy":"category","embeddable":true,"href":"https:\/\/inces.gob.ve\/index.php\/wp-json\/wp\/v2\/categories?post=21354"},{"taxonomy":"post_tag","embeddable":true,"href":"https:\/\/inces.gob.ve\/index.php\/wp-json\/wp\/v2\/tags?post=21354"}],"curies":[{"name":"wp","href":"https:\/\/api.w.org\/{rel}","templated":true}]}}