{"id":21364,"date":"2018-10-24T12:19:13","date_gmt":"2018-10-24T18:19:13","guid":{"rendered":"http:\/\/www.inces.gob.ve\/?p=21364"},"modified":"2020-05-28T20:30:53","modified_gmt":"2020-05-29T00:30:53","slug":"inces-entrego-mesas-sillas-escolares-en-el-liceo-nacional-nicolasa-medina-de-zavala","status":"publish","type":"post","link":"https:\/\/inces.gob.ve\/index.php\/2018\/10\/24\/inces-entrego-mesas-sillas-escolares-en-el-liceo-nacional-nicolasa-medina-de-zavala\/","title":{"rendered":"Inces entreg\u00f3 mesas-sillas escolares en el liceo nacional \u00abNicolasa Medina de Zavala\u00bb"},"content":{"rendered":"<p class=\"western\" style=\"text-align: justify;\" align=\"justify\"><span style=\"font-family: Arial,sans-serif;\"><b>*<i>*La instituci\u00f3n est\u00e1 dando la batalla productiva desde sus CFS Industrial \u00abAl\u00ed Primera\u00bb y Construcci\u00f3n \u00abFrancisco de Miranda\u00bb, en Punto Fijo<\/i><\/b><\/span><\/p>\n<p class=\"western\" style=\"text-align: justify;\" align=\"justify\"><!--more--><\/p>\n<p class=\"western\" style=\"text-align: justify;\" align=\"justify\"><span style=\"font-family: Arial,sans-serif;\"><b>MIRIAM GONZ\u00c1LEZ VILLARROEL | Falc\u00f3n<\/b><\/span><\/p>\n<p class=\"western\" style=\"text-align: justify;\" align=\"justify\"><span style=\"font-family: Arial,sans-serif;\">Como parte del Plan Nacional de Recuperaci\u00f3n de Mesas-Sillas Escolares en escuelas priorizadas del estado Falc\u00f3n, el Inces entreg\u00f3 70 kits de mesas-sillas escolares en el liceo nacional \u00abNicolasa Medina de Zavala\u00bb, en el municipio Carirubana, durante un acto realizado como parte del primer a\u00f1o de gesti\u00f3n del gobernador, V\u00edctor Clark Bosc\u00e1n. <\/span><\/p>\n<p class=\"western\" style=\"text-align: justify;\" align=\"justify\"><span style=\"font-family: Arial,sans-serif;\">Expres\u00f3 la gerente regional del Inces en Falc\u00f3n, Eneyda Mart\u00ednez Rodr\u00edguez, que desde el Inces en Falc\u00f3n se contin\u00faa con el trabajo productivo y realizando aportes sociales que contribuyan con la educaci\u00f3n venezolana, tomando en cuenta que la educaci\u00f3n es un hecho social. Precis\u00f3 que la instituci\u00f3n est\u00e1 encabezando el Plan de Recuperaci\u00f3n, \u00aby nos incorporamos como responsables de esta misi\u00f3n, cumpliendo con las orientaciones del ministro de educaci\u00f3n, Arist\u00f3bulo Ist\u00fariz, conjuntamente con la Fundaci\u00f3n de Edificaciones y Dotaciones Educativas (Fede), Zona Educativa y la Misi\u00f3n Barrio Nuevo, Barrio Tricolor\u00bb. <\/span><\/p>\n<p class=\"western\" style=\"text-align: justify;\" align=\"justify\"><span style=\"font-family: Arial,sans-serif;\"><img loading=\"lazy\" decoding=\"async\" class=\"aligncenter wp-image-21367 size-full\" src=\"http:\/\/www.inces.gob.ve\/wp-content\/uploads\/2018\/10\/2mesas-sillas-escolares-1.jpg\" alt=\"\" width=\"800\" height=\"389\" srcset=\"https:\/\/inces.gob.ve\/wp-content\/uploads\/2018\/10\/2mesas-sillas-escolares-1.jpg 800w, https:\/\/inces.gob.ve\/wp-content\/uploads\/2018\/10\/2mesas-sillas-escolares-1-300x146.jpg 300w, https:\/\/inces.gob.ve\/wp-content\/uploads\/2018\/10\/2mesas-sillas-escolares-1-768x373.jpg 768w\" sizes=\"auto, (max-width: 800px) 100vw, 800px\" \/><\/span><\/p>\n<p class=\"western\" style=\"text-align: justify;\" align=\"justify\"><span style=\"font-family: Arial,sans-serif;\">Resalt\u00f3 que con estas estrategias, a la cual se suma la instituci\u00f3n desde sus centros de formaci\u00f3n socialistas (CFS) \u00abAl\u00ed Primera\u00bb, \u00abFrancisco de Miranda\u00bb y \u00ab5 de Julio\u00bb, se viene trabajando en las tareas, no solo de fabricaci\u00f3n, sino de recuperaci\u00f3n de mesas-sillas en toda la regi\u00f3n, apostando al mejoramiento de la calidad de los ambientes escolares y en funci\u00f3n de la calidad educativa. <\/span><\/p>\n<p class=\"western\" style=\"text-align: justify;\" align=\"justify\"><span style=\"font-family: Arial,sans-serif;\">Dijo Mart\u00ednez \u00aben los pr\u00f3ximos d\u00edas se estar\u00e1 realizando la entrega de otros 30 kits de mesas-sillas escolares en la escuela bolivariana \u2018Yolanda Fuguet\u2019, en la parroquia for\u00e1nea de R\u00edo Seco, en el municipio Miranda\u00bb.<\/span><\/p>\n<p class=\"western\" style=\"text-align: justify;\" align=\"justify\"><img loading=\"lazy\" decoding=\"async\" class=\"aligncenter wp-image-21368 size-full\" src=\"http:\/\/www.inces.gob.ve\/wp-content\/uploads\/2018\/10\/1mesas-sillas-escolares-1.jpg\" alt=\"\" width=\"800\" height=\"426\" srcset=\"https:\/\/inces.gob.ve\/wp-content\/uploads\/2018\/10\/1mesas-sillas-escolares-1.jpg 800w, https:\/\/inces.gob.ve\/wp-content\/uploads\/2018\/10\/1mesas-sillas-escolares-1-300x160.jpg 300w, https:\/\/inces.gob.ve\/wp-content\/uploads\/2018\/10\/1mesas-sillas-escolares-1-768x409.jpg 768w\" sizes=\"auto, (max-width: 800px) 100vw, 800px\" \/><\/p>\n<p class=\"western\" style=\"text-align: justify;\" align=\"justify\"><span style=\"font-family: Arial,sans-serif;\">6.000 mesas sillas a recuperar<\/span><\/p>\n<p class=\"western\" style=\"text-align: justify;\" align=\"justify\"><span style=\"font-family: Arial,sans-serif;\">Precis\u00f3 la gerente regional que la meta en Falc\u00f3n es recuperar 6.000 mesas-sillas en una primera fase del Plan de Recuperaci\u00f3n que inici\u00f3 en octubre y culmina en diciembre del a\u00f1o en curso. \u00abSon 28 escuelas priorizadas por la Zona Educativa del estado Falc\u00f3n, cuyo abordaje inici\u00f3 por los municipios Carirubana y Miranda para luego continuar dando respuesta a las siguientes fases en vinculaci\u00f3n con Fede y la Zona Educativa\u00bb.<\/span><\/p>\n<p class=\"western\" style=\"text-align: justify;\" align=\"justify\"><span style=\"font-family: Arial,sans-serif;\">Mencion\u00f3 Mart\u00ednez que la fabricaci\u00f3n de las mesas sillas es en convenio del Inces con Fede y la materia prima utilizada es distribuida al Inces por las empresa<\/span><strong><span style=\"font-family: Arial,sans-serif;\"> Maderas del Orinoco y Sider\u00fargica del Orinoco (Sidor).<\/span><\/strong><\/p>\n<p class=\"western\" style=\"text-align: justify;\" align=\"justify\"><strong><span style=\"font-family: Arial,sans-serif;\"><img loading=\"lazy\" decoding=\"async\" class=\"aligncenter wp-image-21365 size-full\" src=\"http:\/\/www.inces.gob.ve\/wp-content\/uploads\/2018\/10\/5mesas-sillas-escolares-1.jpg\" alt=\"\" width=\"800\" height=\"510\" srcset=\"https:\/\/inces.gob.ve\/wp-content\/uploads\/2018\/10\/5mesas-sillas-escolares-1.jpg 800w, https:\/\/inces.gob.ve\/wp-content\/uploads\/2018\/10\/5mesas-sillas-escolares-1-300x191.jpg 300w, https:\/\/inces.gob.ve\/wp-content\/uploads\/2018\/10\/5mesas-sillas-escolares-1-768x490.jpg 768w\" sizes=\"auto, (max-width: 800px) 100vw, 800px\" \/><\/span><\/strong><\/p>\n<p class=\"western\" style=\"text-align: justify;\" align=\"justify\"><span style=\"font-family: Arial,sans-serif;\">Trabajo articulado con las instituciones<\/span><\/p>\n<p class=\"western\" style=\"text-align: justify;\" align=\"justify\"><span style=\"font-family: Arial,sans-serif;\">Concluy\u00f3 la gerente del Inces informando que a los fines de unificar esfuerzos y sumar voluntades se vienen desarrollando encuentros con instituciones y entidades de trabajo, tanto p\u00fablicas como privadas, para exhortalas al trabajo mancomunado, \u00abdebemos tomar en cuenta que la educaci\u00f3n es un hecho social, en el cual todos debemos aportar, ya que juntos podemos m\u00e1s\u00bb. <\/span><\/p>\n<p class=\"western\" style=\"text-align: justify;\" align=\"justify\"><span style=\"font-family: Arial,sans-serif;\">Lt<\/span><\/p>\n","protected":false},"excerpt":{"rendered":"<p>**La instituci\u00f3n est\u00e1 dando la batalla productiva desde sus CFS Industrial \u00abAl\u00ed Primera\u00bb y Construcci\u00f3n \u00abFrancisco de Miranda\u00bb, en Punto Fijo<\/p>\n","protected":false},"author":15,"featured_media":21365,"comment_status":"closed","ping_status":"closed","sticky":false,"template":"","format":"standard","meta":{"footnotes":""},"categories":[2],"tags":[],"class_list":["post-21364","post","type-post","status-publish","format-standard","has-post-thumbnail","hentry","category-blog"],"_links":{"self":[{"href":"https:\/\/inces.gob.ve\/index.php\/wp-json\/wp\/v2\/posts\/21364","targetHints":{"allow":["GET"]}}],"collection":[{"href":"https:\/\/inces.gob.ve\/index.php\/wp-json\/wp\/v2\/posts"}],"about":[{"href":"https:\/\/inces.gob.ve\/index.php\/wp-json\/wp\/v2\/types\/post"}],"author":[{"embeddable":true,"href":"https:\/\/inces.gob.ve\/index.php\/wp-json\/wp\/v2\/users\/15"}],"replies":[{"embeddable":true,"href":"https:\/\/inces.gob.ve\/index.php\/wp-json\/wp\/v2\/comments?post=21364"}],"version-history":[{"count":3,"href":"https:\/\/inces.gob.ve\/index.php\/wp-json\/wp\/v2\/posts\/21364\/revisions"}],"predecessor-version":[{"id":21371,"href":"https:\/\/inces.gob.ve\/index.php\/wp-json\/wp\/v2\/posts\/21364\/revisions\/21371"}],"wp:featuredmedia":[{"embeddable":true,"href":"https:\/\/inces.gob.ve\/index.php\/wp-json\/wp\/v2\/media\/21365"}],"wp:attachment":[{"href":"https:\/\/inces.gob.ve\/index.php\/wp-json\/wp\/v2\/media?parent=21364"}],"wp:term":[{"taxonomy":"category","embeddable":true,"href":"https:\/\/inces.gob.ve\/index.php\/wp-json\/wp\/v2\/categories?post=21364"},{"taxonomy":"post_tag","embeddable":true,"href":"https:\/\/inces.gob.ve\/index.php\/wp-json\/wp\/v2\/tags?post=21364"}],"curies":[{"name":"wp","href":"https:\/\/api.w.org\/{rel}","templated":true}]}}