{"id":21428,"date":"2018-10-25T13:28:11","date_gmt":"2018-10-25T19:28:11","guid":{"rendered":"http:\/\/www.inces.gob.ve\/?p=21428"},"modified":"2020-05-28T20:30:52","modified_gmt":"2020-05-29T00:30:52","slug":"director-de-fede-vargas-visita-instalaciones-del-inces","status":"publish","type":"post","link":"https:\/\/inces.gob.ve\/index.php\/2018\/10\/25\/director-de-fede-vargas-visita-instalaciones-del-inces\/","title":{"rendered":"Director de FEDE Vargas visita instalaciones del Inces"},"content":{"rendered":"<p class=\"western\" style=\"text-align: justify;\" align=\"justify\"><span style=\"font-family: Arial,sans-serif;\"><span style=\"font-size: medium;\"><i><b>** Se constituyen mesas de trabajo para abordar instituciones educativas <\/b><\/i><\/span><\/span><\/p>\n<p class=\"western\" style=\"text-align: justify;\" align=\"justify\"><!--more--><\/p>\n<p style=\"text-align: justify;\" align=\"justify\"><span style=\"font-family: Arial,sans-serif;\">ZUVALQUI DUARTE | Vargas<\/span><\/p>\n<p style=\"text-align: justify;\" align=\"justify\"><span style=\"font-family: Arial,sans-serif;\">Una grata visita realiz\u00f3 el General de la Guardia Nacional, Tom\u00e1s Mart\u00ednez Mac\u00edas y director regional de FEDE Vargas, en el marco de las alianzas establecidas con ocasi\u00f3n de la conformaci\u00f3n de las Brigadas de Mantenimiento Integral en las escuelas de la entidad varguense.<\/span><\/p>\n<p style=\"text-align: justify;\" align=\"justify\"><span style=\"font-family: Arial,sans-serif;\">La visita fue propicia para la discusi\u00f3n de los lineamientos emanados por el ministro de Educaci\u00f3n, Arist\u00f3bulo Ist\u00fariz, y as\u00ed planificar y coordinar actividades conjuntas para los diferentes abordajes de las instituciones educativas.<\/span><\/p>\n<p class=\"western\" style=\"text-align: justify;\" align=\"justify\"><span style=\"font-family: Arial,sans-serif;\"><span style=\"font-size: medium;\"><img loading=\"lazy\" decoding=\"async\" class=\"aligncenter wp-image-21429 size-full\" src=\"http:\/\/www.inces.gob.ve\/wp-content\/uploads\/2018\/10\/5Director-de-FEDE-Vargas.jpg\" alt=\"\" width=\"800\" height=\"600\" srcset=\"https:\/\/inces.gob.ve\/wp-content\/uploads\/2018\/10\/5Director-de-FEDE-Vargas.jpg 800w, https:\/\/inces.gob.ve\/wp-content\/uploads\/2018\/10\/5Director-de-FEDE-Vargas-300x225.jpg 300w, https:\/\/inces.gob.ve\/wp-content\/uploads\/2018\/10\/5Director-de-FEDE-Vargas-768x576.jpg 768w, https:\/\/inces.gob.ve\/wp-content\/uploads\/2018\/10\/5Director-de-FEDE-Vargas-136x102.jpg 136w\" sizes=\"auto, (max-width: 800px) 100vw, 800px\" \/><\/span><\/span><\/p>\n<p style=\"text-align: justify;\" align=\"justify\"><span style=\"font-family: Arial,sans-serif;\">En un recorrido por el centro de formaci\u00f3n socialista (CFS) Huayra escuch\u00f3 las propuestas sobre los cambios estructurales de los CFS de la regi\u00f3n, para unir esfuerzos con otras instituciones y la Misi\u00f3n Barrio Nuevo Barrio Tricolor y dar respuestas a las problem\u00e1ticas planteadas.<\/span><span style=\"font-family: Arial,sans-serif;\"><span style=\"font-size: medium;\">\u00a0<\/span><\/span><\/p>\n<p class=\"western\" style=\"text-align: justify;\" align=\"justify\"><img loading=\"lazy\" decoding=\"async\" class=\"aligncenter wp-image-21432 size-full\" src=\"http:\/\/www.inces.gob.ve\/wp-content\/uploads\/2018\/10\/1Director-de-FEDE-Vargas.jpg\" alt=\"\" width=\"800\" height=\"600\" srcset=\"https:\/\/inces.gob.ve\/wp-content\/uploads\/2018\/10\/1Director-de-FEDE-Vargas.jpg 800w, https:\/\/inces.gob.ve\/wp-content\/uploads\/2018\/10\/1Director-de-FEDE-Vargas-300x225.jpg 300w, https:\/\/inces.gob.ve\/wp-content\/uploads\/2018\/10\/1Director-de-FEDE-Vargas-768x576.jpg 768w, https:\/\/inces.gob.ve\/wp-content\/uploads\/2018\/10\/1Director-de-FEDE-Vargas-136x102.jpg 136w\" sizes=\"auto, (max-width: 800px) 100vw, 800px\" \/><\/p>\n<p style=\"text-align: justify;\" align=\"justify\"><span style=\"font-family: Arial,sans-serif;\">Igualmente se hizo entrega de una cerradura con sus respectivas llaves, en calidad de donaci\u00f3n, para una de las unidades educativas varguenses.<\/span><\/p>\n<p class=\"western\" style=\"text-align: justify;\" align=\"justify\"><img loading=\"lazy\" decoding=\"async\" class=\"aligncenter wp-image-21431 size-full\" src=\"http:\/\/www.inces.gob.ve\/wp-content\/uploads\/2018\/10\/2Director-de-FEDE-Vargas.jpg\" alt=\"\" width=\"800\" height=\"600\" srcset=\"https:\/\/inces.gob.ve\/wp-content\/uploads\/2018\/10\/2Director-de-FEDE-Vargas.jpg 800w, https:\/\/inces.gob.ve\/wp-content\/uploads\/2018\/10\/2Director-de-FEDE-Vargas-300x225.jpg 300w, https:\/\/inces.gob.ve\/wp-content\/uploads\/2018\/10\/2Director-de-FEDE-Vargas-768x576.jpg 768w, https:\/\/inces.gob.ve\/wp-content\/uploads\/2018\/10\/2Director-de-FEDE-Vargas-136x102.jpg 136w\" sizes=\"auto, (max-width: 800px) 100vw, 800px\" \/><\/p>\n<p style=\"text-align: justify;\" align=\"justify\"><span style=\"font-family: Arial,sans-serif;\">Es importante rese\u00f1ar que en fecha reciente se abord\u00f3 a la UENB Sergio Recagno en la parroquia Catia La Mar y se procedi\u00f3 a la reparaci\u00f3n de la bomba de agua, que fue trasladada para los talleres de la Escuela T\u00e9cnica Industrial Robinsoniana Carlos Fiol en Catia La Mar, para realizar en conjunto con ingenieros de la instituci\u00f3n y maestros t\u00e9cnicos productivos, el mantenimiento adecuado para su correcto funcionamiento.<\/span><\/p>\n<p style=\"text-align: justify;\" align=\"justify\"><span style=\"font-family: Arial,sans-serif;\">lt<\/span><\/p>\n","protected":false},"excerpt":{"rendered":"<p>** Se constituyen mesas de trabajo para abordar instituciones educativas<\/p>\n","protected":false},"author":15,"featured_media":21430,"comment_status":"closed","ping_status":"closed","sticky":false,"template":"","format":"standard","meta":{"footnotes":""},"categories":[2],"tags":[],"class_list":["post-21428","post","type-post","status-publish","format-standard","has-post-thumbnail","hentry","category-blog"],"_links":{"self":[{"href":"https:\/\/inces.gob.ve\/index.php\/wp-json\/wp\/v2\/posts\/21428","targetHints":{"allow":["GET"]}}],"collection":[{"href":"https:\/\/inces.gob.ve\/index.php\/wp-json\/wp\/v2\/posts"}],"about":[{"href":"https:\/\/inces.gob.ve\/index.php\/wp-json\/wp\/v2\/types\/post"}],"author":[{"embeddable":true,"href":"https:\/\/inces.gob.ve\/index.php\/wp-json\/wp\/v2\/users\/15"}],"replies":[{"embeddable":true,"href":"https:\/\/inces.gob.ve\/index.php\/wp-json\/wp\/v2\/comments?post=21428"}],"version-history":[{"count":6,"href":"https:\/\/inces.gob.ve\/index.php\/wp-json\/wp\/v2\/posts\/21428\/revisions"}],"predecessor-version":[{"id":21438,"href":"https:\/\/inces.gob.ve\/index.php\/wp-json\/wp\/v2\/posts\/21428\/revisions\/21438"}],"wp:featuredmedia":[{"embeddable":true,"href":"https:\/\/inces.gob.ve\/index.php\/wp-json\/wp\/v2\/media\/21430"}],"wp:attachment":[{"href":"https:\/\/inces.gob.ve\/index.php\/wp-json\/wp\/v2\/media?parent=21428"}],"wp:term":[{"taxonomy":"category","embeddable":true,"href":"https:\/\/inces.gob.ve\/index.php\/wp-json\/wp\/v2\/categories?post=21428"},{"taxonomy":"post_tag","embeddable":true,"href":"https:\/\/inces.gob.ve\/index.php\/wp-json\/wp\/v2\/tags?post=21428"}],"curies":[{"name":"wp","href":"https:\/\/api.w.org\/{rel}","templated":true}]}}