{"id":21473,"date":"2018-10-26T12:24:34","date_gmt":"2018-10-26T18:24:34","guid":{"rendered":"http:\/\/www.inces.gob.ve\/?p=21473"},"modified":"2020-05-28T20:30:52","modified_gmt":"2020-05-29T00:30:52","slug":"inces-acreditara-los-saberes-de-los-brigadistas-de-mantenimiento-de-las-e-t-del-zulia","status":"publish","type":"post","link":"https:\/\/inces.gob.ve\/index.php\/2018\/10\/26\/inces-acreditara-los-saberes-de-los-brigadistas-de-mantenimiento-de-las-e-t-del-zulia\/","title":{"rendered":"Inces acreditar\u00e1 los saberes de los brigadistas de mantenimiento de las E.T. del Zulia"},"content":{"rendered":"<p align=\"justify\"><span style=\"font-family: Arial,sans-serif;\"><i><b>** El proceso de acreditaci\u00f3n se iniciar\u00e1 el 31 de octubre y culminar\u00e1 el 15 de noviembre <\/b><\/i><\/span><\/p>\n<p align=\"justify\">\n<!--more--><\/p>\n<p align=\"justify\"><span style=\"font-family: Arial,sans-serif;\"><b>YUDITH CASTRO | Zulia<\/b><\/span><\/p>\n<p align=\"justify\">\n<p align=\"justify\"><span style=\"font-family: Arial,sans-serif;\">El Inces acreditar\u00e1 los saberes de los miembros de las brigadas de mantenimiento de las 23 escuelas t\u00e9cnicas (ET) distribuidas en los diversos municipios del Zulia, inform\u00f3 el jefe de la Divisi\u00f3n de Formaci\u00f3n Profesional, Mart\u00edn Mele\u00e1n, durante una reuni\u00f3n que se efectu\u00f3 en la sede administrativa del Inces, ubicada en Maracaibo. <\/span><\/p>\n<p align=\"justify\">\n<p align=\"justify\"><span style=\"font-family: Arial,sans-serif;\">En este encuentro, particip\u00f3 el coordinador de las escuelas t\u00e9cnicas del Zulia, Gustavo Cuba, los distintos directores de estas unidades educativas, la coordinadora de Tecnolog\u00eda Educativa, Betzab\u00e9 Andara y la coordinadora del Programa Nacional de Aprendizaje (PNA), Pegly Garc\u00eda.<\/span><\/p>\n<p align=\"justify\">\n<img loading=\"lazy\" decoding=\"async\" class=\"aligncenter wp-image-21475 size-full\" src=\"http:\/\/www.inces.gob.ve\/wp-content\/uploads\/2018\/10\/1saberes-de-los-brigadistas.jpg\" alt=\"\" width=\"800\" height=\"480\" srcset=\"https:\/\/inces.gob.ve\/wp-content\/uploads\/2018\/10\/1saberes-de-los-brigadistas.jpg 800w, https:\/\/inces.gob.ve\/wp-content\/uploads\/2018\/10\/1saberes-de-los-brigadistas-300x180.jpg 300w, https:\/\/inces.gob.ve\/wp-content\/uploads\/2018\/10\/1saberes-de-los-brigadistas-768x461.jpg 768w\" sizes=\"auto, (max-width: 800px) 100vw, 800px\" \/><span style=\"font-family: Arial,sans-serif;\">Recalc\u00f3 Mele\u00e1n que durante el encuentro \u201cse acord\u00f3 iniciar un proceso de acreditaci\u00f3n de todos los docentes de estas escuelas, personal administrativo, obrero, comunidad estudiantil y general con la finalidad de conformar las brigadas de mantenimiento en cada escuela\u201d.<\/span><\/p>\n<p align=\"justify\">\n<p align=\"justify\"><span style=\"font-family: Arial,sans-serif;\">Este proceso se iniciar\u00e1 el 31 de octubre en la E.T. Jos\u00e9 Ignacio Valbuena, ubicada en Cabimas, posteriormente ser\u00e1n visitadas las escuelas establecidas en los municipios Miranda, San Francisco y Maracaibo, y as\u00ed sucesivamente. Se tiene previsto culminar el 15 de noviembre, acot\u00f3 Mele\u00e1n. <\/span><\/p>\n<p align=\"justify\">\n<p align=\"justify\"><span style=\"font-family: Arial,sans-serif;\">Durante su intervenci\u00f3n, el jefe de Formaci\u00f3n Profesional recalc\u00f3 que cada brigada debe estar integrada como m\u00edunimo por 5 alba\u00f1iles, 4 electricistas, 4 herreros, 3 pintores de primera, 2 plomeros y 2 carpinteros.<\/span><\/p>\n<p align=\"justify\">\n<p align=\"justify\"><span style=\"font-family: Arial,sans-serif;\">Por su parte, Gustavo Cuba indic\u00f3 que tambi\u00e9n se acord\u00f3 la postulaci\u00f3n de m\u00e1s de 2.000 estudiantes del sexto a\u00f1o de las escuelas t\u00e9cnicas al PNA, con el prop\u00f3sito de garantizar a estos j\u00f3venes la oportunidad de obtener el primer empleo y as\u00ed contribuir con el Programa de Recuperaci\u00f3n Econ\u00f3mica impulsado por el Gobierno Bolivariano. <\/span><\/p>\n<p align=\"justify\">\n<p align=\"justify\"><span style=\"font-family: Arial,sans-serif;\">Mesas sillas <\/span><\/p>\n<p align=\"justify\"><span style=\"font-family: Arial,sans-serif;\">Otro de los aspectos discutidos durante la reuni\u00f3n fue la reparaci\u00f3n de las mesas sillas. Cuba indic\u00f3 que son m\u00e1s de 2.000 los inmuebles da\u00f1ados. \u201cHemos reparados varios, pero a\u00fan falta. Para culminar requerimos insumos y mano de obra\u201d.<\/span><\/p>\n<p align=\"justify\">\n<p align=\"justify\"><span style=\"font-family: Arial,sans-serif;\">Con relaci\u00f3n a lo expuesto, Mele\u00e1n puso a disposici\u00f3n los participantes y docentes de los cursos de Herrer\u00eda y Carpinter\u00eda del Inces para apoyar en las reparaciones. \u201cPara concretar esto, los directores de las escuelas t\u00e9cnicas y los coordinadores de los CFS se reunir\u00e1n a fin de elaborar el cronograma de trabajo\u201d, resalt\u00f3. <\/span><\/p>\n<p align=\"justify\">\n","protected":false},"excerpt":{"rendered":"<p>** El proceso de acreditaci\u00f3n se iniciar\u00e1 el 31 de octubre y culminar\u00e1 el 15 de noviembre<\/p>\n","protected":false},"author":15,"featured_media":21474,"comment_status":"closed","ping_status":"closed","sticky":false,"template":"","format":"standard","meta":{"footnotes":""},"categories":[2],"tags":[],"class_list":["post-21473","post","type-post","status-publish","format-standard","has-post-thumbnail","hentry","category-blog"],"_links":{"self":[{"href":"https:\/\/inces.gob.ve\/index.php\/wp-json\/wp\/v2\/posts\/21473","targetHints":{"allow":["GET"]}}],"collection":[{"href":"https:\/\/inces.gob.ve\/index.php\/wp-json\/wp\/v2\/posts"}],"about":[{"href":"https:\/\/inces.gob.ve\/index.php\/wp-json\/wp\/v2\/types\/post"}],"author":[{"embeddable":true,"href":"https:\/\/inces.gob.ve\/index.php\/wp-json\/wp\/v2\/users\/15"}],"replies":[{"embeddable":true,"href":"https:\/\/inces.gob.ve\/index.php\/wp-json\/wp\/v2\/comments?post=21473"}],"version-history":[{"count":1,"href":"https:\/\/inces.gob.ve\/index.php\/wp-json\/wp\/v2\/posts\/21473\/revisions"}],"predecessor-version":[{"id":21476,"href":"https:\/\/inces.gob.ve\/index.php\/wp-json\/wp\/v2\/posts\/21473\/revisions\/21476"}],"wp:featuredmedia":[{"embeddable":true,"href":"https:\/\/inces.gob.ve\/index.php\/wp-json\/wp\/v2\/media\/21474"}],"wp:attachment":[{"href":"https:\/\/inces.gob.ve\/index.php\/wp-json\/wp\/v2\/media?parent=21473"}],"wp:term":[{"taxonomy":"category","embeddable":true,"href":"https:\/\/inces.gob.ve\/index.php\/wp-json\/wp\/v2\/categories?post=21473"},{"taxonomy":"post_tag","embeddable":true,"href":"https:\/\/inces.gob.ve\/index.php\/wp-json\/wp\/v2\/tags?post=21473"}],"curies":[{"name":"wp","href":"https:\/\/api.w.org\/{rel}","templated":true}]}}