{"id":21484,"date":"2018-10-26T12:44:18","date_gmt":"2018-10-26T18:44:18","guid":{"rendered":"http:\/\/www.inces.gob.ve\/?p=21484"},"modified":"2020-05-28T20:30:52","modified_gmt":"2020-05-29T00:30:52","slug":"mujeres-productivas-acreditaron-sus-saberes-con-el-inces","status":"publish","type":"post","link":"https:\/\/inces.gob.ve\/index.php\/2018\/10\/26\/mujeres-productivas-acreditaron-sus-saberes-con-el-inces\/","title":{"rendered":"Mujeres productivas acreditaron sus saberes con el Inces"},"content":{"rendered":"<p style=\"text-align: justify;\" align=\"justify\"><span style=\"font-family: Arial,sans-serif;\"><i><b>** Estas damas participar\u00e1n en el programa Soy Mujer <\/b><\/i><\/span><\/p>\n<p style=\"text-align: justify;\" align=\"justify\">\n<!--more--><\/p>\n<p style=\"text-align: justify;\" align=\"justify\"><span style=\"font-family: Arial,sans-serif;\"><b>YUDITH CASTRO | Zulia <\/b><\/span><\/p>\n<p style=\"text-align: justify;\" align=\"justify\">\n<p style=\"text-align: justify;\" align=\"justify\"><span style=\"font-family: Arial,sans-serif;\">Quinces mujeres productivas de Maracaibo participaron en el proceso de acreditaci\u00f3n de saberes en ejercicio en las \u00e1reas: Reposter\u00eda, Corte y Costura, Dulcer\u00eda Criolla y Elaboraci\u00f3n de Productos de Aseo Personal. El proceso se efectu\u00f3 en la sede administrativa del Inces. <\/span><\/p>\n<p style=\"text-align: justify;\" align=\"justify\">\n<p style=\"text-align: justify;\" align=\"justify\"><span style=\"font-family: Arial,sans-serif;\">\u00abEstas mujeres son de la parroquia Idelfonzo V\u00e1squez de Maracaibo. El Inces hoy est\u00e1 reconociendo ese saber, ese conocimiento aprendido a trav\u00e9s de la observaci\u00f3n y la pr\u00e1ctica. Con este reconocimiento contribuimos a potenciar la productivdad porque este es uno de los requisitos de las entidades bancarias para entregar cr\u00e9ditos\u00bb, puntualiz\u00f3 la coordinadora de Mujeres Productivas del Inces, Nair\u00ed Fern\u00e1ndez. <\/span><\/p>\n<p style=\"text-align: justify;\" align=\"justify\"><img loading=\"lazy\" decoding=\"async\" class=\"aligncenter wp-image-21485 size-full\" src=\"http:\/\/www.inces.gob.ve\/wp-content\/uploads\/2018\/10\/6Mujeres-productivas.jpg\" alt=\"\" width=\"800\" height=\"480\" srcset=\"https:\/\/inces.gob.ve\/wp-content\/uploads\/2018\/10\/6Mujeres-productivas.jpg 800w, https:\/\/inces.gob.ve\/wp-content\/uploads\/2018\/10\/6Mujeres-productivas-300x180.jpg 300w, https:\/\/inces.gob.ve\/wp-content\/uploads\/2018\/10\/6Mujeres-productivas-768x461.jpg 768w\" sizes=\"auto, (max-width: 800px) 100vw, 800px\" \/><br \/>\n<span style=\"font-family: Arial,sans-serif;\">Estas damas- indic\u00f3- participar\u00e1n en el programa Soy Mujer del Ministerio del Poder Popular para la Mujer con la finalidad de obtener un cr\u00e9dito que les permita producir en mayor cantidad y as\u00ed seguir supliendo las necesidades en su \u00e1mbito local.<\/span><\/p>\n<p style=\"text-align: justify;\" align=\"justify\">\n<p style=\"text-align: justify;\" align=\"justify\"><span style=\"font-family: Arial,sans-serif;\">Testimonios <\/span><\/p>\n<p style=\"text-align: justify;\" align=\"justify\">\n<p style=\"text-align: justify;\" align=\"justify\"><span style=\"font-family: Arial,sans-serif;\">Zuly Mu\u00f1oz tiene 10 a\u00f1os cosiendo en su comunidad. Su mayor anhelo era obtener el certificado del Inces \u00abporque eso me brinda confiabilidad y prestigio. Esto es una bendici\u00f3n de Dios. Si me otorgan el cr\u00e9dito me dedicar\u00e9 en la primera etapa a la elaboraci\u00f3n de ropa \u00edntima para responder a las necesidades de mi comunidad\u00bb.<\/span><\/p>\n<p style=\"text-align: justify;\" align=\"justify\"><span style=\"font-family: Arial,sans-serif;\"><img loading=\"lazy\" decoding=\"async\" class=\"aligncenter wp-image-21486 size-full\" src=\"http:\/\/www.inces.gob.ve\/wp-content\/uploads\/2018\/10\/4Mujeres-productivas.jpg\" alt=\"\" width=\"800\" height=\"480\" srcset=\"https:\/\/inces.gob.ve\/wp-content\/uploads\/2018\/10\/4Mujeres-productivas.jpg 800w, https:\/\/inces.gob.ve\/wp-content\/uploads\/2018\/10\/4Mujeres-productivas-300x180.jpg 300w, https:\/\/inces.gob.ve\/wp-content\/uploads\/2018\/10\/4Mujeres-productivas-768x461.jpg 768w\" sizes=\"auto, (max-width: 800px) 100vw, 800px\" \/><\/span><\/p>\n<p style=\"text-align: justify;\" align=\"justify\"><span style=\"font-family: Arial,sans-serif;\">Con gran emoci\u00f3n, Mar\u00eda Sangronis expres\u00f3 que ella aprendi\u00f3 el arte de la costura a trav\u00e9s de la observaci\u00f3n y \u00abel poder recibir un certificado por este oficio me hace feliz. Si me aprueban el cr\u00e9dito iniciar\u00e9 la elaboraci\u00f3n de uniformes escolares porque deseo ayudar a los ni\u00f1os y ni\u00f1as de la comunidad\u00bb.<\/span><\/p>\n<p style=\"text-align: justify;\" align=\"justify\"><img loading=\"lazy\" decoding=\"async\" class=\"aligncenter wp-image-21488 size-full\" src=\"http:\/\/www.inces.gob.ve\/wp-content\/uploads\/2018\/10\/1Mujeres-productivas.jpg\" alt=\"\" width=\"800\" height=\"480\" srcset=\"https:\/\/inces.gob.ve\/wp-content\/uploads\/2018\/10\/1Mujeres-productivas.jpg 800w, https:\/\/inces.gob.ve\/wp-content\/uploads\/2018\/10\/1Mujeres-productivas-300x180.jpg 300w, https:\/\/inces.gob.ve\/wp-content\/uploads\/2018\/10\/1Mujeres-productivas-768x461.jpg 768w\" sizes=\"auto, (max-width: 800px) 100vw, 800px\" \/><br \/>\n<span style=\"font-family: Arial,sans-serif;\">Para finalizar, Rita Mart\u00ednez, miembro de Unamujer, indic\u00f3 que la acreditaci\u00f3n de saberes y la entrega de cr\u00e9ditos impulsar\u00e1 la producci\u00f3n en la comunidad en la cual viven estas damas. \u00abEstaremos respondiendo a las necesidades de los miembros de la comunidad y aportaremos al desarrollo econ\u00f3mico desde el \u00e1mbito localV\u00bb.<\/span><\/p>\n<p style=\"text-align: justify;\" align=\"justify\">\n<p style=\"text-align: justify;\" align=\"justify\"><span style=\"font-family: Arial,sans-serif;\">lt<\/span><\/p>\n","protected":false},"excerpt":{"rendered":"<p>** Estas damas participar\u00e1n en el programa Soy Mujer<\/p>\n","protected":false},"author":15,"featured_media":21487,"comment_status":"closed","ping_status":"closed","sticky":false,"template":"","format":"standard","meta":{"footnotes":""},"categories":[2],"tags":[],"class_list":["post-21484","post","type-post","status-publish","format-standard","has-post-thumbnail","hentry","category-blog"],"_links":{"self":[{"href":"https:\/\/inces.gob.ve\/index.php\/wp-json\/wp\/v2\/posts\/21484","targetHints":{"allow":["GET"]}}],"collection":[{"href":"https:\/\/inces.gob.ve\/index.php\/wp-json\/wp\/v2\/posts"}],"about":[{"href":"https:\/\/inces.gob.ve\/index.php\/wp-json\/wp\/v2\/types\/post"}],"author":[{"embeddable":true,"href":"https:\/\/inces.gob.ve\/index.php\/wp-json\/wp\/v2\/users\/15"}],"replies":[{"embeddable":true,"href":"https:\/\/inces.gob.ve\/index.php\/wp-json\/wp\/v2\/comments?post=21484"}],"version-history":[{"count":1,"href":"https:\/\/inces.gob.ve\/index.php\/wp-json\/wp\/v2\/posts\/21484\/revisions"}],"predecessor-version":[{"id":21489,"href":"https:\/\/inces.gob.ve\/index.php\/wp-json\/wp\/v2\/posts\/21484\/revisions\/21489"}],"wp:featuredmedia":[{"embeddable":true,"href":"https:\/\/inces.gob.ve\/index.php\/wp-json\/wp\/v2\/media\/21487"}],"wp:attachment":[{"href":"https:\/\/inces.gob.ve\/index.php\/wp-json\/wp\/v2\/media?parent=21484"}],"wp:term":[{"taxonomy":"category","embeddable":true,"href":"https:\/\/inces.gob.ve\/index.php\/wp-json\/wp\/v2\/categories?post=21484"},{"taxonomy":"post_tag","embeddable":true,"href":"https:\/\/inces.gob.ve\/index.php\/wp-json\/wp\/v2\/tags?post=21484"}],"curies":[{"name":"wp","href":"https:\/\/api.w.org\/{rel}","templated":true}]}}