{"id":21513,"date":"2018-10-26T16:15:30","date_gmt":"2018-10-26T22:15:30","guid":{"rendered":"http:\/\/www.inces.gob.ve\/?p=21513"},"modified":"2020-05-28T20:30:52","modified_gmt":"2020-05-29T00:30:52","slug":"aprendices-inician-proceso-para-renovar-sus-voceros-nacionales","status":"publish","type":"post","link":"https:\/\/inces.gob.ve\/index.php\/2018\/10\/26\/aprendices-inician-proceso-para-renovar-sus-voceros-nacionales\/","title":{"rendered":"Aprendices inician proceso para renovar sus voceros nacionales"},"content":{"rendered":"<p><em><strong>** La juramentaci\u00f3n de los promotores para las elecciones se dio en el marco de la semana aniversaria del natalicio del maestro Sim\u00f3n Rodr\u00edguez, organizada por el Ministerio de Educaci\u00f3n<\/strong><\/em><!--more--><\/p>\n<p>&nbsp;<\/p>\n<p><strong>PRENSA INCES | Sede<\/strong><\/p>\n<p>El equipo promotor electoral de aprendices se jurament\u00f3 este viernes en el auditorio del Instituto Nacional de Capacitaci\u00f3n y Educaci\u00f3n Socialista (Inces) de la avenida Nueva Granada, Caracas.<\/p>\n<p>&nbsp;<\/p>\n<p>Los j\u00f3venes asistentes se preparan de cara a las elecciones, que estar\u00e1n transcurriendo entre noviembre y diciembre, para la renovaci\u00f3n de los voceros del Movimiento Nacional Somos Aprendices en todas sus niveles.<\/p>\n<p>&nbsp;<\/p>\n<p><img loading=\"lazy\" decoding=\"async\" class=\"aligncenter wp-image-21522 size-large\" src=\"http:\/\/www.inces.gob.ve\/wp-content\/uploads\/2018\/10\/MG_7423-1024x683.jpg\" alt=\"\" width=\"640\" height=\"427\" srcset=\"https:\/\/inces.gob.ve\/wp-content\/uploads\/2018\/10\/MG_7423-1024x683.jpg 1024w, https:\/\/inces.gob.ve\/wp-content\/uploads\/2018\/10\/MG_7423-300x200.jpg 300w, https:\/\/inces.gob.ve\/wp-content\/uploads\/2018\/10\/MG_7423-768x512.jpg 768w\" sizes=\"auto, (max-width: 640px) 100vw, 640px\" \/><\/p>\n<p>&nbsp;<\/p>\n<p>La actividad cont\u00f3 con la participaci\u00f3n del viceministro del Ministerio de Educaci\u00f3n, Jorge P\u00e9rez; el presidente del Inces, Wuikelman \u00c1ngel Paredes; el constituyente y coordinador de Juventud Productiva Inces, Oliver G\u00fazman y Ronald Ojeda, en representaci\u00f3n de los aprendices y voceros del movimiento Somos Aprendices.<\/p>\n<p>&nbsp;<\/p>\n<p>\u201cEs importante destacar que la participaci\u00f3n de los aprendices en todo el pa\u00eds es fundamental para el proceso productivo que se est\u00e1 desarrollando desde el Ministerio de Educaci\u00f3n\u201d, resalt\u00f3 el viceministro P\u00e9rez, quien agreg\u00f3 que la instituci\u00f3n es vital en la cultura del trabajo, y del aprender haciendo.<\/p>\n<p>&nbsp;<\/p>\n<p><img loading=\"lazy\" decoding=\"async\" class=\"aligncenter wp-image-21525 size-large\" src=\"http:\/\/www.inces.gob.ve\/wp-content\/uploads\/2018\/10\/IMG_7501-1024x729.jpg\" alt=\"\" width=\"640\" height=\"456\" srcset=\"https:\/\/inces.gob.ve\/wp-content\/uploads\/2018\/10\/IMG_7501-1024x729.jpg 1024w, https:\/\/inces.gob.ve\/wp-content\/uploads\/2018\/10\/IMG_7501-300x213.jpg 300w, https:\/\/inces.gob.ve\/wp-content\/uploads\/2018\/10\/IMG_7501-768x547.jpg 768w\" sizes=\"auto, (max-width: 640px) 100vw, 640px\" \/><\/p>\n<p>&nbsp;<\/p>\n<p>Adem\u00e1s, se\u00f1al\u00f3 que se esperan aportes desde la organizaci\u00f3n de los aprendices para fortalecer el Programa de Recuperaci\u00f3n, Crecimiento y Prosperidad Econ\u00f3mica, que impulsa el Ejecutivo Nacional.<\/p>\n<p>&nbsp;<\/p>\n<p>El titular del Inces felicit\u00f3 a los aprendices por el esfuerzo que hacen por formarse para lo productivo, y agreg\u00f3 que el movimiento de aprendices est\u00e1 para organizarlos como colectivo de trabajadores en formaci\u00f3n, pero tambi\u00e9n para arrojar su agenda cultural, recreativa y deportiva.<\/p>\n<p>&nbsp;<\/p>\n<p>A un a\u00f1o de creaci\u00f3n del movimiento Somos Aprendices, los j\u00f3venes cuentan con una estructura org\u00e1nica, con siete comisiones nacionales, una estructura de cuatro niveles, vocer\u00eda de aulas, de centros de formaci\u00f3n o instituto de acci\u00f3n docente delegados, estados; y las nacionales, que son los secretarios nacionales que se componen por siete voceros.<\/p>\n<p>&nbsp;<\/p>\n<p><img loading=\"lazy\" decoding=\"async\" class=\"aligncenter wp-image-21523 size-large\" src=\"http:\/\/www.inces.gob.ve\/wp-content\/uploads\/2018\/10\/IMG_7541-1024x683.jpg\" alt=\"\" width=\"640\" height=\"427\" srcset=\"https:\/\/inces.gob.ve\/wp-content\/uploads\/2018\/10\/IMG_7541-1024x683.jpg 1024w, https:\/\/inces.gob.ve\/wp-content\/uploads\/2018\/10\/IMG_7541-300x200.jpg 300w, https:\/\/inces.gob.ve\/wp-content\/uploads\/2018\/10\/IMG_7541-768x512.jpg 768w\" sizes=\"auto, (max-width: 640px) 100vw, 640px\" \/><\/p>\n<p>&nbsp;<\/p>\n<p>Angel dijo que la instituci\u00f3n forma a los j\u00f3venes para su incorporaci\u00f3n al mundo del trabajo, por lo que realiz\u00f3 el llamado a las empresas p\u00fablicas y privadas a seguir contribuyendo con este programa formativo y apostando a la juventud venezolana. \u201cToda entidad de trabajo tiene la obligaci\u00f3n de incorporar y formar a j\u00f3venes entre los 14 y 18 a\u00f1os\u201d, asegur\u00f3.<\/p>\n","protected":false},"excerpt":{"rendered":"<p>** La juramentaci\u00f3n de los promotores para las elecciones se dio en el marco de la semana aniversaria del natalicio del maestro Sim\u00f3n Rodr\u00edguez, organizada por el Ministerio de Educaci\u00f3n<\/p>\n","protected":false},"author":4,"featured_media":21524,"comment_status":"closed","ping_status":"open","sticky":false,"template":"","format":"standard","meta":{"footnotes":""},"categories":[2],"tags":[],"class_list":["post-21513","post","type-post","status-publish","format-standard","has-post-thumbnail","hentry","category-blog"],"_links":{"self":[{"href":"https:\/\/inces.gob.ve\/index.php\/wp-json\/wp\/v2\/posts\/21513","targetHints":{"allow":["GET"]}}],"collection":[{"href":"https:\/\/inces.gob.ve\/index.php\/wp-json\/wp\/v2\/posts"}],"about":[{"href":"https:\/\/inces.gob.ve\/index.php\/wp-json\/wp\/v2\/types\/post"}],"author":[{"embeddable":true,"href":"https:\/\/inces.gob.ve\/index.php\/wp-json\/wp\/v2\/users\/4"}],"replies":[{"embeddable":true,"href":"https:\/\/inces.gob.ve\/index.php\/wp-json\/wp\/v2\/comments?post=21513"}],"version-history":[{"count":3,"href":"https:\/\/inces.gob.ve\/index.php\/wp-json\/wp\/v2\/posts\/21513\/revisions"}],"predecessor-version":[{"id":21529,"href":"https:\/\/inces.gob.ve\/index.php\/wp-json\/wp\/v2\/posts\/21513\/revisions\/21529"}],"wp:featuredmedia":[{"embeddable":true,"href":"https:\/\/inces.gob.ve\/index.php\/wp-json\/wp\/v2\/media\/21524"}],"wp:attachment":[{"href":"https:\/\/inces.gob.ve\/index.php\/wp-json\/wp\/v2\/media?parent=21513"}],"wp:term":[{"taxonomy":"category","embeddable":true,"href":"https:\/\/inces.gob.ve\/index.php\/wp-json\/wp\/v2\/categories?post=21513"},{"taxonomy":"post_tag","embeddable":true,"href":"https:\/\/inces.gob.ve\/index.php\/wp-json\/wp\/v2\/tags?post=21513"}],"curies":[{"name":"wp","href":"https:\/\/api.w.org\/{rel}","templated":true}]}}