{"id":21572,"date":"2018-10-29T14:21:43","date_gmt":"2018-10-29T20:21:43","guid":{"rendered":"http:\/\/www.inces.gob.ve\/?p=21572"},"modified":"2020-05-28T20:30:51","modified_gmt":"2020-05-29T00:30:51","slug":"inces-sucre-cumple-con-lineas-de-trabajo-indicadas-por-el-ministerio-de-educacion","status":"publish","type":"post","link":"https:\/\/inces.gob.ve\/index.php\/2018\/10\/29\/inces-sucre-cumple-con-lineas-de-trabajo-indicadas-por-el-ministerio-de-educacion\/","title":{"rendered":"Inces Sucre cumple con l\u00edneas de trabajo indicadas por el Ministerio de Educaci\u00f3n"},"content":{"rendered":"<p style=\"text-align: justify;\"><em><span style=\"font-family: Arial,sans-serif;\"><b>** En el marco del lema \u201cEducando en Comunidad\u201d se integr\u00f3 la poblaci\u00f3n de Brisas del Golfo, a trav\u00e9s de las formaciones productivas y la reparaci\u00f3n de la U.E.B \u201cAl\u00ed Primera\u201d<\/b><\/span><\/em><\/p>\n<p style=\"text-align: justify;\"><!--more--><\/p>\n<p style=\"text-align: justify;\"><span style=\"font-family: Arial,sans-serif;\"><b>MILAGROS GUERRERO | Sucre<\/b><\/span><\/p>\n<p style=\"text-align: justify;\"><span style=\"font-family: Arial,sans-serif;\">Siguiendo orientaciones del ministro para la Educaci\u00f3n Arist\u00f3bulo Ist\u00fariz, el Inces, en el estado Sucre, va a la escuela a trav\u00e9s del Programa M\u00f3vil para atender las \u00e1reas de producci\u00f3n y el Plan Nacional Todas las Manos a la Siembra (Pntms).<\/span><\/p>\n<p>&nbsp;<\/p>\n<p style=\"text-align: justify;\"><span style=\"font-family: Arial,sans-serif;\">La informaci\u00f3n fue aportada por Julio Yendiz responsable del Programa M\u00f3vil, quien manifest\u00f3 que en la Unidad Educativa Bolivariana \u00abAl\u00ed Primera\u00bb, ubicada en Brisas del Golfo, el Inces Sucre realiz\u00f3 89 acreditaciones de oficios y saberes emp\u00edricos al personal que labora en esa instituci\u00f3n.<\/span><\/p>\n<p>&nbsp;<\/p>\n<p style=\"text-align: justify;\"><img loading=\"lazy\" decoding=\"async\" class=\"aligncenter wp-image-21573 size-full\" src=\"http:\/\/www.inces.gob.ve\/wp-content\/uploads\/2018\/10\/6reparaci\u00f3n-de-la-U.E.B.jpg\" alt=\"\" width=\"800\" height=\"640\" srcset=\"https:\/\/inces.gob.ve\/wp-content\/uploads\/2018\/10\/6reparaci\u00f3n-de-la-U.E.B.jpg 800w, https:\/\/inces.gob.ve\/wp-content\/uploads\/2018\/10\/6reparaci\u00f3n-de-la-U.E.B-300x240.jpg 300w, https:\/\/inces.gob.ve\/wp-content\/uploads\/2018\/10\/6reparaci\u00f3n-de-la-U.E.B-768x614.jpg 768w\" sizes=\"auto, (max-width: 800px) 100vw, 800px\" \/><br \/>\n<span style=\"font-family: Arial,sans-serif;\">Destac\u00f3 Yendiz que los participantes del curso Ayudante de Construcci\u00f3n, organizados en brigadas y bajo la responsabilidad del programa, hicieron el diagn\u00f3stico en la \u00e1reas de electricidad y plomer\u00eda, en aras de recuperar lo que est\u00e9 da\u00f1ado o roto. Y en el \u00e1rea de herrer\u00eda para la reparaci\u00f3n de las mesas sillas, que son utilizadas por los estudiantes a\u00fan en el estado en que se encuentran. De igual forma se acreditaron a padres y representantes que tienen a sus hijos cursando estudios en ese lugar. <\/span><\/p>\n<p>&nbsp;<\/p>\n<p style=\"text-align: justify;\"><span style=\"font-family: Arial,sans-serif;\">Ante la receptividad de los miembros del punto y c\u00edrculo se acord\u00f3 un pr\u00f3ximo abordaje para atender a toda la comunidad por medio del consejo comunal, la comuna y el Clap del sector. Mostrando de esta manera que s\u00ed se puede \u201cEducar en Comunidad\u201d como es el lema del nuevo a\u00f1o escolar 2018-2019. <\/span><\/p>\n<p>&nbsp;<\/p>\n<p style=\"text-align: justify;\"><img loading=\"lazy\" decoding=\"async\" class=\"aligncenter wp-image-21574 size-full\" src=\"http:\/\/www.inces.gob.ve\/wp-content\/uploads\/2018\/10\/4reparaci\u00f3n-de-la-U.E.B.jpg\" alt=\"\" width=\"800\" height=\"681\" srcset=\"https:\/\/inces.gob.ve\/wp-content\/uploads\/2018\/10\/4reparaci\u00f3n-de-la-U.E.B.jpg 800w, https:\/\/inces.gob.ve\/wp-content\/uploads\/2018\/10\/4reparaci\u00f3n-de-la-U.E.B-300x255.jpg 300w, https:\/\/inces.gob.ve\/wp-content\/uploads\/2018\/10\/4reparaci\u00f3n-de-la-U.E.B-768x654.jpg 768w\" sizes=\"auto, (max-width: 800px) 100vw, 800px\" \/><br \/>\n<span style=\"font-family: Arial,sans-serif;\">En otro orden de ideas, se hizo un recorrido por las \u00e1reas verdes productivas del huerto escolar, junto a la responsable del Programa de Desarrollo End\u00f3geno. All\u00ed se acord\u00f3 que el Inces iniciar\u00e1 la formaci\u00f3n de Productor de Hortalizas en \u00c1reas Urbanas, la cual, comenz\u00f3 el 24 de octubre, con los representantes miembros de la sociedad de padres, el personal de la escuela y comunidad en general, que se integran a la instituci\u00f3n para formarse en el marco de desarrollar una actividad productiva, que beneficiar\u00e1 a un sector con aproximadamente mil habitantes.<\/span><\/p>\n<p style=\"text-align: justify;\"><span style=\"font-family: Arial,sans-serif;\">lt<\/span><\/p>\n","protected":false},"excerpt":{"rendered":"<p>** En el marco del lema \u201cEducando en Comunidad\u201d se integr\u00f3 la poblaci\u00f3n de Brisas del Golfo, a trav\u00e9s de las formaciones productivas y la reparaci\u00f3n de la U.E.B \u201cAl\u00ed Primera\u201d<\/p>\n","protected":false},"author":15,"featured_media":21575,"comment_status":"closed","ping_status":"closed","sticky":false,"template":"","format":"standard","meta":{"footnotes":""},"categories":[2],"tags":[],"class_list":["post-21572","post","type-post","status-publish","format-standard","has-post-thumbnail","hentry","category-blog"],"_links":{"self":[{"href":"https:\/\/inces.gob.ve\/index.php\/wp-json\/wp\/v2\/posts\/21572","targetHints":{"allow":["GET"]}}],"collection":[{"href":"https:\/\/inces.gob.ve\/index.php\/wp-json\/wp\/v2\/posts"}],"about":[{"href":"https:\/\/inces.gob.ve\/index.php\/wp-json\/wp\/v2\/types\/post"}],"author":[{"embeddable":true,"href":"https:\/\/inces.gob.ve\/index.php\/wp-json\/wp\/v2\/users\/15"}],"replies":[{"embeddable":true,"href":"https:\/\/inces.gob.ve\/index.php\/wp-json\/wp\/v2\/comments?post=21572"}],"version-history":[{"count":3,"href":"https:\/\/inces.gob.ve\/index.php\/wp-json\/wp\/v2\/posts\/21572\/revisions"}],"predecessor-version":[{"id":21589,"href":"https:\/\/inces.gob.ve\/index.php\/wp-json\/wp\/v2\/posts\/21572\/revisions\/21589"}],"wp:featuredmedia":[{"embeddable":true,"href":"https:\/\/inces.gob.ve\/index.php\/wp-json\/wp\/v2\/media\/21575"}],"wp:attachment":[{"href":"https:\/\/inces.gob.ve\/index.php\/wp-json\/wp\/v2\/media?parent=21572"}],"wp:term":[{"taxonomy":"category","embeddable":true,"href":"https:\/\/inces.gob.ve\/index.php\/wp-json\/wp\/v2\/categories?post=21572"},{"taxonomy":"post_tag","embeddable":true,"href":"https:\/\/inces.gob.ve\/index.php\/wp-json\/wp\/v2\/tags?post=21572"}],"curies":[{"name":"wp","href":"https:\/\/api.w.org\/{rel}","templated":true}]}}