{"id":21583,"date":"2018-10-30T05:47:38","date_gmt":"2018-10-30T11:47:38","guid":{"rendered":"http:\/\/www.inces.gob.ve\/?p=21583"},"modified":"2020-05-28T20:30:51","modified_gmt":"2020-05-29T00:30:51","slug":"inces-ofrece-herramientas-fundamentales-para-el-conocimiento-del-aporte-tributario","status":"publish","type":"post","link":"https:\/\/inces.gob.ve\/index.php\/2018\/10\/30\/inces-ofrece-herramientas-fundamentales-para-el-conocimiento-del-aporte-tributario\/","title":{"rendered":"Inces ofrece herramientas fundamentales para el conocimiento del aporte tributario"},"content":{"rendered":"<p style=\"text-align: justify;\" align=\"JUSTIFY\"><span style=\"font-size: 14pt;\"><strong><span style=\"font-family: arial,helvetica,sans-serif;\"><em>**La Gerencia de Tributos<\/em> <em>ofreci\u00f3 asesor\u00eda a las empresas del Estado y les explic\u00f3 los deberes que tienen con la instituci\u00f3n sobre el aporte tributario porque es importante para la econom\u00eda del pa\u00eds. \u00a1No entres en mora!<\/em><\/span><\/strong><\/span><\/p>\n<p style=\"text-align: justify;\"><span style=\"font-family: arial,helvetica,sans-serif; font-size: 14pt;\"><!--more--><\/span><\/p>\n<p align=\"JUSTIFY\">\n<p style=\"text-align: justify;\" align=\"JUSTIFY\"><span style=\"color: #000000; font-family: arial,helvetica,sans-serif; font-size: 14pt;\"><strong>Trina Pineda <\/strong><strong>|<\/strong><strong> sede <\/strong><\/span><\/p>\n<p align=\"JUSTIFY\">\n<p style=\"text-align: justify;\" align=\"JUSTIFY\"><span style=\"font-family: arial,helvetica,sans-serif; font-size: 14pt;\">Se desarroll\u00f3 un conversatorio en la terraza del piso 12 del edificio Sede del Inces, de la avenida Nueva Granada, con el Ministerio de Agricultura y sus entes adscritos para resaltar lo importante de estas empresas como agentes de retenci\u00f3n, a fin de que retengan pr\u00f3ximamente a sus trabajadores el 0,5 % de lo que se pagar\u00e1 por concepto de bonificaci\u00f3n de fin de a\u00f1o.<\/span><\/p>\n<p align=\"JUSTIFY\">\n<p style=\"text-align: justify;\" align=\"JUSTIFY\"><span style=\"font-family: arial,helvetica,sans-serif; font-size: 14pt;\">Los detalles del funcionamiento fue explicado por la gerente general de tributos Wianney Gelvez a las empresas, tal como lo establece el art\u00edculo 50 de la Ley del Inces, por ello se busca que las instituciones p\u00fablicas no entren en mora y cumplan con esta obligaci\u00f3n, pues es una responsabilidad que no sale del patrimonio de la instituci\u00f3n, sino que es un aporte del trabajador.<\/span><\/p>\n<p align=\"JUSTIFY\">\n<p style=\"text-align: justify;\"><span style=\"font-family: arial,helvetica,sans-serif; font-size: 14pt;\"><img loading=\"lazy\" decoding=\"async\" class=\"aligncenter wp-image-11640 size-full\" src=\"http:\/\/intranet.inces.gob.ve\/wp-content\/uploads\/2018\/10\/5aporte-tributario-.jpg\" alt=\"5aporte tributario\" width=\"800\" height=\"533\" \/><\/span><\/p>\n<p>&nbsp;<\/p>\n<p style=\"text-align: justify;\" align=\"JUSTIFY\"><span style=\"font-family: arial,helvetica,sans-serif; font-size: 14pt;\">Por otra parte, explic\u00f3 Gelvez sobre el aporte trimestral del 2%, que estas empresas del Estado est\u00e1n obligadas a cumplir con este tributo. En el conversatorio se inform\u00f3 a las empresas de los objetivos que realiza la instituci\u00f3n en cuanto a formaci\u00f3n, capacitaci\u00f3n, certificaci\u00f3n de saberes y los diferentes programas que tiene esta instituci\u00f3n para los trabajadores y para la juventud. <\/span><\/p>\n<p align=\"JUSTIFY\">\n<p style=\"text-align: justify;\" align=\"JUSTIFY\"><span style=\"font-family: arial,helvetica,sans-serif; font-size: 14pt;\">Como el Programa Nacional de Aprendizaje (PNA) y la Misi\u00f3n Chamba Juvenil dado que su naturaleza es incorporar a muchachos entre 14 y 18 a\u00f1os para su capacitaci\u00f3n para que luego ingresen al campo del trabajo.<\/span><\/p>\n<p align=\"JUSTIFY\">\n<p style=\"text-align: justify;\"><span style=\"font-family: arial,helvetica,sans-serif; font-size: 14pt;\"><img loading=\"lazy\" decoding=\"async\" class=\"aligncenter wp-image-11642 size-full\" src=\"http:\/\/intranet.inces.gob.ve\/wp-content\/uploads\/2018\/10\/2aporte-tributario-.jpg\" alt=\"2aporte tributario\" width=\"800\" height=\"516\" \/><\/span><\/p>\n<p>&nbsp;<\/p>\n<p style=\"text-align: justify;\" align=\"JUSTIFY\"><span style=\"font-family: arial,helvetica,sans-serif; font-size: 14pt;\">Fabricio Pineda de la Empresa Corporaci\u00f3n Agr\u00edcola, dijo que esta reuni\u00f3n ha sido productiva porque \u201cnos interesa capacitarnos en cuanto a la formaci\u00f3n de tributos, y al ingreso del Programa Nacional de Aprendizaje, esta empresa es del Estado y se dedica a la comercializaci\u00f3n y producci\u00f3n de alimentos\u201d.<\/span><\/p>\n<p align=\"JUSTIFY\">\n<p style=\"text-align: justify;\"><span style=\"font-family: arial,helvetica,sans-serif; font-size: 14pt;\"><img loading=\"lazy\" decoding=\"async\" class=\"aligncenter wp-image-11641 size-full\" src=\"http:\/\/intranet.inces.gob.ve\/wp-content\/uploads\/2018\/10\/4aporte-tributario-.jpg\" alt=\"4aporte tributario\" width=\"800\" height=\"514\" \/><\/span><\/p>\n<p>&nbsp;<\/p>\n<p style=\"text-align: justify;\" align=\"JUSTIFY\"><span style=\"font-family: arial,helvetica,sans-serif; font-size: 14pt;\">H\u00e9ctor Rodr\u00edguez de la Corporaci\u00f3n Socialista del Cacao, adscrito al Ministerio de Agricultura y Tierras, con sede en Caucagua, estado Miranda, adem\u00e1s con sedes en los estados M\u00e9rida Sucre, Anzo\u00e1tegui y Aragua, precis\u00f3 que el objetivo de esta corporaci\u00f3n es recolectar la mayor cantidad de cacao a nivel nacional, \u201cdistribuirlo a nuestras plantas para el proceso y sus derivados, luego lograr exportarlo. Estamos invitados a esta reuni\u00f3n para informarnos sobre los procedimientos del registro de empresa y el ingreso del Programa Nacional de Aprendizaje\u201d. <\/span><\/p>\n<p>&nbsp;<\/p>\n<p style=\"text-align: justify;\"><span style=\"font-family: arial,helvetica,sans-serif; font-size: 14pt;\">l.a.<\/span><\/p>\n","protected":false},"excerpt":{"rendered":"<p>**La Gerencia de Tributos ofreci\u00f3 asesor\u00eda a las empresas del Estado y les explic\u00f3 los deberes que tienen con la instituci\u00f3n sobre el aporte tributario porque es importante para la econom\u00eda del pa\u00eds. \u00a1No entres en mora!<\/p>\n","protected":false},"author":4,"featured_media":21586,"comment_status":"closed","ping_status":"open","sticky":false,"template":"","format":"standard","meta":{"footnotes":""},"categories":[2],"tags":[],"class_list":["post-21583","post","type-post","status-publish","format-standard","has-post-thumbnail","hentry","category-blog"],"_links":{"self":[{"href":"https:\/\/inces.gob.ve\/index.php\/wp-json\/wp\/v2\/posts\/21583","targetHints":{"allow":["GET"]}}],"collection":[{"href":"https:\/\/inces.gob.ve\/index.php\/wp-json\/wp\/v2\/posts"}],"about":[{"href":"https:\/\/inces.gob.ve\/index.php\/wp-json\/wp\/v2\/types\/post"}],"author":[{"embeddable":true,"href":"https:\/\/inces.gob.ve\/index.php\/wp-json\/wp\/v2\/users\/4"}],"replies":[{"embeddable":true,"href":"https:\/\/inces.gob.ve\/index.php\/wp-json\/wp\/v2\/comments?post=21583"}],"version-history":[{"count":3,"href":"https:\/\/inces.gob.ve\/index.php\/wp-json\/wp\/v2\/posts\/21583\/revisions"}],"predecessor-version":[{"id":21587,"href":"https:\/\/inces.gob.ve\/index.php\/wp-json\/wp\/v2\/posts\/21583\/revisions\/21587"}],"wp:featuredmedia":[{"embeddable":true,"href":"https:\/\/inces.gob.ve\/index.php\/wp-json\/wp\/v2\/media\/21586"}],"wp:attachment":[{"href":"https:\/\/inces.gob.ve\/index.php\/wp-json\/wp\/v2\/media?parent=21583"}],"wp:term":[{"taxonomy":"category","embeddable":true,"href":"https:\/\/inces.gob.ve\/index.php\/wp-json\/wp\/v2\/categories?post=21583"},{"taxonomy":"post_tag","embeddable":true,"href":"https:\/\/inces.gob.ve\/index.php\/wp-json\/wp\/v2\/tags?post=21583"}],"curies":[{"name":"wp","href":"https:\/\/api.w.org\/{rel}","templated":true}]}}