{"id":21634,"date":"2018-10-30T12:13:39","date_gmt":"2018-10-30T18:13:39","guid":{"rendered":"http:\/\/www.inces.gob.ve\/?p=21634"},"modified":"2020-05-28T20:30:51","modified_gmt":"2020-05-29T00:30:51","slug":"fundacion-infocentro-vargas-se-incorpora-a-certificacion-de-sus-trabajadores","status":"publish","type":"post","link":"https:\/\/inces.gob.ve\/index.php\/2018\/10\/30\/fundacion-infocentro-vargas-se-incorpora-a-certificacion-de-sus-trabajadores\/","title":{"rendered":"Fundaci\u00f3n Infocentro Vargas se incorpora a certificaci\u00f3n de sus trabajadores"},"content":{"rendered":"<p style=\"text-align: justify;\" align=\"justify\"><span style=\"font-family: Arial,sans-serif;\"><i><b>** La red inform\u00e1tica del estado desea formar parte del proceso de certificaci\u00f3n que ofrece el Inces <\/b><\/i><\/span><\/p>\n<p style=\"text-align: justify;\" align=\"justify\">\n<!--more--><\/p>\n<p style=\"text-align: justify;\" align=\"justify\"><span style=\"font-family: Arial,sans-serif;\"><b>ZUVALQUI DUARTE | Vargas<\/b><\/span><\/p>\n<p style=\"text-align: justify;\" align=\"justify\">\n<p style=\"text-align: justify;\" align=\"justify\"><span style=\"font-family: Arial,sans-serif;\">Muy productivo fue el encuentro en los espacios del Infocentro del sector \u201cEl Tr\u00e9bol\u201d, entre Jes\u00fas Oramas, jefe del centro de formaci\u00f3n socialista (CFS) \u201cUrimare\u201d y Yadira Castillo, coordinadora regional de la Fundaci\u00f3n Infocentro, para iniciar todo el proceso indicado para la certificaci\u00f3n y acreditaci\u00f3n de saberes emp\u00edricos y conocimientos en ejercicio, cursos regulares y talleres relacionados con el Petro para los trabajadores de esta noble instituci\u00f3n.<\/span><\/p>\n<p style=\"text-align: justify;\" align=\"justify\">\n<p style=\"text-align: justify;\" align=\"justify\">\u201c<span style=\"font-family: Arial,sans-serif;\">Con Infocentro hemos realizado una serie de abordajes que nos permitieron valorar las demandas formativas para dar respuesta inmediata a ellas, e iniciar prontamente estas actividades en el punto y c\u00edirculo del CFS \u201cUrimare\u201d, coment\u00f3 Oramas.<\/span><\/p>\n<p style=\"text-align: justify;\" align=\"justify\"><span style=\"font-family: Arial,sans-serif;\"><img loading=\"lazy\" decoding=\"async\" class=\"aligncenter wp-image-21637 size-full\" src=\"http:\/\/www.inces.gob.ve\/wp-content\/uploads\/2018\/10\/1Fundaci\u00f3n-Infocentro-Vargas.jpg\" alt=\"\" width=\"750\" height=\"487\" srcset=\"https:\/\/inces.gob.ve\/wp-content\/uploads\/2018\/10\/1Fundaci\u00f3n-Infocentro-Vargas.jpg 750w, https:\/\/inces.gob.ve\/wp-content\/uploads\/2018\/10\/1Fundaci\u00f3n-Infocentro-Vargas-300x195.jpg 300w\" sizes=\"auto, (max-width: 750px) 100vw, 750px\" \/><\/span><\/p>\n<p style=\"text-align: justify;\" align=\"justify\"><span style=\"font-family: Arial,sans-serif;\">La Fundaci\u00f3n Infocentro, en su af\u00e1n de promover la inclusi\u00f3n tecnol\u00f3gica de todas y todos los ciudadanos, dispone de un talento humano que est\u00e1 en contacto con las comunidades y tienen las herramientas del saber que facilitar\u00e1n su labor de manera asertiva y eficaz.<\/span><\/p>\n<p style=\"text-align: justify;\" align=\"justify\"><span style=\"font-family: Arial,sans-serif;\"><img loading=\"lazy\" decoding=\"async\" class=\"aligncenter wp-image-21636 size-full\" src=\"http:\/\/www.inces.gob.ve\/wp-content\/uploads\/2018\/10\/2Fundaci\u00f3n-Infocentro-Vargas.jpg\" alt=\"\" width=\"800\" height=\"600\" srcset=\"https:\/\/inces.gob.ve\/wp-content\/uploads\/2018\/10\/2Fundaci\u00f3n-Infocentro-Vargas.jpg 800w, https:\/\/inces.gob.ve\/wp-content\/uploads\/2018\/10\/2Fundaci\u00f3n-Infocentro-Vargas-300x225.jpg 300w, https:\/\/inces.gob.ve\/wp-content\/uploads\/2018\/10\/2Fundaci\u00f3n-Infocentro-Vargas-768x576.jpg 768w, https:\/\/inces.gob.ve\/wp-content\/uploads\/2018\/10\/2Fundaci\u00f3n-Infocentro-Vargas-136x102.jpg 136w\" sizes=\"auto, (max-width: 800px) 100vw, 800px\" \/><\/span><\/p>\n","protected":false},"excerpt":{"rendered":"<p>** La red inform\u00e1tica del estado desea formar parte del proceso de certificaci\u00f3n que ofrece el Inces<\/p>\n","protected":false},"author":15,"featured_media":21635,"comment_status":"closed","ping_status":"closed","sticky":false,"template":"","format":"standard","meta":{"footnotes":""},"categories":[2],"tags":[],"class_list":["post-21634","post","type-post","status-publish","format-standard","has-post-thumbnail","hentry","category-blog"],"_links":{"self":[{"href":"https:\/\/inces.gob.ve\/index.php\/wp-json\/wp\/v2\/posts\/21634","targetHints":{"allow":["GET"]}}],"collection":[{"href":"https:\/\/inces.gob.ve\/index.php\/wp-json\/wp\/v2\/posts"}],"about":[{"href":"https:\/\/inces.gob.ve\/index.php\/wp-json\/wp\/v2\/types\/post"}],"author":[{"embeddable":true,"href":"https:\/\/inces.gob.ve\/index.php\/wp-json\/wp\/v2\/users\/15"}],"replies":[{"embeddable":true,"href":"https:\/\/inces.gob.ve\/index.php\/wp-json\/wp\/v2\/comments?post=21634"}],"version-history":[{"count":1,"href":"https:\/\/inces.gob.ve\/index.php\/wp-json\/wp\/v2\/posts\/21634\/revisions"}],"predecessor-version":[{"id":21638,"href":"https:\/\/inces.gob.ve\/index.php\/wp-json\/wp\/v2\/posts\/21634\/revisions\/21638"}],"wp:featuredmedia":[{"embeddable":true,"href":"https:\/\/inces.gob.ve\/index.php\/wp-json\/wp\/v2\/media\/21635"}],"wp:attachment":[{"href":"https:\/\/inces.gob.ve\/index.php\/wp-json\/wp\/v2\/media?parent=21634"}],"wp:term":[{"taxonomy":"category","embeddable":true,"href":"https:\/\/inces.gob.ve\/index.php\/wp-json\/wp\/v2\/categories?post=21634"},{"taxonomy":"post_tag","embeddable":true,"href":"https:\/\/inces.gob.ve\/index.php\/wp-json\/wp\/v2\/tags?post=21634"}],"curies":[{"name":"wp","href":"https:\/\/api.w.org\/{rel}","templated":true}]}}